{"id":840,"date":"2020-11-04T07:37:03","date_gmt":"2020-11-04T07:37:03","guid":{"rendered":"https:\/\/altisk-karcag.hu\/?p=840"},"modified":"2024-08-14T09:35:22","modified_gmt":"2024-08-14T09:35:22","slug":"kiskulcsosiak-megemlekezese-1956-oktober-23-rol","status":"publish","type":"post","link":"https:\/\/altisk-karcag.hu\/?p=840","title":{"rendered":"Kiskulcsosiak megeml\u00e9kez\u00e9se 1956. okt\u00f3ber 23-r\u00f3l"},"content":{"rendered":"\n<p>Az 1956-os forradalom \u00e9s szabads\u00e1gharc tisztelet\u00e9re projekt d\u00e9lut\u00e1nt szervezt\u00fcnk iskol\u00e1nkban.<\/p>\n\n\n\n<p>Az oszt\u00e1lyok a term\u00fckben el\u00e9nekelve a Himnuszt, r\u00e1di\u00f3s megeml\u00e9kez\u00e9ssel hallgatt\u00e1k meg e jeles naphoz k\u00f6t\u0151d\u0151 esem\u00e9nyeket majd kezdet\u00e9t vette a csapatok pr\u00f3bat\u00e9tele:<\/p>\n\n\n\n<p>1956 m akad\u00e1lyfut\u00e1s, a forradalom jelk\u00e9p\u00e9v\u00e9 v\u00e1lt lyukas z\u00e1szl\u00f3k megfest\u00e9se, a kisebbeknek a keres\u00e9se, c\u00e9lbadob\u00e1s, puzzle, rejtv\u00e9nyfejt\u00e9s, filmr\u00e9szlet- \u00e9s a ki\u00e1ll\u00edt\u00e1s megtekint\u00e9se.<\/p>\n\n\n\n<p>K\u00f6sz\u00f6net a lelkes 8. oszt\u00e1lynak \u00e9s a seg\u00edt\u0151 nevel\u0151knek, hogy maradand\u00f3an, m\u00e9lt\u00f3 k\u00e9ppen tudtunk megeml\u00e9kezni 1956 h\u0151seir\u0151l.<\/p>\n\n\n\n<p>&nbsp;&nbsp;&nbsp;&nbsp;&nbsp;&nbsp;&nbsp;&nbsp;&nbsp;&nbsp;&nbsp;&nbsp;&nbsp;&nbsp;&nbsp;&nbsp;&nbsp;&nbsp;&nbsp;&nbsp;&nbsp;&nbsp;&nbsp;&nbsp;&nbsp;&nbsp;&nbsp;&nbsp;&nbsp;&nbsp;&nbsp;&nbsp;&nbsp;&nbsp;&nbsp;&nbsp;&nbsp;&nbsp;&nbsp;&nbsp;&nbsp;&nbsp;&nbsp;&nbsp;&nbsp;&nbsp;&nbsp;&nbsp;&nbsp;&nbsp;&nbsp;&nbsp;&nbsp;&nbsp;&nbsp;&nbsp;&nbsp;&nbsp;&nbsp;&nbsp;&nbsp;&nbsp;&nbsp;&nbsp;&nbsp;&nbsp;&nbsp;&nbsp;&nbsp;&nbsp;&nbsp;&nbsp;&nbsp;&nbsp;&nbsp;&nbsp;&nbsp;&nbsp;&nbsp;&nbsp;&nbsp;&nbsp;&nbsp;&nbsp;&nbsp;&nbsp;&nbsp;&nbsp;&nbsp;&nbsp;&nbsp;Horv\u00e1thn\u00e9 Pandur T\u00fcnde R\u00f3za<\/p>\n\n\n\n<p>&nbsp;&nbsp;&nbsp;&nbsp;&nbsp;&nbsp;&nbsp;&nbsp;&nbsp;&nbsp;&nbsp;&nbsp;&nbsp;&nbsp;&nbsp;&nbsp;&nbsp;&nbsp;&nbsp;&nbsp;&nbsp;&nbsp;&nbsp;&nbsp;&nbsp;&nbsp;&nbsp;&nbsp;&nbsp;&nbsp;&nbsp;&nbsp;&nbsp;&nbsp;&nbsp;&nbsp;&nbsp;&nbsp;&nbsp;&nbsp;&nbsp;&nbsp;&nbsp;&nbsp;&nbsp;&nbsp;&nbsp;&nbsp;&nbsp;&nbsp;&nbsp;&nbsp;&nbsp;&nbsp;&nbsp;&nbsp;&nbsp;&nbsp;&nbsp;&nbsp;&nbsp;&nbsp;&nbsp;&nbsp;&nbsp;&nbsp;&nbsp;&nbsp;&nbsp;&nbsp;&nbsp;&nbsp;&nbsp;&nbsp;&nbsp;&nbsp;&nbsp;&nbsp;&nbsp;&nbsp;&nbsp;&nbsp;&nbsp;&nbsp;&nbsp;&nbsp;&nbsp;&nbsp;&nbsp;&nbsp;&nbsp;&nbsp;&nbsp;&nbsp;&nbsp;&nbsp;&nbsp;&nbsp;&nbsp;&nbsp;&nbsp;&nbsp;&nbsp;&nbsp;&nbsp;&nbsp;&nbsp;projektfelel\u0151s<\/p>\n\n\n\n<div class=\"alignnormal\"><div id=\"metaslider-id-842\" style=\"max-width: 1000px; margin: 0 auto;\" class=\"ml-slider-3-37-0 metaslider metaslider-coin metaslider-842 ml-slider ms-theme-default\" role=\"region\" aria-roledescription=\"Slideshow\" aria-label=\"New Slideshow\">\n    <div id=\"metaslider_container_842\">\n        <div id='metaslider_842' class='coin-slider'>\n<a href=\"javascript:void(0)\" target=\"_self\"><img src=\"https:\/\/altisk-karcag.hu\/wp-content\/uploads\/2020\/11\/DSC_0083-1000x700.jpg\" height=\"700\" width=\"1000\" alt=\"\" class=\"slider-842 slide-855\" title=\"DSC_0083\" style=\"display: none;\" \/><\/a>\n<a href=\"javascript:void(0)\" target=\"_self\"><img src=\"https:\/\/altisk-karcag.hu\/wp-content\/uploads\/2020\/11\/DSC_0090-1000x700.jpg\" height=\"700\" width=\"1000\" alt=\"\" class=\"slider-842 slide-856\" title=\"DSC_0090\" style=\"display: none;\" \/><\/a>\n<a href=\"javascript:void(0)\" target=\"_self\"><img src=\"https:\/\/altisk-karcag.hu\/wp-content\/uploads\/2020\/11\/DSC_0091-1000x700.jpg\" height=\"700\" width=\"1000\" alt=\"\" class=\"slider-842 slide-857\" title=\"DSC_0091\" style=\"display: none;\" \/><\/a>\n<a href=\"javascript:void(0)\" target=\"_self\"><img src=\"https:\/\/altisk-karcag.hu\/wp-content\/uploads\/2020\/11\/DSC_0093-1000x700.jpg\" height=\"700\" width=\"1000\" alt=\"\" class=\"slider-842 slide-858\" title=\"DSC_0093\" style=\"display: none;\" \/><\/a>\n<a href=\"javascript:void(0)\" target=\"_self\"><img src=\"https:\/\/altisk-karcag.hu\/wp-content\/uploads\/2020\/11\/DSC_0057-1000x700.jpg\" height=\"700\" width=\"1000\" alt=\"\" class=\"slider-842 slide-859\" title=\"DSC_0057\" style=\"display: none;\" \/><\/a>\n<a href=\"javascript:void(0)\" target=\"_self\"><img src=\"https:\/\/altisk-karcag.hu\/wp-content\/uploads\/2020\/11\/DSC_0063-1000x700.jpg\" height=\"700\" width=\"1000\" alt=\"\" class=\"slider-842 slide-860\" title=\"DSC_0063\" style=\"display: none;\" \/><\/a>\n<a href=\"javascript:void(0)\" target=\"_self\"><img src=\"https:\/\/altisk-karcag.hu\/wp-content\/uploads\/2020\/11\/DSC_0065-1000x700.jpg\" height=\"700\" width=\"1000\" alt=\"\" class=\"slider-842 slide-861\" title=\"DSC_0065\" style=\"display: none;\" \/><\/a>\n<a href=\"javascript:void(0)\" target=\"_self\"><img src=\"https:\/\/altisk-karcag.hu\/wp-content\/uploads\/2020\/11\/DSC_0067-1000x700.jpg\" height=\"700\" width=\"1000\" alt=\"\" class=\"slider-842 slide-862\" title=\"DSC_0067\" style=\"display: none;\" \/><\/a>\n<a href=\"javascript:void(0)\" target=\"_self\"><img src=\"https:\/\/altisk-karcag.hu\/wp-content\/uploads\/2020\/11\/DSC_0069-1000x700.jpg\" height=\"700\" width=\"1000\" alt=\"\" class=\"slider-842 slide-863\" title=\"DSC_0069\" style=\"display: none;\" \/><\/a>\n<a href=\"javascript:void(0)\" target=\"_self\"><img src=\"https:\/\/altisk-karcag.hu\/wp-content\/uploads\/2020\/11\/DSC_0073-1000x700.jpg\" height=\"700\" width=\"1000\" alt=\"\" class=\"slider-842 slide-864\" title=\"DSC_0073\" style=\"display: none;\" \/><\/a>\n<a href=\"javascript:void(0)\" target=\"_self\"><img src=\"https:\/\/altisk-karcag.hu\/wp-content\/uploads\/2020\/11\/DSC_0074-1000x700.jpg\" height=\"700\" width=\"1000\" alt=\"\" class=\"slider-842 slide-865\" title=\"DSC_0074\" style=\"display: none;\" \/><\/a>\n<a href=\"javascript:void(0)\" target=\"_self\"><img src=\"https:\/\/altisk-karcag.hu\/wp-content\/uploads\/2020\/11\/DSC_0081-rotated-768x537.jpg\" height=\"700\" width=\"1000\" alt=\"\" class=\"slider-842 slide-866\" title=\"DSC_0081\" style=\"display: none;\" \/><\/a>\n        <\/div>\n        \n    <\/div>\n<\/div><\/div>\n","protected":false},"excerpt":{"rendered":"<p>Az 1956-os forradalom \u00e9s szabads\u00e1gharc tisztelet\u00e9re projekt d\u00e9lut\u00e1nt szervezt\u00fcnk iskol\u00e1nkban. Az oszt\u00e1lyok a term\u00fckben el\u00e9nekelve a Himnuszt, r\u00e1di\u00f3s megeml\u00e9kez\u00e9ssel hallgatt\u00e1k meg e jeles naphoz k\u00f6t\u0151d\u0151 esem\u00e9nyeket majd kezdet\u00e9t vette a csapatok pr\u00f3bat\u00e9tele: 1956 m akad\u00e1lyfut\u00e1s, a forradalom jelk\u00e9p\u00e9v\u00e9 v\u00e1lt lyukas z\u00e1szl\u00f3k megfest\u00e9se, a kisebbeknek a keres\u00e9se, c\u00e9lbadob\u00e1s, puzzle, rejtv\u00e9nyfejt\u00e9s, filmr\u00e9szlet- &hellip;<\/p>\n","protected":false},"author":1,"featured_media":846,"comment_status":"closed","ping_status":"closed","sticky":false,"template":"","format":"standard","meta":{"footnotes":""},"categories":[10],"tags":[],"_links":{"self":[{"href":"https:\/\/altisk-karcag.hu\/index.php?rest_route=\/wp\/v2\/posts\/840"}],"collection":[{"href":"https:\/\/altisk-karcag.hu\/index.php?rest_route=\/wp\/v2\/posts"}],"about":[{"href":"https:\/\/altisk-karcag.hu\/index.php?rest_route=\/wp\/v2\/types\/post"}],"author":[{"embeddable":true,"href":"https:\/\/altisk-karcag.hu\/index.php?rest_route=\/wp\/v2\/users\/1"}],"replies":[{"embeddable":true,"href":"https:\/\/altisk-karcag.hu\/index.php?rest_route=%2Fwp%2Fv2%2Fcomments&post=840"}],"version-history":[{"count":2,"href":"https:\/\/altisk-karcag.hu\/index.php?rest_route=\/wp\/v2\/posts\/840\/revisions"}],"predecessor-version":[{"id":867,"href":"https:\/\/altisk-karcag.hu\/index.php?rest_route=\/wp\/v2\/posts\/840\/revisions\/867"}],"wp:featuredmedia":[{"embeddable":true,"href":"https:\/\/altisk-karcag.hu\/index.php?rest_route=\/wp\/v2\/media\/846"}],"wp:attachment":[{"href":"https:\/\/altisk-karcag.hu\/index.php?rest_route=%2Fwp%2Fv2%2Fmedia&parent=840"}],"wp:term":[{"taxonomy":"category","embeddable":true,"href":"https:\/\/altisk-karcag.hu\/index.php?rest_route=%2Fwp%2Fv2%2Fcategories&post=840"},{"taxonomy":"post_tag","embeddable":true,"href":"https:\/\/altisk-karcag.hu\/index.php?rest_route=%2Fwp%2Fv2%2Ftags&post=840"}],"curies":[{"name":"wp","href":"https:\/\/api.w.org\/{rel}","templated":true}]}}