{"id":791,"date":"2020-10-16T06:42:58","date_gmt":"2020-10-16T06:42:58","guid":{"rendered":"https:\/\/altisk-karcag.hu\/?p=791"},"modified":"2024-08-14T09:35:44","modified_gmt":"2024-08-14T09:35:44","slug":"orszagos-elso-a-kiskulcsos","status":"publish","type":"post","link":"https:\/\/altisk-karcag.hu\/?p=791","title":{"rendered":"Orsz\u00e1gos els\u0151 a Kiskulcsos"},"content":{"rendered":"\n<p>Mindig j\u00f3les\u0151 \u00e9rz\u00e9s, ha a hosszas, befektetett munka meghozza gy\u00fcm\u00f6lcs\u00e9t. Az el\u0151z\u0151tan\u00e9vben megkezdett folyamat v\u00e9g\u00e9re ker\u00fclt most pont, 2020. okt\u00f3ber 9-\u00e9n megrendezt\u00e9k a Curie K\u00f6rnyezetv\u00e9delmi Eml\u00e9kverseny Orsz\u00e1gos d\u00f6nt\u0151j\u00e9t. A vesz\u00e9lyhelyzet miatt tavasszal elhalasztott versenyre online ker\u00fclt sor. Tagint\u00e9zm\u00e9ny\u00fcnk akkori 4. oszt\u00e1lyos csapata jutott be a d\u00f6nt\u0151re, ahov\u00e1 egy kisel\u0151ad\u00e1st kellett k\u00e9sz\u00edteni\u00fck valamelyik Hungarikumb\u00f3l. B\u00fcszke karcagik\u00e9nt, mit is v\u00e1laszthattak volna t\u00e9m\u00e1nak, mint a birkap\u00f6rk\u00f6ltet. N\u00e9pviseletet \u00f6lt\u00f6ttek, megf\u0151zt\u00e9k az \u00e9telt, a folyamatot vide\u00f3ra vett\u00e9k, \u00e9s mint ut\u00f3bb kider\u00fclt, a szakmai b\u00edr\u00e1l\u00f3bizotts\u00e1g a filmj\u00fcket a legjobbnak \u00e9rt\u00e9kelte. A szombati napon ker\u00fclt sor az \u00fcnnep\u00e9lyes megnyit\u00f3ra, majd a feladatok online megold\u00e1s\u00e1ra. Vas\u00e1rnap m\u00e1r mindenki izgatottan v\u00e1rta az eredm\u00e9nyhirdet\u00e9st, ahol nagy \u00f6r\u00f6m\u00fcnkre, a Kiskulcsosi csapat v\u00e9gzett az \u00e9len. Gratul\u00e1lok az eredm\u00e9nyes versenyhez, tov\u00e1bbi sikereket k\u00edv\u00e1nok! <\/p>\n\n\n\n<p>A gy\u0151ztes csapattagjai: Madar\u00e1sz Lili\u00e1na, Bodn\u00e1r Dominik, Rimaszombati M\u00e1t\u00e9. <br>Felk\u00e9sz\u00edt\u0151 pedag\u00f3gusuk:Kiss- Andr\u00e1si Erika.<\/p>\n\n\n\n<p>Mester Anik\u00f3<br>tagint\u00e9zm\u00e9ny- vezet\u0151<\/p>\n\n\n\n<div class=\"wp-block-blockgallery-masonry\"><div class=\"blockgallery has-no-alignment has-caption-style-dark has-gutter\"><ul class=\"has-grid-xlrg has-gutter-15 has-gutter-mobile-15\"><li class=\"blockgallery--item\"><figure class=\"blockgallery--figure\"><img decoding=\"async\" loading=\"lazy\" width=\"1024\" height=\"575\" src=\"https:\/\/altisk-karcag.hu\/wp-content\/uploads\/2020\/10\/IMG_0005-1024x575.jpg\" alt=\"\" data-id=\"793\" data-link=\"https:\/\/altisk-karcag.hu\/?attachment_id=793\" class=\"wp-image-793\" srcset=\"https:\/\/altisk-karcag.hu\/wp-content\/uploads\/2020\/10\/IMG_0005-1024x575.jpg 1024w, https:\/\/altisk-karcag.hu\/wp-content\/uploads\/2020\/10\/IMG_0005-300x168.jpg 300w, https:\/\/altisk-karcag.hu\/wp-content\/uploads\/2020\/10\/IMG_0005-768x431.jpg 768w, https:\/\/altisk-karcag.hu\/wp-content\/uploads\/2020\/10\/IMG_0005-150x84.jpg 150w, https:\/\/altisk-karcag.hu\/wp-content\/uploads\/2020\/10\/IMG_0005-1200x674.jpg 1200w, https:\/\/altisk-karcag.hu\/wp-content\/uploads\/2020\/10\/IMG_0005.jpg 1366w\" sizes=\"(max-width: 1024px) 100vw, 1024px\" \/><\/figure><\/li><li class=\"blockgallery--item\"><figure class=\"blockgallery--figure\"><img decoding=\"async\" loading=\"lazy\" width=\"1024\" height=\"648\" src=\"https:\/\/altisk-karcag.hu\/wp-content\/uploads\/2020\/10\/Curie-1024x648.jpg\" alt=\"\" data-id=\"792\" data-link=\"https:\/\/altisk-karcag.hu\/?attachment_id=792\" class=\"wp-image-792\" srcset=\"https:\/\/altisk-karcag.hu\/wp-content\/uploads\/2020\/10\/Curie-1024x648.jpg 1024w, https:\/\/altisk-karcag.hu\/wp-content\/uploads\/2020\/10\/Curie-300x190.jpg 300w, https:\/\/altisk-karcag.hu\/wp-content\/uploads\/2020\/10\/Curie-768x486.jpg 768w, https:\/\/altisk-karcag.hu\/wp-content\/uploads\/2020\/10\/Curie-150x95.jpg 150w, https:\/\/altisk-karcag.hu\/wp-content\/uploads\/2020\/10\/Curie-1200x759.jpg 1200w, https:\/\/altisk-karcag.hu\/wp-content\/uploads\/2020\/10\/Curie.jpg 1214w\" sizes=\"(max-width: 1024px) 100vw, 1024px\" \/><\/figure><\/li><\/ul><\/div><\/div>\n","protected":false},"excerpt":{"rendered":"<p>Mindig j\u00f3les\u0151 \u00e9rz\u00e9s, ha a hosszas, befektetett munka meghozza gy\u00fcm\u00f6lcs\u00e9t. Az el\u0151z\u0151tan\u00e9vben megkezdett folyamat v\u00e9g\u00e9re ker\u00fclt most pont, 2020. okt\u00f3ber 9-\u00e9n megrendezt\u00e9k a Curie K\u00f6rnyezetv\u00e9delmi Eml\u00e9kverseny Orsz\u00e1gos d\u00f6nt\u0151j\u00e9t. A vesz\u00e9lyhelyzet miatt tavasszal elhalasztott versenyre online ker\u00fclt sor. Tagint\u00e9zm\u00e9ny\u00fcnk akkori 4. oszt\u00e1lyos csapata jutott be a d\u00f6nt\u0151re, ahov\u00e1 egy kisel\u0151ad\u00e1st kellett &hellip;<\/p>\n","protected":false},"author":1,"featured_media":792,"comment_status":"closed","ping_status":"closed","sticky":false,"template":"","format":"standard","meta":{"footnotes":""},"categories":[10],"tags":[],"_links":{"self":[{"href":"https:\/\/altisk-karcag.hu\/index.php?rest_route=\/wp\/v2\/posts\/791"}],"collection":[{"href":"https:\/\/altisk-karcag.hu\/index.php?rest_route=\/wp\/v2\/posts"}],"about":[{"href":"https:\/\/altisk-karcag.hu\/index.php?rest_route=\/wp\/v2\/types\/post"}],"author":[{"embeddable":true,"href":"https:\/\/altisk-karcag.hu\/index.php?rest_route=\/wp\/v2\/users\/1"}],"replies":[{"embeddable":true,"href":"https:\/\/altisk-karcag.hu\/index.php?rest_route=%2Fwp%2Fv2%2Fcomments&post=791"}],"version-history":[{"count":2,"href":"https:\/\/altisk-karcag.hu\/index.php?rest_route=\/wp\/v2\/posts\/791\/revisions"}],"predecessor-version":[{"id":795,"href":"https:\/\/altisk-karcag.hu\/index.php?rest_route=\/wp\/v2\/posts\/791\/revisions\/795"}],"wp:featuredmedia":[{"embeddable":true,"href":"https:\/\/altisk-karcag.hu\/index.php?rest_route=\/wp\/v2\/media\/792"}],"wp:attachment":[{"href":"https:\/\/altisk-karcag.hu\/index.php?rest_route=%2Fwp%2Fv2%2Fmedia&parent=791"}],"wp:term":[{"taxonomy":"category","embeddable":true,"href":"https:\/\/altisk-karcag.hu\/index.php?rest_route=%2Fwp%2Fv2%2Fcategories&post=791"},{"taxonomy":"post_tag","embeddable":true,"href":"https:\/\/altisk-karcag.hu\/index.php?rest_route=%2Fwp%2Fv2%2Ftags&post=791"}],"curies":[{"name":"wp","href":"https:\/\/api.w.org\/{rel}","templated":true}]}}