{"id":758,"date":"2020-09-07T09:47:39","date_gmt":"2020-09-07T09:47:39","guid":{"rendered":"https:\/\/altisk-karcag.hu\/?p=758"},"modified":"2024-08-14T09:36:13","modified_gmt":"2024-08-14T09:36:13","slug":"intezkedesi-terv","status":"publish","type":"post","link":"https:\/\/altisk-karcag.hu\/?p=758","title":{"rendered":"Int\u00e9zked\u00e9si terv"},"content":{"rendered":"\n<p>a 2020\/2021. tan\u00e9vben a Karcagi \u00c1ltal\u00e1nos Iskola \u00e9s Alapfok\u00fa M\u0171v\u00e9szeti Iskola valamennyi tagint\u00e9zm\u00e9ny\u00e9ben a j\u00e1rv\u00e1ny\u00fcgyi k\u00e9szenl\u00e9t idej\u00e9n alkalmazand\u00f3 elj\u00e1r\u00e1srendr\u0151l.<\/p>\n\n\n<a href=\"https:\/\/altisk-karcag.hu\/wp-content\/uploads\/2020\/09\/Int\u00e9zked\u00e9si-terv-j\u00e1rv\u00e1ny\u00fcgyi-k\u00e9szenl\u00e9t-idej\u00e9re.pdf\" class=\"pdfemb-viewer\" style=\"width: 1100px; \" data-width=\"1100\" data-height=\"max\"  data-toolbar=\"both\" data-toolbar-fixed=\"off\">Int\u00e9zked\u00e9si-terv-j\u00e1rv\u00e1ny\u00fcgyi-k\u00e9szenl\u00e9t-idej\u00e9re<br\/><\/a>\n<p class=\"wp-block-pdfemb-pdf-embedder-viewer\"><\/p>\n","protected":false},"excerpt":{"rendered":"<p>a 2020\/2021. tan\u00e9vben a Karcagi \u00c1ltal\u00e1nos Iskola \u00e9s Alapfok\u00fa M\u0171v\u00e9szeti Iskola valamennyi tagint\u00e9zm\u00e9ny\u00e9ben a j\u00e1rv\u00e1ny\u00fcgyi k\u00e9szenl\u00e9t idej\u00e9n alkalmazand\u00f3 elj\u00e1r\u00e1srendr\u0151l.<\/p>\n","protected":false},"author":1,"featured_media":760,"comment_status":"closed","ping_status":"closed","sticky":false,"template":"","format":"standard","meta":{"footnotes":""},"categories":[13,10,11],"tags":[],"_links":{"self":[{"href":"https:\/\/altisk-karcag.hu\/index.php?rest_route=\/wp\/v2\/posts\/758"}],"collection":[{"href":"https:\/\/altisk-karcag.hu\/index.php?rest_route=\/wp\/v2\/posts"}],"about":[{"href":"https:\/\/altisk-karcag.hu\/index.php?rest_route=\/wp\/v2\/types\/post"}],"author":[{"embeddable":true,"href":"https:\/\/altisk-karcag.hu\/index.php?rest_route=\/wp\/v2\/users\/1"}],"replies":[{"embeddable":true,"href":"https:\/\/altisk-karcag.hu\/index.php?rest_route=%2Fwp%2Fv2%2Fcomments&post=758"}],"version-history":[{"count":1,"href":"https:\/\/altisk-karcag.hu\/index.php?rest_route=\/wp\/v2\/posts\/758\/revisions"}],"predecessor-version":[{"id":761,"href":"https:\/\/altisk-karcag.hu\/index.php?rest_route=\/wp\/v2\/posts\/758\/revisions\/761"}],"wp:featuredmedia":[{"embeddable":true,"href":"https:\/\/altisk-karcag.hu\/index.php?rest_route=\/wp\/v2\/media\/760"}],"wp:attachment":[{"href":"https:\/\/altisk-karcag.hu\/index.php?rest_route=%2Fwp%2Fv2%2Fmedia&parent=758"}],"wp:term":[{"taxonomy":"category","embeddable":true,"href":"https:\/\/altisk-karcag.hu\/index.php?rest_route=%2Fwp%2Fv2%2Fcategories&post=758"},{"taxonomy":"post_tag","embeddable":true,"href":"https:\/\/altisk-karcag.hu\/index.php?rest_route=%2Fwp%2Fv2%2Ftags&post=758"}],"curies":[{"name":"wp","href":"https:\/\/api.w.org\/{rel}","templated":true}]}}