{"id":654,"date":"2020-05-04T15:19:05","date_gmt":"2020-05-04T15:19:05","guid":{"rendered":"https:\/\/altisk-karcag.hu\/?p=654"},"modified":"2024-08-14T09:37:00","modified_gmt":"2024-08-14T09:37:00","slug":"online-jelentkezes-muveszeti-iskolai-novendekek-reszere-a-2020-2021-es-tanevre","status":"publish","type":"post","link":"https:\/\/altisk-karcag.hu\/?p=654","title":{"rendered":"Online Jelentkez\u00e9s M\u0171v\u00e9szeti Iskolai  N\u00f6vend\u00e9kek R\u00e9sz\u00e9re a 2020\/2021-es Tan\u00e9vre"},"content":{"rendered":"<p style=\"text-align: justify;\"><span style=\"font-weight: 400;\">M\u0171v\u00e9szeti Iskol\u00e1nk 2020\/2021-es tan\u00e9vre sz\u00f3l\u00f3 tavaszi felv\u00e9telije a koronav\u00edrussal kapcsolatban kialakult helyzet miatt m\u00f3dosul.&nbsp;<\/span><\/p>\n<p style=\"text-align: justify;\"><b>ONLINE JELENTKEZ\u00c9ST FOGADUNK, amelyre 2020. m\u00e1jus 29-ig van lehet\u0151s\u00e9g.&nbsp;<\/b><\/p>\n<p style=\"text-align: justify;\"><b>Ez egy el\u0151zetes felm\u00e9r\u00e9s, mely nem helyettes\u00edti a beiratkoz\u00e1st.<\/b><span style=\"font-weight: 400;\"> Azt a \u201ev\u00e9szhelyzet\u201d enyh\u00fclt\u00e9vel augusztus utols\u00f3, \u00e9s szeptember els\u0151 het\u00e9ben \u00edr\u00e1sban is meg kell tennie a szok\u00e1sos formanyomtatv\u00e1nyokon, melyet a sz\u00fcl\u0151i al\u00e1\u00edr\u00e1s hiteles\u00edt.<\/span><\/p>\n<p style=\"text-align: justify;\"><span style=\"font-weight: 400;\">K\u00e9rd\u00e9s eset\u00e9n e-mailben (kgzenede@gmail.com) sz\u00edvesen \u00e1llunk rendelkez\u00e9s\u00fckre.<\/span><\/p>\n\n\n<p class=\"has-text-align-center\"><iframe loading=\"lazy\" src=\"https:\/\/docs.google.com\/forms\/d\/e\/1FAIpQLSfdmuLbANubm027cfQAH90wKS-rgMwRrneuJ1D6EIT8tYtHgw\/viewform?embedded=true\" width=\"900\" height=\"1580\" frameborder=\"0\" marginheight=\"0\" marginwidth=\"0\">Bet\u00f6lt\u00e9s\u2026<\/iframe><\/p>\n","protected":false},"excerpt":{"rendered":"<p>M\u0171v\u00e9szeti Iskol\u00e1nk 2020\/2021-es tan\u00e9vre sz\u00f3l\u00f3 tavaszi felv\u00e9telije a koronav\u00edrussal kapcsolatban kialakult helyzet miatt m\u00f3dosul.&nbsp; ONLINE JELENTKEZ\u00c9ST FOGADUNK, amelyre 2020. m\u00e1jus 29-ig van lehet\u0151s\u00e9g.&nbsp; Ez egy el\u0151zetes felm\u00e9r\u00e9s, mely nem helyettes\u00edti a beiratkoz\u00e1st. Azt a \u201ev\u00e9szhelyzet\u201d enyh\u00fclt\u00e9vel augusztus utols\u00f3, \u00e9s szeptember els\u0151 het\u00e9ben \u00edr\u00e1sban is meg kell tennie a szok\u00e1sos formanyomtatv\u00e1nyokon, &hellip;<\/p>\n","protected":false},"author":1,"featured_media":655,"comment_status":"closed","ping_status":"closed","sticky":false,"template":"","format":"standard","meta":{"footnotes":""},"categories":[13],"tags":[],"_links":{"self":[{"href":"https:\/\/altisk-karcag.hu\/index.php?rest_route=\/wp\/v2\/posts\/654"}],"collection":[{"href":"https:\/\/altisk-karcag.hu\/index.php?rest_route=\/wp\/v2\/posts"}],"about":[{"href":"https:\/\/altisk-karcag.hu\/index.php?rest_route=\/wp\/v2\/types\/post"}],"author":[{"embeddable":true,"href":"https:\/\/altisk-karcag.hu\/index.php?rest_route=\/wp\/v2\/users\/1"}],"replies":[{"embeddable":true,"href":"https:\/\/altisk-karcag.hu\/index.php?rest_route=%2Fwp%2Fv2%2Fcomments&post=654"}],"version-history":[{"count":5,"href":"https:\/\/altisk-karcag.hu\/index.php?rest_route=\/wp\/v2\/posts\/654\/revisions"}],"predecessor-version":[{"id":662,"href":"https:\/\/altisk-karcag.hu\/index.php?rest_route=\/wp\/v2\/posts\/654\/revisions\/662"}],"wp:featuredmedia":[{"embeddable":true,"href":"https:\/\/altisk-karcag.hu\/index.php?rest_route=\/wp\/v2\/media\/655"}],"wp:attachment":[{"href":"https:\/\/altisk-karcag.hu\/index.php?rest_route=%2Fwp%2Fv2%2Fmedia&parent=654"}],"wp:term":[{"taxonomy":"category","embeddable":true,"href":"https:\/\/altisk-karcag.hu\/index.php?rest_route=%2Fwp%2Fv2%2Fcategories&post=654"},{"taxonomy":"post_tag","embeddable":true,"href":"https:\/\/altisk-karcag.hu\/index.php?rest_route=%2Fwp%2Fv2%2Ftags&post=654"}],"curies":[{"name":"wp","href":"https:\/\/api.w.org\/{rel}","templated":true}]}}