{"id":629,"date":"2020-04-03T11:11:05","date_gmt":"2020-04-03T11:11:05","guid":{"rendered":"https:\/\/altisk-karcag.hu\/?p=629"},"modified":"2024-08-14T09:37:29","modified_gmt":"2024-08-14T09:37:29","slug":"szuloi-tajekoztato-altalanos-iskolai-beiratkozasrol","status":"publish","type":"post","link":"https:\/\/altisk-karcag.hu\/?p=629","title":{"rendered":"Sz\u00fcl\u0151i T\u00e1j\u00e9koztat\u00f3 \u00c1ltal\u00e1nos Iskolai Beiratkoz\u00e1sr\u00f3l"},"content":{"rendered":"<p style=\"text-align: center;\">Tisztelt Sz\u00fcl\u0151\/T\u00f6rv\u00e9nyes K\u00e9pvisel\u0151!<\/p>\n<p style=\"text-align: justify;\">Tekintettel a vesz\u00e9lyhelyzet kihirdet\u00e9s\u00e9r\u0151l sz\u00f3l\u00f3 40\/2020. (III. 11.) Korm. rendeletre, az \u00e1ltal\u00e1nos iskolai beiratkoz\u00e1s folyamata a 2020\/2021. tan\u00edt\u00e1si \u00e9vre vonatkoz\u00f3an az emberi er\u0151forr\u00e1sok minisztere 7\/2020. (III. 25.) EMMI hat\u00e1rozata alapj\u00e1n t\u00f6rt\u00e9nik. Jelen t\u00e1j\u00e9koztat\u00f3 level\u00fcnk a 2020\/2021. tan\u00e9vre t\u00f6rt\u00e9n\u0151 \u00e1ltal\u00e1nos iskolai beiratkoz\u00e1ssal kapcsolatos fontos sz\u00fcl\u0151i feladatokat tartalmazza a Karcagi \u00c1ltal\u00e1nos Iskola \u00e9s Alapfok\u00fa M\u0171v\u00e9szeti Iskola tekintet\u00e9ben.<\/p>\n<p>K\u00e9rj\u00fck, figyelmesen olvassa el!<\/p>\n\n<a href=\"https:\/\/altisk-karcag.hu\/wp-content\/uploads\/2020\/04\/Sz\u00fcl\u0151i-T\u00e1j\u00e9koztat\u00f3-\u00c1ltal\u00e1nos-Iskolai-Beiratkoz\u00e1sr\u00f3l.pdf\" class=\"pdfemb-viewer\" style=\"width: 1100px; \" data-width=\"1100\" data-height=\"max\"  data-toolbar=\"both\" data-toolbar-fixed=\"off\">Sz\u00fcl\u0151i-T\u00e1j\u00e9koztat\u00f3-\u00c1ltal\u00e1nos-Iskolai-Beiratkoz\u00e1sr\u00f3l<br\/><\/a>\n<p class=\"wp-block-pdfemb-pdf-embedder-viewer\"><\/p>\n\n\n\n<p><\/p>\n","protected":false},"excerpt":{"rendered":"<p>Tisztelt Sz\u00fcl\u0151\/T\u00f6rv\u00e9nyes K\u00e9pvisel\u0151! Tekintettel a vesz\u00e9lyhelyzet kihirdet\u00e9s\u00e9r\u0151l sz\u00f3l\u00f3 40\/2020. (III. 11.) Korm. rendeletre, az \u00e1ltal\u00e1nos iskolai beiratkoz\u00e1s folyamata a 2020\/2021. tan\u00edt\u00e1si \u00e9vre vonatkoz\u00f3an az emberi er\u0151forr\u00e1sok minisztere 7\/2020. (III. 25.) EMMI hat\u00e1rozata alapj\u00e1n t\u00f6rt\u00e9nik. Jelen t\u00e1j\u00e9koztat\u00f3 level\u00fcnk a 2020\/2021. tan\u00e9vre t\u00f6rt\u00e9n\u0151 \u00e1ltal\u00e1nos iskolai beiratkoz\u00e1ssal kapcsolatos fontos sz\u00fcl\u0151i feladatokat tartalmazza a &hellip;<\/p>\n","protected":false},"author":1,"featured_media":633,"comment_status":"closed","ping_status":"closed","sticky":false,"template":"","format":"standard","meta":{"footnotes":""},"categories":[9],"tags":[],"_links":{"self":[{"href":"https:\/\/altisk-karcag.hu\/index.php?rest_route=\/wp\/v2\/posts\/629"}],"collection":[{"href":"https:\/\/altisk-karcag.hu\/index.php?rest_route=\/wp\/v2\/posts"}],"about":[{"href":"https:\/\/altisk-karcag.hu\/index.php?rest_route=\/wp\/v2\/types\/post"}],"author":[{"embeddable":true,"href":"https:\/\/altisk-karcag.hu\/index.php?rest_route=\/wp\/v2\/users\/1"}],"replies":[{"embeddable":true,"href":"https:\/\/altisk-karcag.hu\/index.php?rest_route=%2Fwp%2Fv2%2Fcomments&post=629"}],"version-history":[{"count":3,"href":"https:\/\/altisk-karcag.hu\/index.php?rest_route=\/wp\/v2\/posts\/629\/revisions"}],"predecessor-version":[{"id":634,"href":"https:\/\/altisk-karcag.hu\/index.php?rest_route=\/wp\/v2\/posts\/629\/revisions\/634"}],"wp:featuredmedia":[{"embeddable":true,"href":"https:\/\/altisk-karcag.hu\/index.php?rest_route=\/wp\/v2\/media\/633"}],"wp:attachment":[{"href":"https:\/\/altisk-karcag.hu\/index.php?rest_route=%2Fwp%2Fv2%2Fmedia&parent=629"}],"wp:term":[{"taxonomy":"category","embeddable":true,"href":"https:\/\/altisk-karcag.hu\/index.php?rest_route=%2Fwp%2Fv2%2Fcategories&post=629"},{"taxonomy":"post_tag","embeddable":true,"href":"https:\/\/altisk-karcag.hu\/index.php?rest_route=%2Fwp%2Fv2%2Ftags&post=629"}],"curies":[{"name":"wp","href":"https:\/\/api.w.org\/{rel}","templated":true}]}}