{"id":5435,"date":"2026-04-30T13:24:07","date_gmt":"2026-04-30T13:24:07","guid":{"rendered":"https:\/\/altisk-karcag.hu\/?p=5435"},"modified":"2026-05-03T13:29:34","modified_gmt":"2026-05-03T13:29:34","slug":"aprilis-30-a-a-mehek-napja-%f0%9f%90%9d","status":"publish","type":"post","link":"https:\/\/altisk-karcag.hu\/?p=5435","title":{"rendered":"\u00c1prilis 30-a a M\u00e9hek Napja. \ud83d\udc1d"},"content":{"rendered":"\n<p>A tanul\u00f3k kreat\u00edv, sz\u00ednes alkot\u00e1sokkal h\u00edvt\u00e1k fel a figyelmet a m\u00e9hek fontoss\u00e1g\u00e1ra. Ez\u00faton is gratul\u00e1lunk minden r\u00e9sztvev\u0151nek, felk\u00e9sz\u00edt\u0151nek \u00e9s k\u00fcl\u00f6n\u00f6sen a helyez\u00e9st el\u00e9rt di\u00e1koknak.<br>Az 1-2. oszt\u00e1lyosok helyezettjei:<br>\ud83e\udd47Feke Mil\u00e1n 2.o.<br>\ud83e\udd48Pet\u0151 S\u00e1ndor 1.o.<br>\ud83e\udd49R\u00e1cz D\u00e1niel 2.o.<br>A 3-4. oszt\u00e1lyosokn\u00e1l nehezebb volt a v\u00e1laszt\u00e1s, \u00edgy k\u00e9t k\u00fcl\u00f6nd\u00edjas is sz\u00fcletett:<br>\ud83c\udfc5T\u00f3th Maja Judit 4.o.<br>\ud83c\udfc5G\u00f6nczi L\u00eddia 4.o.<br>A helyezettek:<br>\ud83e\udd47 Nagy Zo\u00e9 Aisah 4.o.<br>\ud83e\udd48 Kiss Vikt\u00f3ria 4.o.<br>\ud83e\udd49 Breznai No\u00e9mi Amanda 3.o.<br>K\u00f6sz\u00f6nj\u00fck a lelkes r\u00e9szv\u00e9telt \u00e9s a sz\u00e9p munk\u00e1kat!<br>Gratul\u00e1lunk minden d\u00edjazottnak \u00e9s r\u00e9sztvev\u0151nek, \u00e9s k\u00f6sz\u00f6nj\u00fck a sok vid\u00e1m, kreat\u00edv rajzot!<br>S\u00e1nta \u00c1gnes Gabriella &#8211; szervez\u0151<\/p>\n\n\n\n<figure class=\"wp-block-gallery has-nested-images columns-default is-cropped wp-block-gallery-1 is-layout-flex wp-block-gallery-is-layout-flex\">\n<figure class=\"wp-block-image size-large is-style-default\"><a href=\"https:\/\/altisk-karcag.hu\/wp-content\/uploads\/2026\/05\/01-1.jpg\"><img decoding=\"async\" loading=\"lazy\" width=\"1024\" height=\"675\" data-id=\"5439\" src=\"https:\/\/altisk-karcag.hu\/wp-content\/uploads\/2026\/05\/01-1-1024x675.jpg\" alt=\"\" class=\"wp-image-5439\" srcset=\"https:\/\/altisk-karcag.hu\/wp-content\/uploads\/2026\/05\/01-1-1024x675.jpg 1024w, https:\/\/altisk-karcag.hu\/wp-content\/uploads\/2026\/05\/01-1-300x198.jpg 300w, https:\/\/altisk-karcag.hu\/wp-content\/uploads\/2026\/05\/01-1-768x506.jpg 768w, https:\/\/altisk-karcag.hu\/wp-content\/uploads\/2026\/05\/01-1-1536x1013.jpg 1536w, https:\/\/altisk-karcag.hu\/wp-content\/uploads\/2026\/05\/01-1-531x350.jpg 531w, https:\/\/altisk-karcag.hu\/wp-content\/uploads\/2026\/05\/01-1.jpg 2048w\" sizes=\"(max-width: 1024px) 100vw, 1024px\" \/><\/a><\/figure>\n\n\n\n<figure class=\"wp-block-image size-large is-style-default\"><a href=\"https:\/\/altisk-karcag.hu\/wp-content\/uploads\/2026\/05\/02-1.jpg\"><img decoding=\"async\" loading=\"lazy\" width=\"1024\" height=\"575\" data-id=\"5436\" src=\"https:\/\/altisk-karcag.hu\/wp-content\/uploads\/2026\/05\/02-1-1024x575.jpg\" alt=\"\" class=\"wp-image-5436\" srcset=\"https:\/\/altisk-karcag.hu\/wp-content\/uploads\/2026\/05\/02-1-1024x575.jpg 1024w, https:\/\/altisk-karcag.hu\/wp-content\/uploads\/2026\/05\/02-1-300x168.jpg 300w, https:\/\/altisk-karcag.hu\/wp-content\/uploads\/2026\/05\/02-1-768x431.jpg 768w, https:\/\/altisk-karcag.hu\/wp-content\/uploads\/2026\/05\/02-1-1536x863.jpg 1536w, https:\/\/altisk-karcag.hu\/wp-content\/uploads\/2026\/05\/02-1-623x350.jpg 623w, https:\/\/altisk-karcag.hu\/wp-content\/uploads\/2026\/05\/02-1.jpg 2048w\" sizes=\"(max-width: 1024px) 100vw, 1024px\" \/><\/a><\/figure>\n\n\n\n<figure class=\"wp-block-image size-large is-style-default\"><a href=\"https:\/\/altisk-karcag.hu\/wp-content\/uploads\/2026\/05\/03-1.jpg\"><img decoding=\"async\" loading=\"lazy\" width=\"1024\" height=\"575\" data-id=\"5438\" src=\"https:\/\/altisk-karcag.hu\/wp-content\/uploads\/2026\/05\/03-1-1024x575.jpg\" alt=\"\" class=\"wp-image-5438\" srcset=\"https:\/\/altisk-karcag.hu\/wp-content\/uploads\/2026\/05\/03-1-1024x575.jpg 1024w, https:\/\/altisk-karcag.hu\/wp-content\/uploads\/2026\/05\/03-1-300x168.jpg 300w, https:\/\/altisk-karcag.hu\/wp-content\/uploads\/2026\/05\/03-1-768x431.jpg 768w, https:\/\/altisk-karcag.hu\/wp-content\/uploads\/2026\/05\/03-1-1536x863.jpg 1536w, https:\/\/altisk-karcag.hu\/wp-content\/uploads\/2026\/05\/03-1-623x350.jpg 623w, https:\/\/altisk-karcag.hu\/wp-content\/uploads\/2026\/05\/03-1.jpg 2048w\" sizes=\"(max-width: 1024px) 100vw, 1024px\" \/><\/a><\/figure>\n\n\n\n<figure class=\"wp-block-image size-large is-style-default\"><a href=\"https:\/\/altisk-karcag.hu\/wp-content\/uploads\/2026\/05\/04-1.jpg\"><img decoding=\"async\" loading=\"lazy\" width=\"1024\" height=\"575\" data-id=\"5437\" src=\"https:\/\/altisk-karcag.hu\/wp-content\/uploads\/2026\/05\/04-1-1024x575.jpg\" alt=\"\" class=\"wp-image-5437\" srcset=\"https:\/\/altisk-karcag.hu\/wp-content\/uploads\/2026\/05\/04-1-1024x575.jpg 1024w, https:\/\/altisk-karcag.hu\/wp-content\/uploads\/2026\/05\/04-1-300x168.jpg 300w, https:\/\/altisk-karcag.hu\/wp-content\/uploads\/2026\/05\/04-1-768x431.jpg 768w, https:\/\/altisk-karcag.hu\/wp-content\/uploads\/2026\/05\/04-1-1536x863.jpg 1536w, https:\/\/altisk-karcag.hu\/wp-content\/uploads\/2026\/05\/04-1-623x350.jpg 623w, https:\/\/altisk-karcag.hu\/wp-content\/uploads\/2026\/05\/04-1.jpg 2048w\" sizes=\"(max-width: 1024px) 100vw, 1024px\" \/><\/a><\/figure>\n<\/figure>\n","protected":false},"excerpt":{"rendered":"<p>A tanul\u00f3k kreat\u00edv, sz\u00ednes alkot\u00e1sokkal h\u00edvt\u00e1k fel a figyelmet a m\u00e9hek fontoss\u00e1g\u00e1ra. Ez\u00faton is gratul\u00e1lunk minden r\u00e9sztvev\u0151nek, felk\u00e9sz\u00edt\u0151nek \u00e9s k\u00fcl\u00f6n\u00f6sen a helyez\u00e9st el\u00e9rt di\u00e1koknak.Az 1-2. oszt\u00e1lyosok helyezettjei:\ud83e\udd47Feke Mil\u00e1n 2.o.\ud83e\udd48Pet\u0151 S\u00e1ndor 1.o.\ud83e\udd49R\u00e1cz D\u00e1niel 2.o.A 3-4. oszt\u00e1lyosokn\u00e1l nehezebb volt a v\u00e1laszt\u00e1s, \u00edgy k\u00e9t k\u00fcl\u00f6nd\u00edjas is sz\u00fcletett:\ud83c\udfc5T\u00f3th Maja Judit 4.o.\ud83c\udfc5G\u00f6nczi L\u00eddia 4.o.A helyezettek:\ud83e\udd47 &hellip;<\/p>\n","protected":false},"author":1,"featured_media":5441,"comment_status":"closed","ping_status":"closed","sticky":false,"template":"","format":"standard","meta":{"footnotes":""},"categories":[9,11],"tags":[],"_links":{"self":[{"href":"https:\/\/altisk-karcag.hu\/index.php?rest_route=\/wp\/v2\/posts\/5435"}],"collection":[{"href":"https:\/\/altisk-karcag.hu\/index.php?rest_route=\/wp\/v2\/posts"}],"about":[{"href":"https:\/\/altisk-karcag.hu\/index.php?rest_route=\/wp\/v2\/types\/post"}],"author":[{"embeddable":true,"href":"https:\/\/altisk-karcag.hu\/index.php?rest_route=\/wp\/v2\/users\/1"}],"replies":[{"embeddable":true,"href":"https:\/\/altisk-karcag.hu\/index.php?rest_route=%2Fwp%2Fv2%2Fcomments&post=5435"}],"version-history":[{"count":2,"href":"https:\/\/altisk-karcag.hu\/index.php?rest_route=\/wp\/v2\/posts\/5435\/revisions"}],"predecessor-version":[{"id":5442,"href":"https:\/\/altisk-karcag.hu\/index.php?rest_route=\/wp\/v2\/posts\/5435\/revisions\/5442"}],"wp:featuredmedia":[{"embeddable":true,"href":"https:\/\/altisk-karcag.hu\/index.php?rest_route=\/wp\/v2\/media\/5441"}],"wp:attachment":[{"href":"https:\/\/altisk-karcag.hu\/index.php?rest_route=%2Fwp%2Fv2%2Fmedia&parent=5435"}],"wp:term":[{"taxonomy":"category","embeddable":true,"href":"https:\/\/altisk-karcag.hu\/index.php?rest_route=%2Fwp%2Fv2%2Fcategories&post=5435"},{"taxonomy":"post_tag","embeddable":true,"href":"https:\/\/altisk-karcag.hu\/index.php?rest_route=%2Fwp%2Fv2%2Ftags&post=5435"}],"curies":[{"name":"wp","href":"https:\/\/api.w.org\/{rel}","templated":true}]}}