{"id":5427,"date":"2026-04-23T13:18:44","date_gmt":"2026-04-23T13:18:44","guid":{"rendered":"https:\/\/altisk-karcag.hu\/?p=5427"},"modified":"2026-05-03T13:22:24","modified_gmt":"2026-05-03T13:22:24","slug":"varosi-kornyezetismereti-verseny","status":"publish","type":"post","link":"https:\/\/altisk-karcag.hu\/?p=5427","title":{"rendered":"V\u00e1rosi K\u00f6rnyezetismereti Verseny"},"content":{"rendered":"\n<p>2026. \u00e1prilis 22-\u00e9n, a F\u00f6ld Napj\u00e1n ker\u00fclt sor a V\u00e1rosi K\u00f6rnyezetismereti Verseny megrendez\u00e9s\u00e9re a Karcagi Kov\u00e1ts Mih\u00e1ly \u00c1ltal\u00e1nos Iskola Kiskulcsosi \u00c1ltal\u00e1nos Iskol\u00e1j\u00e1ban, ahol a 3. \u00e9s 4. \u00e9vfolyamos tanul\u00f3k m\u00e9rhett\u00e9k \u00f6ssze tud\u00e1sukat. Magyarorsz\u00e1gon a F\u00f6ld Napja Alap\u00edtv\u00e1ny \u00f6nk\u00e9ntes mozgalom 1970-ben kezd\u0151d\u00f6tt \u00e9s 1990-ben v\u00e1lt vil\u00e1gnagys\u00e1g\u00fav\u00e1, sz\u00e1nd\u00e9ka szerint lehet\u0151s\u00e9get teremt egy\u00e9neknek \u00e9s k\u00f6z\u00f6ss\u00e9geknek arra, hogy helyi k\u00f6rnyezeti gondokra \u00e9s megold\u00e1sukra figyeljenek. Az emberis\u00e9g t\u00falterjeszked\u00e9se agyonnyomja a vadvil\u00e1got, t\u00falfogyasztunk \u00e9s t\u00falterjeszked\u00fcnk. A mindent ural\u00f3 m\u0171anyagok vesz\u00e9lyeztetik l\u00e9t\u00fcnk alapj\u00e1t, az \u00e9l\u0151vil\u00e1g v\u00e1ltozatoss\u00e1g\u00e1t, a biol\u00f3giai sokf\u00e9les\u00e9get. Az emberis\u00e9g beavatkoz\u00e1sa a term\u00e9szet \u00e9vezredes egyens\u00faly\u00e1ba vesz\u00e9lyezteti a vadon\u00e9l\u0151k, k\u00f6zt\u00fck a beporz\u00f3 rovarok, n\u00f6v\u00e9nyek l\u00e9t\u00e9t. Sebezhet\u0151s\u00e9g\u00fcnkre figyelmeztet a F\u00f6ld hat\u00e1rainak \u00e1tl\u00e9p\u00e9se is, arra, hogy ideje cselekedni! Minden nap. Mert, ahogy a F\u00f6ld napja mozgalom egyik jelszava is mondja Egyetlen nap kev\u00e9s\u2026De ne feledd: minden nap sz\u00e1m\u00edt\u2026 A F\u00f6ld napja mozgalom m\u00e1sik jelmondata: \u201eKi mondta, hogy nem tudod megv\u00e1ltoztatni a vil\u00e1got?\u201d Igyekezz\u00fcnk h\u00e1t min\u00e9l t\u00f6bben tenni \u00e9rte. Ti vagytok a j\u00f6v\u0151 rem\u00e9nys\u00e9gei, akik m\u00e1r most tudj\u00e1k: egy kis figyelmess\u00e9ggel is hatalmas v\u00e1ltoz\u00e1st lehet el\u00e9rni!<br>Az id\u00e9n is a 2026-os \u00e9v \u00e9l\u0151l\u00e9nyei: az \u00e9nekes rig\u00f3, a homoki \u00e1rval\u00e1nyhaj, a moln\u00e1rg\u00f6r\u00e9ny, a nagy t\u0171zlepke, a f\u00fcrge gy\u00edk \u00e9s a v\u00e1g\u00f3tok r\u00e9szletesebb megismer\u00e9se volt a kit\u0171z\u00f6tt c\u00e9l. V\u00e1ltozatos, \u00e9rdekes feladatokkal kellett a gyerekeknek megbirk\u00f3zniuk. Keresztrejtv\u00e9ny, mondatkieg\u00e9sz\u00edt\u00e9s, igaz-hamis \u00e1ll\u00edt\u00e1sok eld\u00f6nt\u00e9se, tot\u00f3, kv\u00edz, filmes feladatok tett\u00e9k izgalmass\u00e1 a verseng\u00e9st. Az eredm\u00e9nyhirdet\u00e9sig besz\u00e9lgett\u00fcnk, tapasztalatot cser\u00e9lt\u00fcnk \u00e9s vend\u00e9g\u00fcl l\u00e1ttuk a gyerekeket \u00e9s tan\u00edt\u00f3ikat.<br>A zs\u0171ri tagjainak Kotriczn\u00e9 Dar\u00f3czi Ir\u00e9nnek \u00e9s Heged\u0171sn\u00e9 F\u00f3ri\u00e1n Annam\u00e1ri\u00e1nak neh\u00e9z dolga volt, hiszen a gyerekek j\u00f3l felk\u00e9sz\u00fcltek \u00e9s a pontsz\u00e1mok igencsak szorosak voltak. A megm\u00e9rettet\u00e9s ut\u00e1n \u00e9rt\u00e9kes k\u00f6nyvjutalmakat, d\u00edjakat Vadain\u00e9 Kov\u00e1cs Szilvia a Karcagi Kov\u00e1ts Mih\u00e1ly \u00c1ltal\u00e1nos Iskola Kiskulcsosi \u00c1ltal\u00e1nos Iskol\u00e1j\u00e1nak tagint\u00e9zm\u00e9ny igazgat\u00f3ja adta \u00e1t.<\/p>\n\n\n\n<ol>\n<li>helyezett: Bagdi N\u00f3ra<br>felk\u00e9sz\u00edt\u0151 pedag\u00f3gus: S\u00e1nta-Oszl\u00e1nczi Michelle (Gy\u00f6rffy Istv\u00e1n Katolikus \u00c1ltal\u00e1nos Iskola \u00e9s Szent Erzs\u00e9bet \u00d3voda)<\/li>\n\n\n\n<li>helyezett: Buzalka Emma<br>felk\u00e9sz\u00edt\u0151 pedag\u00f3gus: Moln\u00e1rn\u00e9 T\u0151k\u00e9s \u00c9va (Gy\u00f6rffy Istv\u00e1n Katolikus \u00c1ltal\u00e1nos Iskola \u00e9s Szent Erzs\u00e9bet \u00d3voda)<\/li>\n\n\n\n<li>helyezett: Bakonszegi Bernadett<br>felk\u00e9sz\u00edt\u0151 pedag\u00f3gus: Er\u0151s Edit (Gy\u00f6rffy Istv\u00e1n Katolikus \u00c1ltal\u00e1nos Iskola \u00e9s Szent Erzs\u00e9bet \u00d3voda)<br>K\u00f6sz\u00f6nj\u00fck a felk\u00e9sz\u00edt\u0151 tan\u00e1rok \u00e9s a zs\u0171ritagok munk\u00e1j\u00e1t! V\u00e1runk szeretettel j\u00f6v\u0151re is!<br>Cser\u00e9s Gabriella<\/li>\n<\/ol>\n\n\n\n<figure class=\"wp-block-gallery has-nested-images columns-default is-cropped wp-block-gallery-1 is-layout-flex wp-block-gallery-is-layout-flex\">\n<figure class=\"wp-block-image size-large is-style-default\"><a href=\"https:\/\/altisk-karcag.hu\/wp-content\/uploads\/2026\/05\/01.jpg\"><img decoding=\"async\" loading=\"lazy\" width=\"1024\" height=\"768\" data-id=\"5429\" src=\"https:\/\/altisk-karcag.hu\/wp-content\/uploads\/2026\/05\/01-1024x768.jpg\" alt=\"\" class=\"wp-image-5429\" srcset=\"https:\/\/altisk-karcag.hu\/wp-content\/uploads\/2026\/05\/01-1024x768.jpg 1024w, https:\/\/altisk-karcag.hu\/wp-content\/uploads\/2026\/05\/01-300x225.jpg 300w, https:\/\/altisk-karcag.hu\/wp-content\/uploads\/2026\/05\/01-768x576.jpg 768w, https:\/\/altisk-karcag.hu\/wp-content\/uploads\/2026\/05\/01-1536x1152.jpg 1536w, https:\/\/altisk-karcag.hu\/wp-content\/uploads\/2026\/05\/01-467x350.jpg 467w, https:\/\/altisk-karcag.hu\/wp-content\/uploads\/2026\/05\/01.jpg 2048w\" sizes=\"(max-width: 1024px) 100vw, 1024px\" \/><\/a><\/figure>\n\n\n\n<figure class=\"wp-block-image size-large is-style-default\"><a href=\"https:\/\/altisk-karcag.hu\/wp-content\/uploads\/2026\/05\/02.jpg\"><img decoding=\"async\" loading=\"lazy\" width=\"1024\" height=\"768\" data-id=\"5433\" src=\"https:\/\/altisk-karcag.hu\/wp-content\/uploads\/2026\/05\/02-1024x768.jpg\" alt=\"\" class=\"wp-image-5433\" srcset=\"https:\/\/altisk-karcag.hu\/wp-content\/uploads\/2026\/05\/02-1024x768.jpg 1024w, https:\/\/altisk-karcag.hu\/wp-content\/uploads\/2026\/05\/02-300x225.jpg 300w, https:\/\/altisk-karcag.hu\/wp-content\/uploads\/2026\/05\/02-768x576.jpg 768w, https:\/\/altisk-karcag.hu\/wp-content\/uploads\/2026\/05\/02-1536x1152.jpg 1536w, https:\/\/altisk-karcag.hu\/wp-content\/uploads\/2026\/05\/02-467x350.jpg 467w, https:\/\/altisk-karcag.hu\/wp-content\/uploads\/2026\/05\/02.jpg 2048w\" sizes=\"(max-width: 1024px) 100vw, 1024px\" \/><\/a><\/figure>\n\n\n\n<figure class=\"wp-block-image size-large is-style-default\"><a href=\"https:\/\/altisk-karcag.hu\/wp-content\/uploads\/2026\/05\/03.jpg\"><img decoding=\"async\" loading=\"lazy\" width=\"1024\" height=\"768\" data-id=\"5432\" src=\"https:\/\/altisk-karcag.hu\/wp-content\/uploads\/2026\/05\/03-1024x768.jpg\" alt=\"\" class=\"wp-image-5432\" srcset=\"https:\/\/altisk-karcag.hu\/wp-content\/uploads\/2026\/05\/03-1024x768.jpg 1024w, https:\/\/altisk-karcag.hu\/wp-content\/uploads\/2026\/05\/03-300x225.jpg 300w, https:\/\/altisk-karcag.hu\/wp-content\/uploads\/2026\/05\/03-768x576.jpg 768w, https:\/\/altisk-karcag.hu\/wp-content\/uploads\/2026\/05\/03-1536x1152.jpg 1536w, https:\/\/altisk-karcag.hu\/wp-content\/uploads\/2026\/05\/03-467x350.jpg 467w, https:\/\/altisk-karcag.hu\/wp-content\/uploads\/2026\/05\/03.jpg 2048w\" sizes=\"(max-width: 1024px) 100vw, 1024px\" \/><\/a><\/figure>\n\n\n\n<figure class=\"wp-block-image size-large is-style-default\"><a href=\"https:\/\/altisk-karcag.hu\/wp-content\/uploads\/2026\/05\/04.jpg\"><img decoding=\"async\" loading=\"lazy\" width=\"1024\" height=\"768\" data-id=\"5430\" src=\"https:\/\/altisk-karcag.hu\/wp-content\/uploads\/2026\/05\/04-1024x768.jpg\" alt=\"\" class=\"wp-image-5430\" srcset=\"https:\/\/altisk-karcag.hu\/wp-content\/uploads\/2026\/05\/04-1024x768.jpg 1024w, https:\/\/altisk-karcag.hu\/wp-content\/uploads\/2026\/05\/04-300x225.jpg 300w, https:\/\/altisk-karcag.hu\/wp-content\/uploads\/2026\/05\/04-768x576.jpg 768w, https:\/\/altisk-karcag.hu\/wp-content\/uploads\/2026\/05\/04-1536x1152.jpg 1536w, https:\/\/altisk-karcag.hu\/wp-content\/uploads\/2026\/05\/04-467x350.jpg 467w, https:\/\/altisk-karcag.hu\/wp-content\/uploads\/2026\/05\/04.jpg 2048w\" sizes=\"(max-width: 1024px) 100vw, 1024px\" \/><\/a><\/figure>\n\n\n\n<figure class=\"wp-block-image size-large is-style-default\"><a href=\"https:\/\/altisk-karcag.hu\/wp-content\/uploads\/2026\/05\/05.jpg\"><img decoding=\"async\" loading=\"lazy\" width=\"768\" height=\"1024\" data-id=\"5431\" src=\"https:\/\/altisk-karcag.hu\/wp-content\/uploads\/2026\/05\/05-768x1024.jpg\" alt=\"\" class=\"wp-image-5431\" srcset=\"https:\/\/altisk-karcag.hu\/wp-content\/uploads\/2026\/05\/05-768x1024.jpg 768w, https:\/\/altisk-karcag.hu\/wp-content\/uploads\/2026\/05\/05-225x300.jpg 225w, https:\/\/altisk-karcag.hu\/wp-content\/uploads\/2026\/05\/05-1152x1536.jpg 1152w, https:\/\/altisk-karcag.hu\/wp-content\/uploads\/2026\/05\/05-263x350.jpg 263w, https:\/\/altisk-karcag.hu\/wp-content\/uploads\/2026\/05\/05.jpg 1536w\" sizes=\"(max-width: 768px) 100vw, 768px\" \/><\/a><\/figure>\n\n\n\n<figure class=\"wp-block-image size-large is-style-default\"><a href=\"https:\/\/altisk-karcag.hu\/wp-content\/uploads\/2026\/05\/06.jpg\"><img decoding=\"async\" loading=\"lazy\" width=\"1024\" height=\"768\" data-id=\"5428\" src=\"https:\/\/altisk-karcag.hu\/wp-content\/uploads\/2026\/05\/06-1024x768.jpg\" alt=\"\" class=\"wp-image-5428\" srcset=\"https:\/\/altisk-karcag.hu\/wp-content\/uploads\/2026\/05\/06-1024x768.jpg 1024w, https:\/\/altisk-karcag.hu\/wp-content\/uploads\/2026\/05\/06-300x225.jpg 300w, https:\/\/altisk-karcag.hu\/wp-content\/uploads\/2026\/05\/06-768x576.jpg 768w, https:\/\/altisk-karcag.hu\/wp-content\/uploads\/2026\/05\/06-1536x1152.jpg 1536w, https:\/\/altisk-karcag.hu\/wp-content\/uploads\/2026\/05\/06-467x350.jpg 467w, https:\/\/altisk-karcag.hu\/wp-content\/uploads\/2026\/05\/06.jpg 2048w\" sizes=\"(max-width: 1024px) 100vw, 1024px\" \/><\/a><\/figure>\n<\/figure>\n","protected":false},"excerpt":{"rendered":"<p>2026. \u00e1prilis 22-\u00e9n, a F\u00f6ld Napj\u00e1n ker\u00fclt sor a V\u00e1rosi K\u00f6rnyezetismereti Verseny megrendez\u00e9s\u00e9re a Karcagi Kov\u00e1ts Mih\u00e1ly \u00c1ltal\u00e1nos Iskola Kiskulcsosi \u00c1ltal\u00e1nos Iskol\u00e1j\u00e1ban, ahol a 3. \u00e9s 4. \u00e9vfolyamos tanul\u00f3k m\u00e9rhett\u00e9k \u00f6ssze tud\u00e1sukat. Magyarorsz\u00e1gon a F\u00f6ld Napja Alap\u00edtv\u00e1ny \u00f6nk\u00e9ntes mozgalom 1970-ben kezd\u0151d\u00f6tt \u00e9s 1990-ben v\u00e1lt vil\u00e1gnagys\u00e1g\u00fav\u00e1, sz\u00e1nd\u00e9ka szerint lehet\u0151s\u00e9get teremt egy\u00e9neknek &hellip;<\/p>\n","protected":false},"author":1,"featured_media":0,"comment_status":"closed","ping_status":"closed","sticky":false,"template":"","format":"standard","meta":{"footnotes":""},"categories":[9,10],"tags":[],"_links":{"self":[{"href":"https:\/\/altisk-karcag.hu\/index.php?rest_route=\/wp\/v2\/posts\/5427"}],"collection":[{"href":"https:\/\/altisk-karcag.hu\/index.php?rest_route=\/wp\/v2\/posts"}],"about":[{"href":"https:\/\/altisk-karcag.hu\/index.php?rest_route=\/wp\/v2\/types\/post"}],"author":[{"embeddable":true,"href":"https:\/\/altisk-karcag.hu\/index.php?rest_route=\/wp\/v2\/users\/1"}],"replies":[{"embeddable":true,"href":"https:\/\/altisk-karcag.hu\/index.php?rest_route=%2Fwp%2Fv2%2Fcomments&post=5427"}],"version-history":[{"count":1,"href":"https:\/\/altisk-karcag.hu\/index.php?rest_route=\/wp\/v2\/posts\/5427\/revisions"}],"predecessor-version":[{"id":5434,"href":"https:\/\/altisk-karcag.hu\/index.php?rest_route=\/wp\/v2\/posts\/5427\/revisions\/5434"}],"wp:attachment":[{"href":"https:\/\/altisk-karcag.hu\/index.php?rest_route=%2Fwp%2Fv2%2Fmedia&parent=5427"}],"wp:term":[{"taxonomy":"category","embeddable":true,"href":"https:\/\/altisk-karcag.hu\/index.php?rest_route=%2Fwp%2Fv2%2Fcategories&post=5427"},{"taxonomy":"post_tag","embeddable":true,"href":"https:\/\/altisk-karcag.hu\/index.php?rest_route=%2Fwp%2Fv2%2Ftags&post=5427"}],"curies":[{"name":"wp","href":"https:\/\/api.w.org\/{rel}","templated":true}]}}