{"id":5421,"date":"2026-04-27T07:22:25","date_gmt":"2026-04-27T07:22:25","guid":{"rendered":"https:\/\/altisk-karcag.hu\/?p=5421"},"modified":"2026-04-27T07:22:25","modified_gmt":"2026-04-27T07:22:25","slug":"mestersegem-cimere","status":"publish","type":"post","link":"https:\/\/altisk-karcag.hu\/?p=5421","title":{"rendered":"Mesters\u00e9gem c\u00edmere"},"content":{"rendered":"\n<p>Mesters\u00e9gem c\u00edmere elnevez\u00e9ssel csal\u00e1di nap ker\u00fclt megrendez\u00e9sre m\u00e1rcius 20-\u00e1n Kiskulcsoson. C\u00e9lunk volt a r\u00e9gi id\u0151k mesters\u00e9geit \u00e9s a mai id\u0151k n\u00e9pi k\u00e9zm\u0171vess\u00e9g\u00e9t megismertetni a tanul\u00f3inkkal. Ezen a h\u00e9ten a fels\u0151 tagozat foly\u00f3s\u00f3j\u00e1n egy ki\u00e1ll\u00edt\u00e1s ker\u00fclt berendez\u00e9sre, ahol koll\u00e9g\u00e1ink munk\u00e1i is bemutat\u00e1sra ker\u00fcltek, majd egy oszt\u00e1lyonk\u00e9nti \u201et\u00e1rlatvezet\u00e9sen\u201d k\u00f6zelebbr\u0151l is megismerkedhettek a tanul\u00f3k a mesters\u00e9gekkel, kiemelve a karcagi hagyom\u00e1ny\u0151rz\u00e9st.<br>A csal\u00e1di nap egy megnyit\u00f3val kezd\u0151d\u00f6tt, melyet egy n\u00e9pt\u00e1ncbemutat\u00f3 tett sz\u00ednesebb\u00e9, amelyen bemutatkozhattak tan\u00edtv\u00e1nyaink is, nagy sikert aratva. Ezt k\u00f6vet\u0151en a legkisebbek a n\u00e9pi j\u00e1t\u00e9kokkal, az agyagoz\u00e1ssal, a fels\u0151s\u00f6k a csuh\u00e9z\u00e1ssal, a nemezel\u00e9ssel, a h\u00edmz\u00e9ssel \u00e9s a fon\u00e1ssal foglalatoskodtak a sz\u00fcl\u0151kkel egy\u00fctt.<br>B\u00edzunk benne, hogy a kapott inform\u00e1ci\u00f3k \u00e9s a mesters\u00e9gek kipr\u00f3b\u00e1l\u00e1sa t\u00f6bb tanul\u00f3ban felkeltette a n\u00e9pi k\u00e9zm\u0171vess\u00e9g ir\u00e1nti \u00e9rdekl\u0151d\u00e9st.<br>K\u00f6sz\u00f6nj\u00fck a szervez\u0151 munk\u00e1j\u00e1t T\u00f6r\u00f6k Csill\u00e1nak \u00e9s Pint\u00e9rn\u00e9 Baranyai Ildik\u00f3nak.<\/p>\n\n\n\n<figure class=\"wp-block-gallery has-nested-images columns-default is-cropped wp-block-gallery-1 is-layout-flex wp-block-gallery-is-layout-flex\">\n<figure class=\"wp-block-image size-large is-style-default\"><a href=\"https:\/\/altisk-karcag.hu\/wp-content\/uploads\/2026\/04\/mc1.jpg\"><img decoding=\"async\" loading=\"lazy\" width=\"768\" height=\"1024\" data-id=\"5422\" src=\"https:\/\/altisk-karcag.hu\/wp-content\/uploads\/2026\/04\/mc1-768x1024.jpg\" alt=\"\" class=\"wp-image-5422\" srcset=\"https:\/\/altisk-karcag.hu\/wp-content\/uploads\/2026\/04\/mc1-768x1024.jpg 768w, https:\/\/altisk-karcag.hu\/wp-content\/uploads\/2026\/04\/mc1-225x300.jpg 225w, https:\/\/altisk-karcag.hu\/wp-content\/uploads\/2026\/04\/mc1-1152x1536.jpg 1152w, https:\/\/altisk-karcag.hu\/wp-content\/uploads\/2026\/04\/mc1-263x350.jpg 263w, https:\/\/altisk-karcag.hu\/wp-content\/uploads\/2026\/04\/mc1.jpg 1536w\" sizes=\"(max-width: 768px) 100vw, 768px\" \/><\/a><\/figure>\n\n\n\n<figure class=\"wp-block-image size-large is-style-default\"><a href=\"https:\/\/altisk-karcag.hu\/wp-content\/uploads\/2026\/04\/mc2.jpg\"><img decoding=\"async\" loading=\"lazy\" width=\"1024\" height=\"768\" data-id=\"5423\" src=\"https:\/\/altisk-karcag.hu\/wp-content\/uploads\/2026\/04\/mc2-1024x768.jpg\" alt=\"\" class=\"wp-image-5423\" srcset=\"https:\/\/altisk-karcag.hu\/wp-content\/uploads\/2026\/04\/mc2-1024x768.jpg 1024w, https:\/\/altisk-karcag.hu\/wp-content\/uploads\/2026\/04\/mc2-300x225.jpg 300w, https:\/\/altisk-karcag.hu\/wp-content\/uploads\/2026\/04\/mc2-768x576.jpg 768w, https:\/\/altisk-karcag.hu\/wp-content\/uploads\/2026\/04\/mc2-1536x1152.jpg 1536w, https:\/\/altisk-karcag.hu\/wp-content\/uploads\/2026\/04\/mc2-467x350.jpg 467w, https:\/\/altisk-karcag.hu\/wp-content\/uploads\/2026\/04\/mc2.jpg 2048w\" sizes=\"(max-width: 1024px) 100vw, 1024px\" \/><\/a><\/figure>\n\n\n\n<figure class=\"wp-block-image size-large is-style-default\"><a href=\"https:\/\/altisk-karcag.hu\/wp-content\/uploads\/2026\/04\/mc3.jpg\"><img decoding=\"async\" loading=\"lazy\" width=\"1024\" height=\"768\" data-id=\"5424\" src=\"https:\/\/altisk-karcag.hu\/wp-content\/uploads\/2026\/04\/mc3-1024x768.jpg\" alt=\"\" class=\"wp-image-5424\" srcset=\"https:\/\/altisk-karcag.hu\/wp-content\/uploads\/2026\/04\/mc3-1024x768.jpg 1024w, https:\/\/altisk-karcag.hu\/wp-content\/uploads\/2026\/04\/mc3-300x225.jpg 300w, https:\/\/altisk-karcag.hu\/wp-content\/uploads\/2026\/04\/mc3-768x576.jpg 768w, https:\/\/altisk-karcag.hu\/wp-content\/uploads\/2026\/04\/mc3-1536x1152.jpg 1536w, https:\/\/altisk-karcag.hu\/wp-content\/uploads\/2026\/04\/mc3-467x350.jpg 467w, https:\/\/altisk-karcag.hu\/wp-content\/uploads\/2026\/04\/mc3.jpg 2048w\" sizes=\"(max-width: 1024px) 100vw, 1024px\" \/><\/a><\/figure>\n<\/figure>\n","protected":false},"excerpt":{"rendered":"<p>Mesters\u00e9gem c\u00edmere elnevez\u00e9ssel csal\u00e1di nap ker\u00fclt megrendez\u00e9sre m\u00e1rcius 20-\u00e1n Kiskulcsoson. C\u00e9lunk volt a r\u00e9gi id\u0151k mesters\u00e9geit \u00e9s a mai id\u0151k n\u00e9pi k\u00e9zm\u0171vess\u00e9g\u00e9t megismertetni a tanul\u00f3inkkal. Ezen a h\u00e9ten a fels\u0151 tagozat foly\u00f3s\u00f3j\u00e1n egy ki\u00e1ll\u00edt\u00e1s ker\u00fclt berendez\u00e9sre, ahol koll\u00e9g\u00e1ink munk\u00e1i is bemutat\u00e1sra ker\u00fcltek, majd egy oszt\u00e1lyonk\u00e9nti \u201et\u00e1rlatvezet\u00e9sen\u201d k\u00f6zelebbr\u0151l is megismerkedhettek a &hellip;<\/p>\n","protected":false},"author":1,"featured_media":0,"comment_status":"closed","ping_status":"closed","sticky":false,"template":"","format":"standard","meta":{"footnotes":""},"categories":[9,10],"tags":[],"_links":{"self":[{"href":"https:\/\/altisk-karcag.hu\/index.php?rest_route=\/wp\/v2\/posts\/5421"}],"collection":[{"href":"https:\/\/altisk-karcag.hu\/index.php?rest_route=\/wp\/v2\/posts"}],"about":[{"href":"https:\/\/altisk-karcag.hu\/index.php?rest_route=\/wp\/v2\/types\/post"}],"author":[{"embeddable":true,"href":"https:\/\/altisk-karcag.hu\/index.php?rest_route=\/wp\/v2\/users\/1"}],"replies":[{"embeddable":true,"href":"https:\/\/altisk-karcag.hu\/index.php?rest_route=%2Fwp%2Fv2%2Fcomments&post=5421"}],"version-history":[{"count":1,"href":"https:\/\/altisk-karcag.hu\/index.php?rest_route=\/wp\/v2\/posts\/5421\/revisions"}],"predecessor-version":[{"id":5425,"href":"https:\/\/altisk-karcag.hu\/index.php?rest_route=\/wp\/v2\/posts\/5421\/revisions\/5425"}],"wp:attachment":[{"href":"https:\/\/altisk-karcag.hu\/index.php?rest_route=%2Fwp%2Fv2%2Fmedia&parent=5421"}],"wp:term":[{"taxonomy":"category","embeddable":true,"href":"https:\/\/altisk-karcag.hu\/index.php?rest_route=%2Fwp%2Fv2%2Fcategories&post=5421"},{"taxonomy":"post_tag","embeddable":true,"href":"https:\/\/altisk-karcag.hu\/index.php?rest_route=%2Fwp%2Fv2%2Ftags&post=5421"}],"curies":[{"name":"wp","href":"https:\/\/api.w.org\/{rel}","templated":true}]}}