{"id":5414,"date":"2026-04-25T07:19:00","date_gmt":"2026-04-25T07:19:00","guid":{"rendered":"https:\/\/altisk-karcag.hu\/?p=5414"},"modified":"2026-04-27T07:20:55","modified_gmt":"2026-04-27T07:20:55","slug":"foldrajz-versenyen-a-kiskulcsosiak-%f0%9f%94%96%f0%9f%93%9a","status":"publish","type":"post","link":"https:\/\/altisk-karcag.hu\/?p=5414","title":{"rendered":"F\u00f6ldrajz versenyen a Kiskulcsosiak! \ud83d\udd16\ud83d\udcda"},"content":{"rendered":"\n<p>2026.04.24-\u00e9n ker\u00fclt megrendez\u00e9sre Berekf\u00fcrd\u0151n \u201cCSAK A T\u00c9RK\u00c9P! &#8211; CSAK AFRIKA!, megyei f\u00f6ldrajzi tanulm\u00e1nyi verseny, ahol iskol\u00e1nk csapata minim\u00e1lis ponttal lemaradva a dobog\u00f3r\u00f3l, VI. helyen v\u00e9gzett! A verseny ut\u00e1n k\u00f6rbebarangoltuk Berekf\u00fcrd\u0151t, ahol bemutatt\u00e1k a Rep\u00fcl\u0151m\u00fazeumot is. Gratul\u00e1lunk S\u00e1nta R\u00e9k\u00e1nak, Laczko Levent\u00e9nek \u00e9s felk\u00e9sz\u00edt\u0151j\u00fcknek Jobb\u00e1gy Gerg\u0151 tan\u00e1r\u00farnak!<\/p>\n\n\n\n<figure class=\"wp-block-gallery has-nested-images columns-default is-cropped wp-block-gallery-1 is-layout-flex wp-block-gallery-is-layout-flex\">\n<figure class=\"wp-block-image size-large is-style-default\"><a href=\"https:\/\/altisk-karcag.hu\/wp-content\/uploads\/2026\/04\/fv1.jpg\"><img decoding=\"async\" loading=\"lazy\" width=\"1024\" height=\"706\" data-id=\"5417\" src=\"https:\/\/altisk-karcag.hu\/wp-content\/uploads\/2026\/04\/fv1-1024x706.jpg\" alt=\"\" class=\"wp-image-5417\" srcset=\"https:\/\/altisk-karcag.hu\/wp-content\/uploads\/2026\/04\/fv1-1024x706.jpg 1024w, https:\/\/altisk-karcag.hu\/wp-content\/uploads\/2026\/04\/fv1-300x207.jpg 300w, https:\/\/altisk-karcag.hu\/wp-content\/uploads\/2026\/04\/fv1-768x530.jpg 768w, https:\/\/altisk-karcag.hu\/wp-content\/uploads\/2026\/04\/fv1-1536x1059.jpg 1536w, https:\/\/altisk-karcag.hu\/wp-content\/uploads\/2026\/04\/fv1-508x350.jpg 508w, https:\/\/altisk-karcag.hu\/wp-content\/uploads\/2026\/04\/fv1.jpg 2048w\" sizes=\"(max-width: 1024px) 100vw, 1024px\" \/><\/a><\/figure>\n\n\n\n<figure class=\"wp-block-image size-large is-style-default\"><a href=\"https:\/\/altisk-karcag.hu\/wp-content\/uploads\/2026\/04\/fv2.jpg\"><img decoding=\"async\" loading=\"lazy\" width=\"1024\" height=\"1007\" data-id=\"5419\" src=\"https:\/\/altisk-karcag.hu\/wp-content\/uploads\/2026\/04\/fv2-1024x1007.jpg\" alt=\"\" class=\"wp-image-5419\" srcset=\"https:\/\/altisk-karcag.hu\/wp-content\/uploads\/2026\/04\/fv2-1024x1007.jpg 1024w, https:\/\/altisk-karcag.hu\/wp-content\/uploads\/2026\/04\/fv2-300x295.jpg 300w, https:\/\/altisk-karcag.hu\/wp-content\/uploads\/2026\/04\/fv2-768x755.jpg 768w, https:\/\/altisk-karcag.hu\/wp-content\/uploads\/2026\/04\/fv2-1536x1511.jpg 1536w, https:\/\/altisk-karcag.hu\/wp-content\/uploads\/2026\/04\/fv2-356x350.jpg 356w, https:\/\/altisk-karcag.hu\/wp-content\/uploads\/2026\/04\/fv2.jpg 2048w\" sizes=\"(max-width: 1024px) 100vw, 1024px\" \/><\/a><\/figure>\n\n\n\n<figure class=\"wp-block-image size-large is-style-default\"><a href=\"https:\/\/altisk-karcag.hu\/wp-content\/uploads\/2026\/04\/fv3.jpg\"><img decoding=\"async\" loading=\"lazy\" width=\"1024\" height=\"913\" data-id=\"5415\" src=\"https:\/\/altisk-karcag.hu\/wp-content\/uploads\/2026\/04\/fv3-1024x913.jpg\" alt=\"\" class=\"wp-image-5415\" srcset=\"https:\/\/altisk-karcag.hu\/wp-content\/uploads\/2026\/04\/fv3-1024x913.jpg 1024w, https:\/\/altisk-karcag.hu\/wp-content\/uploads\/2026\/04\/fv3-300x267.jpg 300w, https:\/\/altisk-karcag.hu\/wp-content\/uploads\/2026\/04\/fv3-768x685.jpg 768w, https:\/\/altisk-karcag.hu\/wp-content\/uploads\/2026\/04\/fv3-1536x1370.jpg 1536w, https:\/\/altisk-karcag.hu\/wp-content\/uploads\/2026\/04\/fv3-393x350.jpg 393w, https:\/\/altisk-karcag.hu\/wp-content\/uploads\/2026\/04\/fv3.jpg 2048w\" sizes=\"(max-width: 1024px) 100vw, 1024px\" \/><\/a><\/figure>\n\n\n\n<figure class=\"wp-block-image size-large is-style-default\"><a href=\"https:\/\/altisk-karcag.hu\/wp-content\/uploads\/2026\/04\/fv4.jpg\"><img decoding=\"async\" loading=\"lazy\" width=\"1024\" height=\"768\" data-id=\"5418\" src=\"https:\/\/altisk-karcag.hu\/wp-content\/uploads\/2026\/04\/fv4-1024x768.jpg\" alt=\"\" class=\"wp-image-5418\" srcset=\"https:\/\/altisk-karcag.hu\/wp-content\/uploads\/2026\/04\/fv4-1024x768.jpg 1024w, https:\/\/altisk-karcag.hu\/wp-content\/uploads\/2026\/04\/fv4-300x225.jpg 300w, https:\/\/altisk-karcag.hu\/wp-content\/uploads\/2026\/04\/fv4-768x576.jpg 768w, https:\/\/altisk-karcag.hu\/wp-content\/uploads\/2026\/04\/fv4-1536x1152.jpg 1536w, https:\/\/altisk-karcag.hu\/wp-content\/uploads\/2026\/04\/fv4-467x350.jpg 467w, https:\/\/altisk-karcag.hu\/wp-content\/uploads\/2026\/04\/fv4.jpg 2048w\" sizes=\"(max-width: 1024px) 100vw, 1024px\" \/><\/a><\/figure>\n\n\n\n<figure class=\"wp-block-image size-large is-style-default\"><a href=\"https:\/\/altisk-karcag.hu\/wp-content\/uploads\/2026\/04\/fv5.jpg\"><img decoding=\"async\" loading=\"lazy\" width=\"1024\" height=\"768\" data-id=\"5416\" src=\"https:\/\/altisk-karcag.hu\/wp-content\/uploads\/2026\/04\/fv5-1024x768.jpg\" alt=\"\" class=\"wp-image-5416\" srcset=\"https:\/\/altisk-karcag.hu\/wp-content\/uploads\/2026\/04\/fv5-1024x768.jpg 1024w, https:\/\/altisk-karcag.hu\/wp-content\/uploads\/2026\/04\/fv5-300x225.jpg 300w, https:\/\/altisk-karcag.hu\/wp-content\/uploads\/2026\/04\/fv5-768x576.jpg 768w, https:\/\/altisk-karcag.hu\/wp-content\/uploads\/2026\/04\/fv5-1536x1152.jpg 1536w, https:\/\/altisk-karcag.hu\/wp-content\/uploads\/2026\/04\/fv5-467x350.jpg 467w, https:\/\/altisk-karcag.hu\/wp-content\/uploads\/2026\/04\/fv5.jpg 2048w\" sizes=\"(max-width: 1024px) 100vw, 1024px\" \/><\/a><\/figure>\n<\/figure>\n","protected":false},"excerpt":{"rendered":"<p>2026.04.24-\u00e9n ker\u00fclt megrendez\u00e9sre Berekf\u00fcrd\u0151n \u201cCSAK A T\u00c9RK\u00c9P! &#8211; CSAK AFRIKA!, megyei f\u00f6ldrajzi tanulm\u00e1nyi verseny, ahol iskol\u00e1nk csapata minim\u00e1lis ponttal lemaradva a dobog\u00f3r\u00f3l, VI. helyen v\u00e9gzett! A verseny ut\u00e1n k\u00f6rbebarangoltuk Berekf\u00fcrd\u0151t, ahol bemutatt\u00e1k a Rep\u00fcl\u0151m\u00fazeumot is. Gratul\u00e1lunk S\u00e1nta R\u00e9k\u00e1nak, Laczko Levent\u00e9nek \u00e9s felk\u00e9sz\u00edt\u0151j\u00fcknek Jobb\u00e1gy Gerg\u0151 tan\u00e1r\u00farnak!<\/p>\n","protected":false},"author":1,"featured_media":0,"comment_status":"closed","ping_status":"closed","sticky":false,"template":"","format":"standard","meta":{"footnotes":""},"categories":[9,10],"tags":[],"_links":{"self":[{"href":"https:\/\/altisk-karcag.hu\/index.php?rest_route=\/wp\/v2\/posts\/5414"}],"collection":[{"href":"https:\/\/altisk-karcag.hu\/index.php?rest_route=\/wp\/v2\/posts"}],"about":[{"href":"https:\/\/altisk-karcag.hu\/index.php?rest_route=\/wp\/v2\/types\/post"}],"author":[{"embeddable":true,"href":"https:\/\/altisk-karcag.hu\/index.php?rest_route=\/wp\/v2\/users\/1"}],"replies":[{"embeddable":true,"href":"https:\/\/altisk-karcag.hu\/index.php?rest_route=%2Fwp%2Fv2%2Fcomments&post=5414"}],"version-history":[{"count":1,"href":"https:\/\/altisk-karcag.hu\/index.php?rest_route=\/wp\/v2\/posts\/5414\/revisions"}],"predecessor-version":[{"id":5420,"href":"https:\/\/altisk-karcag.hu\/index.php?rest_route=\/wp\/v2\/posts\/5414\/revisions\/5420"}],"wp:attachment":[{"href":"https:\/\/altisk-karcag.hu\/index.php?rest_route=%2Fwp%2Fv2%2Fmedia&parent=5414"}],"wp:term":[{"taxonomy":"category","embeddable":true,"href":"https:\/\/altisk-karcag.hu\/index.php?rest_route=%2Fwp%2Fv2%2Fcategories&post=5414"},{"taxonomy":"post_tag","embeddable":true,"href":"https:\/\/altisk-karcag.hu\/index.php?rest_route=%2Fwp%2Fv2%2Ftags&post=5414"}],"curies":[{"name":"wp","href":"https:\/\/api.w.org\/{rel}","templated":true}]}}