{"id":491,"date":"2020-02-07T13:16:07","date_gmt":"2020-02-07T13:16:07","guid":{"rendered":"https:\/\/altisk-karcag.hu\/wp\/?p=491"},"modified":"2024-08-14T09:38:18","modified_gmt":"2024-08-14T09:38:18","slug":"rajz-es-kornyezetvedelem","status":"publish","type":"post","link":"https:\/\/altisk-karcag.hu\/?p=491","title":{"rendered":"Rajz \u00e9s k\u00f6rnyezetv\u00e9delem"},"content":{"rendered":"<p style=\"text-align: justify;\">Szent P\u00e1l megt\u00e9r\u00e9s\u00e9nek \u00fcnnepe tisztelet\u00e9re K\u00f6rnyezettudatoss\u00e1g c\u00edm\u0171 rajzp\u00e1ly\u00e1zatot hirdetett a Szent P\u00e1l Marista \u00c1ltal\u00e1nos Iskola. \u00c1ltal\u00e1nos iskolai tagint\u00e9zm\u00e9nyeink di\u00e1kjai sikeresen szerepeltek ezen a megm\u00e9rettet\u00e9sen.<br>Kiskulcsosi tagint\u00e9zm\u00e9ny: <br>1-2. \u00e9vfolyamosok kateg\u00f3ri\u00e1j\u00e1ban Radv\u00e1nyi Cintia \u00c9va 3. helyez\u00e9st \u00e9rt el (T\u00f6r\u00f6k Ren\u00e1ta sz\u00fcl\u0151)<br>3-4. \u00e9vfolyamosok kateg\u00f3ri\u00e1j\u00e1ban N\u00e9meth Ferenc 1. helyezett lett (felk\u00e9sz\u00edt\u0151: Heged\u0171sn\u00e9 F\u00f3ri\u00e1n Annam\u00e1ria tan\u00edt\u00f3n\u0151)<\/p>\n<p style=\"text-align: justify;\">Kov\u00e1ts tagint\u00e9zm\u00e9ny:<br>5-6. \u00e9vfolyamosok kateg\u00f3ri\u00e1j\u00e1ban Szab\u00f3 Bogl\u00e1rka Julianna 1. helyen v\u00e9gzett (felk\u00e9sz\u00edt\u0151: Szab\u00f3n\u00e9 Kiss Juli\u00e1nna sz\u00fcl\u0151)<br>7-8. \u00e9vfolyamosok kateg\u00f3ri\u00e1j\u00e1ban Szab\u00f3 Veronika M\u00e1ria 3. helyez\u00e9st \u00e9rt el (felk\u00e9sz\u00edt\u0151: Szab\u00f3n\u00e9 Kiss Juli\u00e1nna sz\u00fcl\u0151) \u00e9s J\u00e1nosi Rebeka k\u00fcl\u00f6nd\u00edjat kapott (felk\u00e9sz\u00edt\u0151: Bacs\u00f3 Andrea R\u00f3zsa tan\u00e1rn\u0151)<br>Gratul\u00e1lok valamennyi indul\u00f3nak, k\u00fcl\u00f6n a helyezetteknek \u00e9s felk\u00e9sz\u00edt\u0151iknek!<\/p>\n<p style=\"text-align: center;\">L\u00e9vain\u00e9 Kov\u00e1cs R\u00f3za<br>int\u00e9zm\u00e9nyvezet\u0151-helyettes<\/p>\n\n\n<div class=\"wp-block-blockgallery-carousel\"><div class=\"is-cropped blockgallery has-no-alignment has-caption-style-dark\"><div class=\"has-carousel has-carousel-xlrg\" style=\"height:700px\" data-flickity=\"{&quot;autoPlay&quot;:false,&quot;draggable&quot;:false,&quot;pageDots&quot;:false,&quot;prevNextButtons&quot;:true,&quot;wrapAround&quot;:true,&quot;arrowShape&quot;:{&quot;x0&quot;:10,&quot;x1&quot;:60,&quot;y1&quot;:50,&quot;x2&quot;:65,&quot;y2&quot;:45,&quot;x3&quot;:20}}\"><div class=\"blockgallery--item\"><figure class=\"blockgallery--figure\"><img decoding=\"async\" loading=\"lazy\" width=\"1024\" height=\"683\" src=\"https:\/\/altisk-karcag.hu\/wp\/wp-content\/uploads\/2020\/02\/DSC_0101-1024x683.jpg\" alt=\"\" data-id=\"504\" data-link=\"https:\/\/altisk-karcag.hu\/wp\/?attachment_id=504\" class=\"wp-image-504\" srcset=\"https:\/\/altisk-karcag.hu\/wp-content\/uploads\/2020\/02\/DSC_0101-1024x683.jpg 1024w, https:\/\/altisk-karcag.hu\/wp-content\/uploads\/2020\/02\/DSC_0101-300x200.jpg 300w, https:\/\/altisk-karcag.hu\/wp-content\/uploads\/2020\/02\/DSC_0101-768x512.jpg 768w, https:\/\/altisk-karcag.hu\/wp-content\/uploads\/2020\/02\/DSC_0101-1536x1024.jpg 1536w, https:\/\/altisk-karcag.hu\/wp-content\/uploads\/2020\/02\/DSC_0101-150x100.jpg 150w, https:\/\/altisk-karcag.hu\/wp-content\/uploads\/2020\/02\/DSC_0101-1200x800.jpg 1200w, https:\/\/altisk-karcag.hu\/wp-content\/uploads\/2020\/02\/DSC_0101.jpg 1620w\" sizes=\"(max-width: 1024px) 100vw, 1024px\" \/><\/figure><\/div><div class=\"blockgallery--item\"><figure class=\"blockgallery--figure\"><img decoding=\"async\" loading=\"lazy\" width=\"1024\" height=\"683\" src=\"https:\/\/altisk-karcag.hu\/wp\/wp-content\/uploads\/2020\/02\/DSC_0098-1024x683.jpg\" alt=\"\" data-id=\"503\" data-link=\"https:\/\/altisk-karcag.hu\/wp\/?attachment_id=503\" class=\"wp-image-503\" srcset=\"https:\/\/altisk-karcag.hu\/wp-content\/uploads\/2020\/02\/DSC_0098-1024x683.jpg 1024w, https:\/\/altisk-karcag.hu\/wp-content\/uploads\/2020\/02\/DSC_0098-300x200.jpg 300w, https:\/\/altisk-karcag.hu\/wp-content\/uploads\/2020\/02\/DSC_0098-768x512.jpg 768w, https:\/\/altisk-karcag.hu\/wp-content\/uploads\/2020\/02\/DSC_0098-1536x1024.jpg 1536w, https:\/\/altisk-karcag.hu\/wp-content\/uploads\/2020\/02\/DSC_0098-150x100.jpg 150w, https:\/\/altisk-karcag.hu\/wp-content\/uploads\/2020\/02\/DSC_0098-1200x800.jpg 1200w, https:\/\/altisk-karcag.hu\/wp-content\/uploads\/2020\/02\/DSC_0098.jpg 1620w\" sizes=\"(max-width: 1024px) 100vw, 1024px\" \/><\/figure><\/div><div class=\"blockgallery--item\"><figure class=\"blockgallery--figure\"><img decoding=\"async\" loading=\"lazy\" width=\"1024\" height=\"683\" src=\"https:\/\/altisk-karcag.hu\/wp\/wp-content\/uploads\/2020\/02\/DSC_0084-1024x683.jpg\" alt=\"\" data-id=\"502\" data-link=\"https:\/\/altisk-karcag.hu\/wp\/?attachment_id=502\" class=\"wp-image-502\" srcset=\"https:\/\/altisk-karcag.hu\/wp-content\/uploads\/2020\/02\/DSC_0084-1024x683.jpg 1024w, https:\/\/altisk-karcag.hu\/wp-content\/uploads\/2020\/02\/DSC_0084-300x200.jpg 300w, https:\/\/altisk-karcag.hu\/wp-content\/uploads\/2020\/02\/DSC_0084-768x512.jpg 768w, https:\/\/altisk-karcag.hu\/wp-content\/uploads\/2020\/02\/DSC_0084-1536x1024.jpg 1536w, https:\/\/altisk-karcag.hu\/wp-content\/uploads\/2020\/02\/DSC_0084-150x100.jpg 150w, https:\/\/altisk-karcag.hu\/wp-content\/uploads\/2020\/02\/DSC_0084-1200x800.jpg 1200w, https:\/\/altisk-karcag.hu\/wp-content\/uploads\/2020\/02\/DSC_0084.jpg 1620w\" sizes=\"(max-width: 1024px) 100vw, 1024px\" \/><\/figure><\/div><div class=\"blockgallery--item\"><figure class=\"blockgallery--figure\"><img decoding=\"async\" loading=\"lazy\" width=\"1024\" height=\"683\" src=\"https:\/\/altisk-karcag.hu\/wp\/wp-content\/uploads\/2020\/02\/DSC_0081-1024x683.jpg\" alt=\"\" data-id=\"501\" data-link=\"https:\/\/altisk-karcag.hu\/wp\/?attachment_id=501\" class=\"wp-image-501\" srcset=\"https:\/\/altisk-karcag.hu\/wp-content\/uploads\/2020\/02\/DSC_0081-1024x683.jpg 1024w, https:\/\/altisk-karcag.hu\/wp-content\/uploads\/2020\/02\/DSC_0081-300x200.jpg 300w, https:\/\/altisk-karcag.hu\/wp-content\/uploads\/2020\/02\/DSC_0081-768x512.jpg 768w, https:\/\/altisk-karcag.hu\/wp-content\/uploads\/2020\/02\/DSC_0081-1536x1024.jpg 1536w, https:\/\/altisk-karcag.hu\/wp-content\/uploads\/2020\/02\/DSC_0081-150x100.jpg 150w, https:\/\/altisk-karcag.hu\/wp-content\/uploads\/2020\/02\/DSC_0081-1200x800.jpg 1200w, https:\/\/altisk-karcag.hu\/wp-content\/uploads\/2020\/02\/DSC_0081.jpg 1620w\" sizes=\"(max-width: 1024px) 100vw, 1024px\" \/><\/figure><\/div><div class=\"blockgallery--item\"><figure class=\"blockgallery--figure\"><img decoding=\"async\" loading=\"lazy\" width=\"1024\" height=\"683\" src=\"https:\/\/altisk-karcag.hu\/wp\/wp-content\/uploads\/2020\/02\/DSC_0103-1024x683.jpg\" alt=\"\" data-id=\"500\" data-link=\"https:\/\/altisk-karcag.hu\/wp\/?attachment_id=500\" class=\"wp-image-500\" srcset=\"https:\/\/altisk-karcag.hu\/wp-content\/uploads\/2020\/02\/DSC_0103-1024x683.jpg 1024w, https:\/\/altisk-karcag.hu\/wp-content\/uploads\/2020\/02\/DSC_0103-300x200.jpg 300w, https:\/\/altisk-karcag.hu\/wp-content\/uploads\/2020\/02\/DSC_0103-768x512.jpg 768w, https:\/\/altisk-karcag.hu\/wp-content\/uploads\/2020\/02\/DSC_0103-1536x1024.jpg 1536w, https:\/\/altisk-karcag.hu\/wp-content\/uploads\/2020\/02\/DSC_0103-150x100.jpg 150w, https:\/\/altisk-karcag.hu\/wp-content\/uploads\/2020\/02\/DSC_0103-1200x800.jpg 1200w, https:\/\/altisk-karcag.hu\/wp-content\/uploads\/2020\/02\/DSC_0103.jpg 1620w\" sizes=\"(max-width: 1024px) 100vw, 1024px\" \/><\/figure><\/div><div class=\"blockgallery--item\"><figure class=\"blockgallery--figure\"><img decoding=\"async\" loading=\"lazy\" width=\"720\" height=\"960\" src=\"https:\/\/altisk-karcag.hu\/wp\/wp-content\/uploads\/2020\/02\/Radv\u00e1nyi-Cintia-rajzverseny.jpg\" alt=\"\" data-id=\"496\" data-link=\"https:\/\/altisk-karcag.hu\/wp\/?attachment_id=496\" class=\"wp-image-496\" srcset=\"https:\/\/altisk-karcag.hu\/wp-content\/uploads\/2020\/02\/Radv\u00e1nyi-Cintia-rajzverseny.jpg 720w, https:\/\/altisk-karcag.hu\/wp-content\/uploads\/2020\/02\/Radv\u00e1nyi-Cintia-rajzverseny-225x300.jpg 225w, https:\/\/altisk-karcag.hu\/wp-content\/uploads\/2020\/02\/Radv\u00e1nyi-Cintia-rajzverseny-113x150.jpg 113w, https:\/\/altisk-karcag.hu\/wp-content\/uploads\/2020\/02\/Radv\u00e1nyi-Cintia-rajzverseny-300x400.jpg 300w\" sizes=\"(max-width: 720px) 100vw, 720px\" \/><\/figure><\/div><div class=\"blockgallery--item\"><figure class=\"blockgallery--figure\"><img decoding=\"async\" loading=\"lazy\" width=\"1024\" height=\"683\" src=\"https:\/\/altisk-karcag.hu\/wp\/wp-content\/uploads\/2020\/02\/DSC_0111-1024x683.jpg\" alt=\"\" data-id=\"495\" data-link=\"https:\/\/altisk-karcag.hu\/wp\/?attachment_id=495\" class=\"wp-image-495\" srcset=\"https:\/\/altisk-karcag.hu\/wp-content\/uploads\/2020\/02\/DSC_0111-1024x683.jpg 1024w, https:\/\/altisk-karcag.hu\/wp-content\/uploads\/2020\/02\/DSC_0111-300x200.jpg 300w, https:\/\/altisk-karcag.hu\/wp-content\/uploads\/2020\/02\/DSC_0111-768x512.jpg 768w, https:\/\/altisk-karcag.hu\/wp-content\/uploads\/2020\/02\/DSC_0111-1536x1024.jpg 1536w, https:\/\/altisk-karcag.hu\/wp-content\/uploads\/2020\/02\/DSC_0111-150x100.jpg 150w, https:\/\/altisk-karcag.hu\/wp-content\/uploads\/2020\/02\/DSC_0111-1200x800.jpg 1200w, https:\/\/altisk-karcag.hu\/wp-content\/uploads\/2020\/02\/DSC_0111.jpg 1620w\" sizes=\"(max-width: 1024px) 100vw, 1024px\" \/><\/figure><\/div><div class=\"blockgallery--item\"><figure class=\"blockgallery--figure\"><img decoding=\"async\" loading=\"lazy\" width=\"1024\" height=\"683\" src=\"https:\/\/altisk-karcag.hu\/wp\/wp-content\/uploads\/2020\/02\/DSC_0106-1024x683.jpg\" alt=\"\" data-id=\"494\" data-link=\"https:\/\/altisk-karcag.hu\/wp\/?attachment_id=494\" class=\"wp-image-494\" srcset=\"https:\/\/altisk-karcag.hu\/wp-content\/uploads\/2020\/02\/DSC_0106-1024x683.jpg 1024w, https:\/\/altisk-karcag.hu\/wp-content\/uploads\/2020\/02\/DSC_0106-300x200.jpg 300w, https:\/\/altisk-karcag.hu\/wp-content\/uploads\/2020\/02\/DSC_0106-768x512.jpg 768w, https:\/\/altisk-karcag.hu\/wp-content\/uploads\/2020\/02\/DSC_0106-1536x1024.jpg 1536w, https:\/\/altisk-karcag.hu\/wp-content\/uploads\/2020\/02\/DSC_0106-150x100.jpg 150w, https:\/\/altisk-karcag.hu\/wp-content\/uploads\/2020\/02\/DSC_0106-1200x800.jpg 1200w, https:\/\/altisk-karcag.hu\/wp-content\/uploads\/2020\/02\/DSC_0106.jpg 1620w\" sizes=\"(max-width: 1024px) 100vw, 1024px\" \/><\/figure><\/div><\/div><\/div><\/div>\n","protected":false},"excerpt":{"rendered":"<p>Szent P\u00e1l megt\u00e9r\u00e9s\u00e9nek \u00fcnnepe tisztelet\u00e9re K\u00f6rnyezettudatoss\u00e1g c\u00edm\u0171 rajzp\u00e1ly\u00e1zatot hirdetett a Szent P\u00e1l Marista \u00c1ltal\u00e1nos Iskola. \u00c1ltal\u00e1nos iskolai tagint\u00e9zm\u00e9nyeink di\u00e1kjai sikeresen szerepeltek ezen a megm\u00e9rettet\u00e9sen.Kiskulcsosi tagint\u00e9zm\u00e9ny: 1-2. \u00e9vfolyamosok kateg\u00f3ri\u00e1j\u00e1ban Radv\u00e1nyi Cintia \u00c9va 3. helyez\u00e9st \u00e9rt el (T\u00f6r\u00f6k Ren\u00e1ta sz\u00fcl\u0151)3-4. \u00e9vfolyamosok kateg\u00f3ri\u00e1j\u00e1ban N\u00e9meth Ferenc 1. helyezett lett (felk\u00e9sz\u00edt\u0151: Heged\u0171sn\u00e9 F\u00f3ri\u00e1n Annam\u00e1ria tan\u00edt\u00f3n\u0151) &hellip;<\/p>\n","protected":false},"author":1,"featured_media":500,"comment_status":"closed","ping_status":"closed","sticky":false,"template":"","format":"standard","meta":{"footnotes":""},"categories":[10,11],"tags":[],"_links":{"self":[{"href":"https:\/\/altisk-karcag.hu\/index.php?rest_route=\/wp\/v2\/posts\/491"}],"collection":[{"href":"https:\/\/altisk-karcag.hu\/index.php?rest_route=\/wp\/v2\/posts"}],"about":[{"href":"https:\/\/altisk-karcag.hu\/index.php?rest_route=\/wp\/v2\/types\/post"}],"author":[{"embeddable":true,"href":"https:\/\/altisk-karcag.hu\/index.php?rest_route=\/wp\/v2\/users\/1"}],"replies":[{"embeddable":true,"href":"https:\/\/altisk-karcag.hu\/index.php?rest_route=%2Fwp%2Fv2%2Fcomments&post=491"}],"version-history":[{"count":5,"href":"https:\/\/altisk-karcag.hu\/index.php?rest_route=\/wp\/v2\/posts\/491\/revisions"}],"predecessor-version":[{"id":528,"href":"https:\/\/altisk-karcag.hu\/index.php?rest_route=\/wp\/v2\/posts\/491\/revisions\/528"}],"wp:featuredmedia":[{"embeddable":true,"href":"https:\/\/altisk-karcag.hu\/index.php?rest_route=\/wp\/v2\/media\/500"}],"wp:attachment":[{"href":"https:\/\/altisk-karcag.hu\/index.php?rest_route=%2Fwp%2Fv2%2Fmedia&parent=491"}],"wp:term":[{"taxonomy":"category","embeddable":true,"href":"https:\/\/altisk-karcag.hu\/index.php?rest_route=%2Fwp%2Fv2%2Fcategories&post=491"},{"taxonomy":"post_tag","embeddable":true,"href":"https:\/\/altisk-karcag.hu\/index.php?rest_route=%2Fwp%2Fv2%2Ftags&post=491"}],"curies":[{"name":"wp","href":"https:\/\/api.w.org\/{rel}","templated":true}]}}