{"id":4836,"date":"2026-02-12T13:39:50","date_gmt":"2026-02-12T13:39:50","guid":{"rendered":"https:\/\/altisk-karcag.hu\/?p=4836"},"modified":"2026-02-12T13:39:51","modified_gmt":"2026-02-12T13:39:51","slug":"palackba-zart-fantazia-diakjaink-alkotasai-orszagos-kiallitason","status":"publish","type":"post","link":"https:\/\/altisk-karcag.hu\/?p=4836","title":{"rendered":"Palackba z\u00e1rt fant\u00e1zia \u2013 di\u00e1kjaink alkot\u00e1sai orsz\u00e1gos ki\u00e1ll\u00edt\u00e1son"},"content":{"rendered":"\n<p>2026.01.31-\u00e9n a Karcagi Kov\u00e1ts Mih\u00e1ly \u00c1ltal\u00e1nos Iskol\u00e1b\u00f3l t\u00f6bb tanul\u00f3nk is r\u00e9szt vett egy k\u00f6z\u00f6ss\u00e9gi<br>fel\u00fcleten meghirdetett orsz\u00e1gos rajzp\u00e1ly\u00e1zaton, amely sor\u00e1n egy n\u00e9pszer\u0171 \u00fcd\u00edt\u0151: a Tutti Juice \u00faj ny\u00e1ri<br>\u00edz\u00e9t \u00e9s annak csomagol\u00e1s\u00e1t kellett megtervezni.<br>B\u00e1r nem \u00e9rt\u00fcnk el helyez\u00e9st, de a zs\u0171ri t\u00f6bb sz\u00e1z, az orsz\u00e1g minden t\u00e1j\u00e1r\u00f3l \u00e9rkezett alkot\u00e1s k\u00f6z\u00fcl 4<br>tan\u00edtv\u00e1nyunk munk\u00e1j\u00e1t tartotta \u00e9rdemesnek, hogy az \u00dajpesti Kultur\u00e1lis K\u00f6zpont \u00e9s Ifj\u00fas\u00e1gi H\u00e1z<br>ki\u00e1ll\u00edt\u00e1si anyag\u00e1t sz\u00ednes\u00edts\u00e9k: L\u00e1posi Hanna 6.a oszt\u00e1ly, T\u00f3th Norina Nikolett 6.a oszt\u00e1ly, Varga J\u00e1nos<br>Istv\u00e1n 7. oszt\u00e1ly \u00e9s Balog Andor 8. oszt\u00e1ly.<br>A tanul\u00f3k egy-egy J\u00e1nosik Gerg\u0151 \u00e1ltal dedik\u00e1lt oklev\u00e9lben r\u00e9szes\u00fcltek.<br>Felk\u00e9sz\u00edt\u0151 pedag\u00f3gus: Bacs\u00f3 Andrea<br>Gratul\u00e1lunk minden r\u00e9sztvev\u0151nek \u00e9s a ki\u00e1ll\u00edt\u00e1son is szerepl\u0151 tanul\u00f3knak!<\/p>\n\n\n\n<figure class=\"wp-block-gallery has-nested-images columns-default is-cropped wp-block-gallery-1 is-layout-flex wp-block-gallery-is-layout-flex\">\n<figure class=\"wp-block-image size-large is-style-default\"><a href=\"https:\/\/altisk-karcag.hu\/wp-content\/uploads\/2026\/02\/625745152_1401207568476390_4087656551949902874_n.jpg\"><img decoding=\"async\" loading=\"lazy\" width=\"1024\" height=\"683\" data-id=\"4837\" src=\"https:\/\/altisk-karcag.hu\/wp-content\/uploads\/2026\/02\/625745152_1401207568476390_4087656551949902874_n-1024x683.jpg\" alt=\"\" class=\"wp-image-4837\" srcset=\"https:\/\/altisk-karcag.hu\/wp-content\/uploads\/2026\/02\/625745152_1401207568476390_4087656551949902874_n-1024x683.jpg 1024w, https:\/\/altisk-karcag.hu\/wp-content\/uploads\/2026\/02\/625745152_1401207568476390_4087656551949902874_n-300x200.jpg 300w, https:\/\/altisk-karcag.hu\/wp-content\/uploads\/2026\/02\/625745152_1401207568476390_4087656551949902874_n-768x512.jpg 768w, https:\/\/altisk-karcag.hu\/wp-content\/uploads\/2026\/02\/625745152_1401207568476390_4087656551949902874_n-1536x1024.jpg 1536w, https:\/\/altisk-karcag.hu\/wp-content\/uploads\/2026\/02\/625745152_1401207568476390_4087656551949902874_n-525x350.jpg 525w, https:\/\/altisk-karcag.hu\/wp-content\/uploads\/2026\/02\/625745152_1401207568476390_4087656551949902874_n.jpg 2048w\" sizes=\"(max-width: 1024px) 100vw, 1024px\" \/><\/a><\/figure>\n\n\n\n<figure class=\"wp-block-image size-large is-style-default\"><a href=\"https:\/\/altisk-karcag.hu\/wp-content\/uploads\/2026\/02\/Varga-Janos-Istvan-7.-o.jpg\"><img decoding=\"async\" loading=\"lazy\" width=\"710\" height=\"1024\" data-id=\"4840\" src=\"https:\/\/altisk-karcag.hu\/wp-content\/uploads\/2026\/02\/Varga-Janos-Istvan-7.-o-710x1024.jpg\" alt=\"\" class=\"wp-image-4840\" srcset=\"https:\/\/altisk-karcag.hu\/wp-content\/uploads\/2026\/02\/Varga-Janos-Istvan-7.-o-710x1024.jpg 710w, https:\/\/altisk-karcag.hu\/wp-content\/uploads\/2026\/02\/Varga-Janos-Istvan-7.-o-208x300.jpg 208w, https:\/\/altisk-karcag.hu\/wp-content\/uploads\/2026\/02\/Varga-Janos-Istvan-7.-o-768x1108.jpg 768w, https:\/\/altisk-karcag.hu\/wp-content\/uploads\/2026\/02\/Varga-Janos-Istvan-7.-o-1065x1536.jpg 1065w, https:\/\/altisk-karcag.hu\/wp-content\/uploads\/2026\/02\/Varga-Janos-Istvan-7.-o-243x350.jpg 243w, https:\/\/altisk-karcag.hu\/wp-content\/uploads\/2026\/02\/Varga-Janos-Istvan-7.-o.jpg 1375w\" sizes=\"(max-width: 710px) 100vw, 710px\" \/><\/a><\/figure>\n\n\n\n<figure class=\"wp-block-image size-large is-style-default\"><a href=\"https:\/\/altisk-karcag.hu\/wp-content\/uploads\/2026\/02\/Laposi-Hanna-6.a.jpg\"><img decoding=\"async\" loading=\"lazy\" width=\"760\" height=\"1024\" data-id=\"4838\" src=\"https:\/\/altisk-karcag.hu\/wp-content\/uploads\/2026\/02\/Laposi-Hanna-6.a-760x1024.jpg\" alt=\"\" class=\"wp-image-4838\" srcset=\"https:\/\/altisk-karcag.hu\/wp-content\/uploads\/2026\/02\/Laposi-Hanna-6.a-760x1024.jpg 760w, https:\/\/altisk-karcag.hu\/wp-content\/uploads\/2026\/02\/Laposi-Hanna-6.a-223x300.jpg 223w, https:\/\/altisk-karcag.hu\/wp-content\/uploads\/2026\/02\/Laposi-Hanna-6.a-768x1035.jpg 768w, https:\/\/altisk-karcag.hu\/wp-content\/uploads\/2026\/02\/Laposi-Hanna-6.a-260x350.jpg 260w, https:\/\/altisk-karcag.hu\/wp-content\/uploads\/2026\/02\/Laposi-Hanna-6.a.jpg 1135w\" sizes=\"(max-width: 760px) 100vw, 760px\" \/><\/a><\/figure>\n\n\n\n<figure class=\"wp-block-image size-large is-style-default\"><a href=\"https:\/\/altisk-karcag.hu\/wp-content\/uploads\/2026\/02\/Balog-Andor-8.o.jpg\"><img decoding=\"async\" loading=\"lazy\" width=\"750\" height=\"1024\" data-id=\"4841\" src=\"https:\/\/altisk-karcag.hu\/wp-content\/uploads\/2026\/02\/Balog-Andor-8.o-750x1024.jpg\" alt=\"\" class=\"wp-image-4841\" srcset=\"https:\/\/altisk-karcag.hu\/wp-content\/uploads\/2026\/02\/Balog-Andor-8.o-750x1024.jpg 750w, https:\/\/altisk-karcag.hu\/wp-content\/uploads\/2026\/02\/Balog-Andor-8.o-220x300.jpg 220w, https:\/\/altisk-karcag.hu\/wp-content\/uploads\/2026\/02\/Balog-Andor-8.o-768x1048.jpg 768w, https:\/\/altisk-karcag.hu\/wp-content\/uploads\/2026\/02\/Balog-Andor-8.o-1125x1536.jpg 1125w, https:\/\/altisk-karcag.hu\/wp-content\/uploads\/2026\/02\/Balog-Andor-8.o-256x350.jpg 256w, https:\/\/altisk-karcag.hu\/wp-content\/uploads\/2026\/02\/Balog-Andor-8.o.jpg 1357w\" sizes=\"(max-width: 750px) 100vw, 750px\" \/><\/a><\/figure>\n\n\n\n<figure class=\"wp-block-image size-large is-style-default\"><a href=\"https:\/\/altisk-karcag.hu\/wp-content\/uploads\/2026\/02\/Toth-Norina-Nikolett-6.a.jpg\"><img decoding=\"async\" loading=\"lazy\" width=\"800\" height=\"1024\" data-id=\"4839\" src=\"https:\/\/altisk-karcag.hu\/wp-content\/uploads\/2026\/02\/Toth-Norina-Nikolett-6.a-800x1024.jpg\" alt=\"\" class=\"wp-image-4839\" srcset=\"https:\/\/altisk-karcag.hu\/wp-content\/uploads\/2026\/02\/Toth-Norina-Nikolett-6.a-800x1024.jpg 800w, https:\/\/altisk-karcag.hu\/wp-content\/uploads\/2026\/02\/Toth-Norina-Nikolett-6.a-234x300.jpg 234w, https:\/\/altisk-karcag.hu\/wp-content\/uploads\/2026\/02\/Toth-Norina-Nikolett-6.a-768x983.jpg 768w, https:\/\/altisk-karcag.hu\/wp-content\/uploads\/2026\/02\/Toth-Norina-Nikolett-6.a-274x350.jpg 274w, https:\/\/altisk-karcag.hu\/wp-content\/uploads\/2026\/02\/Toth-Norina-Nikolett-6.a.jpg 1191w\" sizes=\"(max-width: 800px) 100vw, 800px\" \/><\/a><\/figure>\n<\/figure>\n","protected":false},"excerpt":{"rendered":"<p>2026.01.31-\u00e9n a Karcagi Kov\u00e1ts Mih\u00e1ly \u00c1ltal\u00e1nos Iskol\u00e1b\u00f3l t\u00f6bb tanul\u00f3nk is r\u00e9szt vett egy k\u00f6z\u00f6ss\u00e9gifel\u00fcleten meghirdetett orsz\u00e1gos rajzp\u00e1ly\u00e1zaton, amely sor\u00e1n egy n\u00e9pszer\u0171 \u00fcd\u00edt\u0151: a Tutti Juice \u00faj ny\u00e1ri\u00edz\u00e9t \u00e9s annak csomagol\u00e1s\u00e1t kellett megtervezni.B\u00e1r nem \u00e9rt\u00fcnk el helyez\u00e9st, de a zs\u0171ri t\u00f6bb sz\u00e1z, az orsz\u00e1g minden t\u00e1j\u00e1r\u00f3l \u00e9rkezett alkot\u00e1s k\u00f6z\u00fcl 4tan\u00edtv\u00e1nyunk munk\u00e1j\u00e1t &hellip;<\/p>\n","protected":false},"author":1,"featured_media":4842,"comment_status":"closed","ping_status":"closed","sticky":false,"template":"","format":"standard","meta":{"footnotes":""},"categories":[9,11],"tags":[],"_links":{"self":[{"href":"https:\/\/altisk-karcag.hu\/index.php?rest_route=\/wp\/v2\/posts\/4836"}],"collection":[{"href":"https:\/\/altisk-karcag.hu\/index.php?rest_route=\/wp\/v2\/posts"}],"about":[{"href":"https:\/\/altisk-karcag.hu\/index.php?rest_route=\/wp\/v2\/types\/post"}],"author":[{"embeddable":true,"href":"https:\/\/altisk-karcag.hu\/index.php?rest_route=\/wp\/v2\/users\/1"}],"replies":[{"embeddable":true,"href":"https:\/\/altisk-karcag.hu\/index.php?rest_route=%2Fwp%2Fv2%2Fcomments&post=4836"}],"version-history":[{"count":1,"href":"https:\/\/altisk-karcag.hu\/index.php?rest_route=\/wp\/v2\/posts\/4836\/revisions"}],"predecessor-version":[{"id":4843,"href":"https:\/\/altisk-karcag.hu\/index.php?rest_route=\/wp\/v2\/posts\/4836\/revisions\/4843"}],"wp:featuredmedia":[{"embeddable":true,"href":"https:\/\/altisk-karcag.hu\/index.php?rest_route=\/wp\/v2\/media\/4842"}],"wp:attachment":[{"href":"https:\/\/altisk-karcag.hu\/index.php?rest_route=%2Fwp%2Fv2%2Fmedia&parent=4836"}],"wp:term":[{"taxonomy":"category","embeddable":true,"href":"https:\/\/altisk-karcag.hu\/index.php?rest_route=%2Fwp%2Fv2%2Fcategories&post=4836"},{"taxonomy":"post_tag","embeddable":true,"href":"https:\/\/altisk-karcag.hu\/index.php?rest_route=%2Fwp%2Fv2%2Ftags&post=4836"}],"curies":[{"name":"wp","href":"https:\/\/api.w.org\/{rel}","templated":true}]}}