{"id":4828,"date":"2026-02-12T10:36:51","date_gmt":"2026-02-12T10:36:51","guid":{"rendered":"https:\/\/altisk-karcag.hu\/?p=4828"},"modified":"2026-02-12T10:36:53","modified_gmt":"2026-02-12T10:36:53","slug":"kicsin-mulott-a-megyei-dontobe-jutas-a-iv-korcsoportos-lany-kezilabda-csapatunknak","status":"publish","type":"post","link":"https:\/\/altisk-karcag.hu\/?p=4828","title":{"rendered":"Kicsin m\u00falott a megyei d\u00f6nt\u0151be jut\u00e1s a IV.korcsoportos l\u00e1ny k\u00e9zilabda csapatunknak!"},"content":{"rendered":"\n<p>A mai napon (2026.02.11.) ker\u00fclt megrendez\u00e9sre a IV. korcsoportos l\u00e1ny k\u00e9zilabda k\u00f6rzeti d\u00f6nt\u0151 Karcagon, ahol kicsi hi\u00e1nyzott volna a megyei d\u00f6nt\u0151be jut\u00e1s\u00e9rt, de \u00edgy is sz\u00e9p szerepl\u00e9ssel az el\u0151kel\u0151 3. helyen v\u00e9gzett a l\u00e1ny csapat. Gratul\u00e1lunk a csapatnak \u00e9s felk\u00e9sz\u00edt\u0151iknek: Nagyn\u00e9 S\u00fct\u0151 Mariannak \u00e9s Jobb\u00e1gy Gerg\u0151nek! Hajr\u00e1 Kiskulcsos! <img decoding=\"async\" loading=\"lazy\" height=\"16\" width=\"16\" src=\"https:\/\/static.xx.fbcdn.net\/images\/emoji.php\/v9\/t6c\/1\/16\/1f4aa.png\" alt=\"\ud83d\udcaa\"><img decoding=\"async\" loading=\"lazy\" height=\"16\" width=\"16\" src=\"https:\/\/static.xx.fbcdn.net\/images\/emoji.php\/v9\/tf9\/1\/16\/1f44f_1f3fb.png\" alt=\"\ud83d\udc4f\ud83c\udffb\"><\/p>\n\n\n\n<figure class=\"wp-block-gallery has-nested-images columns-default is-cropped wp-block-gallery-1 is-layout-flex wp-block-gallery-is-layout-flex\">\n<figure class=\"wp-block-image size-large is-style-default\"><a href=\"https:\/\/altisk-karcag.hu\/wp-content\/uploads\/2026\/02\/01-2.jpg\"><img decoding=\"async\" loading=\"lazy\" width=\"1024\" height=\"822\" data-id=\"4829\" src=\"https:\/\/altisk-karcag.hu\/wp-content\/uploads\/2026\/02\/01-2-1024x822.jpg\" alt=\"\" class=\"wp-image-4829\" srcset=\"https:\/\/altisk-karcag.hu\/wp-content\/uploads\/2026\/02\/01-2-1024x822.jpg 1024w, https:\/\/altisk-karcag.hu\/wp-content\/uploads\/2026\/02\/01-2-300x241.jpg 300w, https:\/\/altisk-karcag.hu\/wp-content\/uploads\/2026\/02\/01-2-768x617.jpg 768w, https:\/\/altisk-karcag.hu\/wp-content\/uploads\/2026\/02\/01-2-1536x1233.jpg 1536w, https:\/\/altisk-karcag.hu\/wp-content\/uploads\/2026\/02\/01-2-436x350.jpg 436w, https:\/\/altisk-karcag.hu\/wp-content\/uploads\/2026\/02\/01-2.jpg 1827w\" sizes=\"(max-width: 1024px) 100vw, 1024px\" \/><\/a><\/figure>\n\n\n\n<figure class=\"wp-block-image size-large is-style-default\"><a href=\"https:\/\/altisk-karcag.hu\/wp-content\/uploads\/2026\/02\/02-2.jpg\"><img decoding=\"async\" loading=\"lazy\" width=\"768\" height=\"1024\" data-id=\"4830\" src=\"https:\/\/altisk-karcag.hu\/wp-content\/uploads\/2026\/02\/02-2-768x1024.jpg\" alt=\"\" class=\"wp-image-4830\" srcset=\"https:\/\/altisk-karcag.hu\/wp-content\/uploads\/2026\/02\/02-2-768x1024.jpg 768w, https:\/\/altisk-karcag.hu\/wp-content\/uploads\/2026\/02\/02-2-225x300.jpg 225w, https:\/\/altisk-karcag.hu\/wp-content\/uploads\/2026\/02\/02-2-1152x1536.jpg 1152w, https:\/\/altisk-karcag.hu\/wp-content\/uploads\/2026\/02\/02-2-263x350.jpg 263w, https:\/\/altisk-karcag.hu\/wp-content\/uploads\/2026\/02\/02-2.jpg 1536w\" sizes=\"(max-width: 768px) 100vw, 768px\" \/><\/a><\/figure>\n\n\n\n<figure class=\"wp-block-image size-large is-style-default\"><a href=\"https:\/\/altisk-karcag.hu\/wp-content\/uploads\/2026\/02\/03-2.jpg\"><img decoding=\"async\" loading=\"lazy\" width=\"1024\" height=\"515\" data-id=\"4832\" src=\"https:\/\/altisk-karcag.hu\/wp-content\/uploads\/2026\/02\/03-2-1024x515.jpg\" alt=\"\" class=\"wp-image-4832\" srcset=\"https:\/\/altisk-karcag.hu\/wp-content\/uploads\/2026\/02\/03-2-1024x515.jpg 1024w, https:\/\/altisk-karcag.hu\/wp-content\/uploads\/2026\/02\/03-2-300x151.jpg 300w, https:\/\/altisk-karcag.hu\/wp-content\/uploads\/2026\/02\/03-2-768x386.jpg 768w, https:\/\/altisk-karcag.hu\/wp-content\/uploads\/2026\/02\/03-2-1536x773.jpg 1536w, https:\/\/altisk-karcag.hu\/wp-content\/uploads\/2026\/02\/03-2-696x350.jpg 696w, https:\/\/altisk-karcag.hu\/wp-content\/uploads\/2026\/02\/03-2.jpg 2048w\" sizes=\"(max-width: 1024px) 100vw, 1024px\" \/><\/a><\/figure>\n\n\n\n<figure class=\"wp-block-image size-large is-style-default\"><a href=\"https:\/\/altisk-karcag.hu\/wp-content\/uploads\/2026\/02\/04-2.jpg\"><img decoding=\"async\" loading=\"lazy\" width=\"1024\" height=\"472\" data-id=\"4831\" src=\"https:\/\/altisk-karcag.hu\/wp-content\/uploads\/2026\/02\/04-2-1024x472.jpg\" alt=\"\" class=\"wp-image-4831\" srcset=\"https:\/\/altisk-karcag.hu\/wp-content\/uploads\/2026\/02\/04-2-1024x472.jpg 1024w, https:\/\/altisk-karcag.hu\/wp-content\/uploads\/2026\/02\/04-2-300x138.jpg 300w, https:\/\/altisk-karcag.hu\/wp-content\/uploads\/2026\/02\/04-2-768x354.jpg 768w, https:\/\/altisk-karcag.hu\/wp-content\/uploads\/2026\/02\/04-2-1536x708.jpg 1536w, https:\/\/altisk-karcag.hu\/wp-content\/uploads\/2026\/02\/04-2-759x350.jpg 759w, https:\/\/altisk-karcag.hu\/wp-content\/uploads\/2026\/02\/04-2.jpg 2048w\" sizes=\"(max-width: 1024px) 100vw, 1024px\" \/><\/a><\/figure>\n\n\n\n<figure class=\"wp-block-image size-large is-style-default\"><a href=\"https:\/\/altisk-karcag.hu\/wp-content\/uploads\/2026\/02\/05-2.jpg\"><img decoding=\"async\" loading=\"lazy\" width=\"1024\" height=\"556\" data-id=\"4833\" src=\"https:\/\/altisk-karcag.hu\/wp-content\/uploads\/2026\/02\/05-2-1024x556.jpg\" alt=\"\" class=\"wp-image-4833\" srcset=\"https:\/\/altisk-karcag.hu\/wp-content\/uploads\/2026\/02\/05-2-1024x556.jpg 1024w, https:\/\/altisk-karcag.hu\/wp-content\/uploads\/2026\/02\/05-2-300x163.jpg 300w, https:\/\/altisk-karcag.hu\/wp-content\/uploads\/2026\/02\/05-2-768x417.jpg 768w, https:\/\/altisk-karcag.hu\/wp-content\/uploads\/2026\/02\/05-2-1536x834.jpg 1536w, https:\/\/altisk-karcag.hu\/wp-content\/uploads\/2026\/02\/05-2-645x350.jpg 645w, https:\/\/altisk-karcag.hu\/wp-content\/uploads\/2026\/02\/05-2.jpg 2048w\" sizes=\"(max-width: 1024px) 100vw, 1024px\" \/><\/a><\/figure>\n<\/figure>\n","protected":false},"excerpt":{"rendered":"<p>A mai napon (2026.02.11.) ker\u00fclt megrendez\u00e9sre a IV. korcsoportos l\u00e1ny k\u00e9zilabda k\u00f6rzeti d\u00f6nt\u0151 Karcagon, ahol kicsi hi\u00e1nyzott volna a megyei d\u00f6nt\u0151be jut\u00e1s\u00e9rt, de \u00edgy is sz\u00e9p szerepl\u00e9ssel az el\u0151kel\u0151 3. helyen v\u00e9gzett a l\u00e1ny csapat. Gratul\u00e1lunk a csapatnak \u00e9s felk\u00e9sz\u00edt\u0151iknek: Nagyn\u00e9 S\u00fct\u0151 Mariannak \u00e9s Jobb\u00e1gy Gerg\u0151nek! Hajr\u00e1 Kiskulcsos!<\/p>\n","protected":false},"author":1,"featured_media":4834,"comment_status":"closed","ping_status":"closed","sticky":false,"template":"","format":"standard","meta":{"footnotes":""},"categories":[9,10],"tags":[],"_links":{"self":[{"href":"https:\/\/altisk-karcag.hu\/index.php?rest_route=\/wp\/v2\/posts\/4828"}],"collection":[{"href":"https:\/\/altisk-karcag.hu\/index.php?rest_route=\/wp\/v2\/posts"}],"about":[{"href":"https:\/\/altisk-karcag.hu\/index.php?rest_route=\/wp\/v2\/types\/post"}],"author":[{"embeddable":true,"href":"https:\/\/altisk-karcag.hu\/index.php?rest_route=\/wp\/v2\/users\/1"}],"replies":[{"embeddable":true,"href":"https:\/\/altisk-karcag.hu\/index.php?rest_route=%2Fwp%2Fv2%2Fcomments&post=4828"}],"version-history":[{"count":1,"href":"https:\/\/altisk-karcag.hu\/index.php?rest_route=\/wp\/v2\/posts\/4828\/revisions"}],"predecessor-version":[{"id":4835,"href":"https:\/\/altisk-karcag.hu\/index.php?rest_route=\/wp\/v2\/posts\/4828\/revisions\/4835"}],"wp:featuredmedia":[{"embeddable":true,"href":"https:\/\/altisk-karcag.hu\/index.php?rest_route=\/wp\/v2\/media\/4834"}],"wp:attachment":[{"href":"https:\/\/altisk-karcag.hu\/index.php?rest_route=%2Fwp%2Fv2%2Fmedia&parent=4828"}],"wp:term":[{"taxonomy":"category","embeddable":true,"href":"https:\/\/altisk-karcag.hu\/index.php?rest_route=%2Fwp%2Fv2%2Fcategories&post=4828"},{"taxonomy":"post_tag","embeddable":true,"href":"https:\/\/altisk-karcag.hu\/index.php?rest_route=%2Fwp%2Fv2%2Ftags&post=4828"}],"curies":[{"name":"wp","href":"https:\/\/api.w.org\/{rel}","templated":true}]}}