{"id":4820,"date":"2026-02-12T09:38:12","date_gmt":"2026-02-12T09:38:12","guid":{"rendered":"https:\/\/altisk-karcag.hu\/?p=4820"},"modified":"2026-02-12T09:38:14","modified_gmt":"2026-02-12T09:38:14","slug":"varmegyei-dontobe-jutott-a-iv-korcsoportos-fiu-kezilabda-csapatunk-is-%f0%9f%a4%be%f0%9f%8f%bb%e2%99%82%ef%b8%8f%f0%9f%8f%86","status":"publish","type":"post","link":"https:\/\/altisk-karcag.hu\/?p=4820","title":{"rendered":"V\u00c1RMEGYEI D\u00d6NT\u0150BE jutott a IV.korcsoportos fi\u00fa k\u00e9zilabda csapatunk is!!! \ud83e\udd3e\ud83c\udffb\u200d\u2642\ufe0f\ud83c\udfc6"},"content":{"rendered":"\n<p>A mai napon (2026.02.11.) ker\u00fclt megrendez\u00e9sre a IV. korcsoportos fi\u00fa k\u00e9zilabda k\u00f6rzeti d\u00f6nt\u0151 Karcagon, ahol nagy ar\u00e1ny\u00fa gy\u0151zelmekkel 1. helyen v\u00e9gezt\u00fcnk, ezzel kiv\u00edvtuk a jogot a v\u00e1rmegyei d\u00f6nt\u0151k\u00f6n val\u00f3 r\u00e9szv\u00e9telre. Gratul\u00e1lunk a csapatnak \u00e9s felk\u00e9sz\u00edt\u0151iknek: Nagyn\u00e9 S\u00fct\u0151 Mariannak \u00e9s Jobb\u00e1gy Gerg\u0151nek! Sok sikert k\u00edv\u00e1nunk a csapatnak a v\u00e1rmegyei d\u00f6nt\u0151h\u00f6z! Hajr\u00e1 Kiskulcsos! \ud83d\udcaa\ud83d\udc4f\ud83c\udffb<\/p>\n\n\n\n<figure class=\"wp-block-gallery has-nested-images columns-default is-cropped wp-block-gallery-1 is-layout-flex wp-block-gallery-is-layout-flex\">\n<figure class=\"wp-block-image size-large is-style-default\"><a href=\"https:\/\/altisk-karcag.hu\/wp-content\/uploads\/2026\/02\/01-1.jpg\"><img decoding=\"async\" loading=\"lazy\" width=\"1024\" height=\"817\" data-id=\"4824\" src=\"https:\/\/altisk-karcag.hu\/wp-content\/uploads\/2026\/02\/01-1-1024x817.jpg\" alt=\"\" class=\"wp-image-4824\" srcset=\"https:\/\/altisk-karcag.hu\/wp-content\/uploads\/2026\/02\/01-1-1024x817.jpg 1024w, https:\/\/altisk-karcag.hu\/wp-content\/uploads\/2026\/02\/01-1-300x239.jpg 300w, https:\/\/altisk-karcag.hu\/wp-content\/uploads\/2026\/02\/01-1-768x613.jpg 768w, https:\/\/altisk-karcag.hu\/wp-content\/uploads\/2026\/02\/01-1-1536x1226.jpg 1536w, https:\/\/altisk-karcag.hu\/wp-content\/uploads\/2026\/02\/01-1-439x350.jpg 439w, https:\/\/altisk-karcag.hu\/wp-content\/uploads\/2026\/02\/01-1.jpg 2048w\" sizes=\"(max-width: 1024px) 100vw, 1024px\" \/><\/a><\/figure>\n\n\n\n<figure class=\"wp-block-image size-large is-style-default\"><a href=\"https:\/\/altisk-karcag.hu\/wp-content\/uploads\/2026\/02\/02-1.jpg\"><img decoding=\"async\" loading=\"lazy\" width=\"1024\" height=\"461\" data-id=\"4821\" src=\"https:\/\/altisk-karcag.hu\/wp-content\/uploads\/2026\/02\/02-1-1024x461.jpg\" alt=\"\" class=\"wp-image-4821\" srcset=\"https:\/\/altisk-karcag.hu\/wp-content\/uploads\/2026\/02\/02-1-1024x461.jpg 1024w, https:\/\/altisk-karcag.hu\/wp-content\/uploads\/2026\/02\/02-1-300x135.jpg 300w, https:\/\/altisk-karcag.hu\/wp-content\/uploads\/2026\/02\/02-1-768x346.jpg 768w, https:\/\/altisk-karcag.hu\/wp-content\/uploads\/2026\/02\/02-1-778x350.jpg 778w, https:\/\/altisk-karcag.hu\/wp-content\/uploads\/2026\/02\/02-1.jpg 1422w\" sizes=\"(max-width: 1024px) 100vw, 1024px\" \/><\/a><\/figure>\n\n\n\n<figure class=\"wp-block-image size-large is-style-default\"><a href=\"https:\/\/altisk-karcag.hu\/wp-content\/uploads\/2026\/02\/03-1.jpg\"><img decoding=\"async\" loading=\"lazy\" width=\"1024\" height=\"559\" data-id=\"4822\" src=\"https:\/\/altisk-karcag.hu\/wp-content\/uploads\/2026\/02\/03-1-1024x559.jpg\" alt=\"\" class=\"wp-image-4822\" srcset=\"https:\/\/altisk-karcag.hu\/wp-content\/uploads\/2026\/02\/03-1-1024x559.jpg 1024w, https:\/\/altisk-karcag.hu\/wp-content\/uploads\/2026\/02\/03-1-300x164.jpg 300w, https:\/\/altisk-karcag.hu\/wp-content\/uploads\/2026\/02\/03-1-768x419.jpg 768w, https:\/\/altisk-karcag.hu\/wp-content\/uploads\/2026\/02\/03-1-1536x839.jpg 1536w, https:\/\/altisk-karcag.hu\/wp-content\/uploads\/2026\/02\/03-1-641x350.jpg 641w, https:\/\/altisk-karcag.hu\/wp-content\/uploads\/2026\/02\/03-1.jpg 2048w\" sizes=\"(max-width: 1024px) 100vw, 1024px\" \/><\/a><\/figure>\n\n\n\n<figure class=\"wp-block-image size-large is-style-default\"><a href=\"https:\/\/altisk-karcag.hu\/wp-content\/uploads\/2026\/02\/04-1.jpg\"><img decoding=\"async\" loading=\"lazy\" width=\"1024\" height=\"546\" data-id=\"4825\" src=\"https:\/\/altisk-karcag.hu\/wp-content\/uploads\/2026\/02\/04-1-1024x546.jpg\" alt=\"\" class=\"wp-image-4825\" srcset=\"https:\/\/altisk-karcag.hu\/wp-content\/uploads\/2026\/02\/04-1-1024x546.jpg 1024w, https:\/\/altisk-karcag.hu\/wp-content\/uploads\/2026\/02\/04-1-300x160.jpg 300w, https:\/\/altisk-karcag.hu\/wp-content\/uploads\/2026\/02\/04-1-768x410.jpg 768w, https:\/\/altisk-karcag.hu\/wp-content\/uploads\/2026\/02\/04-1-1536x819.jpg 1536w, https:\/\/altisk-karcag.hu\/wp-content\/uploads\/2026\/02\/04-1-656x350.jpg 656w, https:\/\/altisk-karcag.hu\/wp-content\/uploads\/2026\/02\/04-1.jpg 2048w\" sizes=\"(max-width: 1024px) 100vw, 1024px\" \/><\/a><\/figure>\n\n\n\n<figure class=\"wp-block-image size-large is-style-default\"><a href=\"https:\/\/altisk-karcag.hu\/wp-content\/uploads\/2026\/02\/05-1.jpg\"><img decoding=\"async\" loading=\"lazy\" width=\"1024\" height=\"601\" data-id=\"4823\" src=\"https:\/\/altisk-karcag.hu\/wp-content\/uploads\/2026\/02\/05-1-1024x601.jpg\" alt=\"\" class=\"wp-image-4823\" srcset=\"https:\/\/altisk-karcag.hu\/wp-content\/uploads\/2026\/02\/05-1-1024x601.jpg 1024w, https:\/\/altisk-karcag.hu\/wp-content\/uploads\/2026\/02\/05-1-300x176.jpg 300w, https:\/\/altisk-karcag.hu\/wp-content\/uploads\/2026\/02\/05-1-768x451.jpg 768w, https:\/\/altisk-karcag.hu\/wp-content\/uploads\/2026\/02\/05-1-1536x902.jpg 1536w, https:\/\/altisk-karcag.hu\/wp-content\/uploads\/2026\/02\/05-1-596x350.jpg 596w, https:\/\/altisk-karcag.hu\/wp-content\/uploads\/2026\/02\/05-1.jpg 2048w\" sizes=\"(max-width: 1024px) 100vw, 1024px\" \/><\/a><\/figure>\n<\/figure>\n","protected":false},"excerpt":{"rendered":"<p>A mai napon (2026.02.11.) ker\u00fclt megrendez\u00e9sre a IV. korcsoportos fi\u00fa k\u00e9zilabda k\u00f6rzeti d\u00f6nt\u0151 Karcagon, ahol nagy ar\u00e1ny\u00fa gy\u0151zelmekkel 1. helyen v\u00e9gezt\u00fcnk, ezzel kiv\u00edvtuk a jogot a v\u00e1rmegyei d\u00f6nt\u0151k\u00f6n val\u00f3 r\u00e9szv\u00e9telre. Gratul\u00e1lunk a csapatnak \u00e9s felk\u00e9sz\u00edt\u0151iknek: Nagyn\u00e9 S\u00fct\u0151 Mariannak \u00e9s Jobb\u00e1gy Gerg\u0151nek! Sok sikert k\u00edv\u00e1nunk a csapatnak a v\u00e1rmegyei d\u00f6nt\u0151h\u00f6z! Hajr\u00e1 &hellip;<\/p>\n","protected":false},"author":1,"featured_media":4826,"comment_status":"closed","ping_status":"closed","sticky":false,"template":"","format":"standard","meta":{"footnotes":""},"categories":[9,10],"tags":[],"_links":{"self":[{"href":"https:\/\/altisk-karcag.hu\/index.php?rest_route=\/wp\/v2\/posts\/4820"}],"collection":[{"href":"https:\/\/altisk-karcag.hu\/index.php?rest_route=\/wp\/v2\/posts"}],"about":[{"href":"https:\/\/altisk-karcag.hu\/index.php?rest_route=\/wp\/v2\/types\/post"}],"author":[{"embeddable":true,"href":"https:\/\/altisk-karcag.hu\/index.php?rest_route=\/wp\/v2\/users\/1"}],"replies":[{"embeddable":true,"href":"https:\/\/altisk-karcag.hu\/index.php?rest_route=%2Fwp%2Fv2%2Fcomments&post=4820"}],"version-history":[{"count":1,"href":"https:\/\/altisk-karcag.hu\/index.php?rest_route=\/wp\/v2\/posts\/4820\/revisions"}],"predecessor-version":[{"id":4827,"href":"https:\/\/altisk-karcag.hu\/index.php?rest_route=\/wp\/v2\/posts\/4820\/revisions\/4827"}],"wp:featuredmedia":[{"embeddable":true,"href":"https:\/\/altisk-karcag.hu\/index.php?rest_route=\/wp\/v2\/media\/4826"}],"wp:attachment":[{"href":"https:\/\/altisk-karcag.hu\/index.php?rest_route=%2Fwp%2Fv2%2Fmedia&parent=4820"}],"wp:term":[{"taxonomy":"category","embeddable":true,"href":"https:\/\/altisk-karcag.hu\/index.php?rest_route=%2Fwp%2Fv2%2Fcategories&post=4820"},{"taxonomy":"post_tag","embeddable":true,"href":"https:\/\/altisk-karcag.hu\/index.php?rest_route=%2Fwp%2Fv2%2Ftags&post=4820"}],"curies":[{"name":"wp","href":"https:\/\/api.w.org\/{rel}","templated":true}]}}