{"id":4816,"date":"2026-01-20T07:57:00","date_gmt":"2026-01-20T07:57:00","guid":{"rendered":"https:\/\/altisk-karcag.hu\/?p=4816"},"modified":"2026-02-11T08:00:21","modified_gmt":"2026-02-11T08:00:21","slug":"szepen-csengo-szavak-kiskulcsosiak-a-teruleti-kazinczy-szep-kiejtesi-versenyen","status":"publish","type":"post","link":"https:\/\/altisk-karcag.hu\/?p=4816","title":{"rendered":"Sz\u00e9pen cseng\u0151 szavak \u2013 kiskulcsosiak a ter\u00fcleti Kazinczy Sz\u00e9p kiejt\u00e9si versenyen"},"content":{"rendered":"\n<p>2026. janu\u00e1r 5-\u00e9n, a ter\u00fcleti Kazinczy Sz\u00e9p kiejt\u00e9si versenyen a magyar nyelv ig\u00e9nyes, tiszta \u00e9s kifejez\u0151 megsz\u00f3laltat\u00e1sa ker\u00fclt a k\u00f6z\u00e9ppontba.<br>A rangos megm\u00e9rettet\u00e9sen T\u00f3th Vikt\u00f3ria (6. oszt\u00e1ly) \u00e9s Sipos Bence (5. oszt\u00e1ly) k\u00e9pviselte int\u00e9zm\u00e9ny\u00fcnket. A zs\u0171ri \u00e9rt\u00e9kel\u00e9se alapj\u00e1n mindk\u00e9t tanul\u00f3 Eml\u00e9klapban r\u00e9szes\u00fclt.<br>Kitart\u00f3 munk\u00e1jukkal \u00e9s szorgalmukkal p\u00e9ld\u00e1t mutattak t\u00e1rsaiknak: az ig\u00e9nyes besz\u00e9d \u00e9rt\u00e9k, amelyet \u00e9rdemes \u00e1polni \u00e9s tov\u00e1bbadni.<br>Gratul\u00e1lunk Vikt\u00f3ri\u00e1nak \u00e9s Benc\u00e9nek, tov\u00e1bbi sz\u00e9p sikereket k\u00edv\u00e1nunk nekik a j\u00f6v\u0151ben!<br>Horv\u00e1thn\u00e9 Pandur T\u00fcnde R\u00f3za \u2013 felk\u00e9sz\u00edt\u0151 tan\u00e1r<\/p>\n\n\n\n<figure class=\"wp-block-image size-large is-style-default\"><a href=\"https:\/\/altisk-karcag.hu\/wp-content\/uploads\/2026\/02\/szcssz.jpg\"><img decoding=\"async\" loading=\"lazy\" width=\"768\" height=\"1024\" src=\"https:\/\/altisk-karcag.hu\/wp-content\/uploads\/2026\/02\/szcssz-768x1024.jpg\" alt=\"\" class=\"wp-image-4817\" srcset=\"https:\/\/altisk-karcag.hu\/wp-content\/uploads\/2026\/02\/szcssz-768x1024.jpg 768w, https:\/\/altisk-karcag.hu\/wp-content\/uploads\/2026\/02\/szcssz-225x300.jpg 225w, https:\/\/altisk-karcag.hu\/wp-content\/uploads\/2026\/02\/szcssz-1152x1536.jpg 1152w, https:\/\/altisk-karcag.hu\/wp-content\/uploads\/2026\/02\/szcssz-263x350.jpg 263w, https:\/\/altisk-karcag.hu\/wp-content\/uploads\/2026\/02\/szcssz.jpg 1536w\" sizes=\"(max-width: 768px) 100vw, 768px\" \/><\/a><\/figure>\n","protected":false},"excerpt":{"rendered":"<p>2026. janu\u00e1r 5-\u00e9n, a ter\u00fcleti Kazinczy Sz\u00e9p kiejt\u00e9si versenyen a magyar nyelv ig\u00e9nyes, tiszta \u00e9s kifejez\u0151 megsz\u00f3laltat\u00e1sa ker\u00fclt a k\u00f6z\u00e9ppontba.A rangos megm\u00e9rettet\u00e9sen T\u00f3th Vikt\u00f3ria (6. oszt\u00e1ly) \u00e9s Sipos Bence (5. oszt\u00e1ly) k\u00e9pviselte int\u00e9zm\u00e9ny\u00fcnket. A zs\u0171ri \u00e9rt\u00e9kel\u00e9se alapj\u00e1n mindk\u00e9t tanul\u00f3 Eml\u00e9klapban r\u00e9szes\u00fclt.Kitart\u00f3 munk\u00e1jukkal \u00e9s szorgalmukkal p\u00e9ld\u00e1t mutattak t\u00e1rsaiknak: az ig\u00e9nyes besz\u00e9d &hellip;<\/p>\n","protected":false},"author":1,"featured_media":4819,"comment_status":"closed","ping_status":"closed","sticky":false,"template":"","format":"standard","meta":{"footnotes":""},"categories":[9,10],"tags":[],"_links":{"self":[{"href":"https:\/\/altisk-karcag.hu\/index.php?rest_route=\/wp\/v2\/posts\/4816"}],"collection":[{"href":"https:\/\/altisk-karcag.hu\/index.php?rest_route=\/wp\/v2\/posts"}],"about":[{"href":"https:\/\/altisk-karcag.hu\/index.php?rest_route=\/wp\/v2\/types\/post"}],"author":[{"embeddable":true,"href":"https:\/\/altisk-karcag.hu\/index.php?rest_route=\/wp\/v2\/users\/1"}],"replies":[{"embeddable":true,"href":"https:\/\/altisk-karcag.hu\/index.php?rest_route=%2Fwp%2Fv2%2Fcomments&post=4816"}],"version-history":[{"count":1,"href":"https:\/\/altisk-karcag.hu\/index.php?rest_route=\/wp\/v2\/posts\/4816\/revisions"}],"predecessor-version":[{"id":4818,"href":"https:\/\/altisk-karcag.hu\/index.php?rest_route=\/wp\/v2\/posts\/4816\/revisions\/4818"}],"wp:featuredmedia":[{"embeddable":true,"href":"https:\/\/altisk-karcag.hu\/index.php?rest_route=\/wp\/v2\/media\/4819"}],"wp:attachment":[{"href":"https:\/\/altisk-karcag.hu\/index.php?rest_route=%2Fwp%2Fv2%2Fmedia&parent=4816"}],"wp:term":[{"taxonomy":"category","embeddable":true,"href":"https:\/\/altisk-karcag.hu\/index.php?rest_route=%2Fwp%2Fv2%2Fcategories&post=4816"},{"taxonomy":"post_tag","embeddable":true,"href":"https:\/\/altisk-karcag.hu\/index.php?rest_route=%2Fwp%2Fv2%2Ftags&post=4816"}],"curies":[{"name":"wp","href":"https:\/\/api.w.org\/{rel}","templated":true}]}}