{"id":4780,"date":"2026-02-02T10:07:54","date_gmt":"2026-02-02T10:07:54","guid":{"rendered":"https:\/\/altisk-karcag.hu\/?p=4780"},"modified":"2026-03-25T16:27:06","modified_gmt":"2026-03-25T16:27:06","slug":"kreta-ifm-tajekoztatas-szulok-gondviselok-szamara","status":"publish","type":"post","link":"https:\/\/altisk-karcag.hu\/?p=4780","title":{"rendered":"KR\u00c9TA IFM &#8211; T\u00e1j\u00e9koztat\u00e1s sz\u00fcl\u0151k\/gondvisel\u0151k sz\u00e1m\u00e1ra"},"content":{"rendered":"\n<p>Tisztelt Sz\u00fcl\u0151k, gondvisel\u0151k!<\/p>\n\n\n\n<p>\u201eA KR\u00c9TA Idegennyelvi Felk\u00e9sz\u00edt\u0151 Modul\u201d 2026. \u00e9vi kiemelt strat\u00e9giai c\u00e9lja, hogy min\u00e9l t\u00f6bb sz\u00fcl\u0151 megismerkedjen az applik\u00e1ci\u00f3val, \u00e9s annak akt\u00edv felhaszn\u00e1l\u00f3j\u00e1v\u00e1 v\u00e1ljon, ez\u00e1ltal is t\u00e1mogatva gyermekeik idegennyelv-tanul\u00e1s\u00e1t.<\/p>\n\n\n\n<!--more-->\n\n\n\n<p>Egy r\u00f6vid bemutat\u00f3 vide\u00f3t \u00e9s t\u00e1j\u00e9koztat\u00f3t k\u00e9sz\u00edtettek a fejleszt\u0151k a sz\u00fcl\u0151k sz\u00e1m\u00e1ra, amelyben a Modul szakmai vezet\u0151je ismerteti az alkalmaz\u00e1s el\u0151nyeit \u00e9s felhaszn\u00e1l\u00e1si lehet\u0151s\u00e9geit.<\/p>\n\n\n\n<p>T\u00e1j\u00e9koz\u00f3djanak az ismertet\u0151kb\u0151l!<\/p>\n\n\n\n<figure class=\"wp-block-embed is-type-video is-provider-youtube wp-block-embed-youtube wp-embed-aspect-16-9 wp-has-aspect-ratio\"><div class=\"wp-block-embed__wrapper\">\n<iframe loading=\"lazy\" title=\"KR\u00c9TA IFM T\u00e1j\u00e9koztat\u00f3 vide\u00f3 sz\u00fcl\u0151k, gondvisel\u0151k sz\u00e1m\u00e1ra\" width=\"881\" height=\"496\" src=\"https:\/\/www.youtube.com\/embed\/TanNSiqPgIw?feature=oembed\" frameborder=\"0\" allow=\"accelerometer; autoplay; clipboard-write; encrypted-media; gyroscope; picture-in-picture; web-share\" referrerpolicy=\"strict-origin-when-cross-origin\" allowfullscreen><\/iframe>\n<\/div><\/figure>\n\n\n\n<p><\/p>\n\n\n<a href=\"https:\/\/altisk-karcag.hu\/wp-content\/uploads\/2026\/02\/KRETA-IFM-Tajekoztato-szulok_gondviselok-szamara.pdf\" class=\"pdfemb-viewer\" style=\"width: 1100px; \" data-width=\"1100\" data-height=\"max\"  data-toolbar=\"both\" data-toolbar-fixed=\"off\">KRETA-IFM-Tajekoztato-szulok_gondviselok-szamara<br\/><\/a>\n<p class=\"wp-block-pdfemb-pdf-embedder-viewer\"><\/p>\n","protected":false},"excerpt":{"rendered":"<p>Tisztelt Sz\u00fcl\u0151k, gondvisel\u0151k! \u201eA KR\u00c9TA Idegennyelvi Felk\u00e9sz\u00edt\u0151 Modul\u201d 2026. \u00e9vi kiemelt strat\u00e9giai c\u00e9lja, hogy min\u00e9l t\u00f6bb sz\u00fcl\u0151 megismerkedjen az applik\u00e1ci\u00f3val, \u00e9s annak akt\u00edv felhaszn\u00e1l\u00f3j\u00e1v\u00e1 v\u00e1ljon, ez\u00e1ltal is t\u00e1mogatva gyermekeik idegennyelv-tanul\u00e1s\u00e1t.<\/p>\n","protected":false},"author":1,"featured_media":4784,"comment_status":"closed","ping_status":"closed","sticky":false,"template":"","format":"standard","meta":{"footnotes":""},"categories":[9],"tags":[],"_links":{"self":[{"href":"https:\/\/altisk-karcag.hu\/index.php?rest_route=\/wp\/v2\/posts\/4780"}],"collection":[{"href":"https:\/\/altisk-karcag.hu\/index.php?rest_route=\/wp\/v2\/posts"}],"about":[{"href":"https:\/\/altisk-karcag.hu\/index.php?rest_route=\/wp\/v2\/types\/post"}],"author":[{"embeddable":true,"href":"https:\/\/altisk-karcag.hu\/index.php?rest_route=\/wp\/v2\/users\/1"}],"replies":[{"embeddable":true,"href":"https:\/\/altisk-karcag.hu\/index.php?rest_route=%2Fwp%2Fv2%2Fcomments&post=4780"}],"version-history":[{"count":3,"href":"https:\/\/altisk-karcag.hu\/index.php?rest_route=\/wp\/v2\/posts\/4780\/revisions"}],"predecessor-version":[{"id":4786,"href":"https:\/\/altisk-karcag.hu\/index.php?rest_route=\/wp\/v2\/posts\/4780\/revisions\/4786"}],"wp:featuredmedia":[{"embeddable":true,"href":"https:\/\/altisk-karcag.hu\/index.php?rest_route=\/wp\/v2\/media\/4784"}],"wp:attachment":[{"href":"https:\/\/altisk-karcag.hu\/index.php?rest_route=%2Fwp%2Fv2%2Fmedia&parent=4780"}],"wp:term":[{"taxonomy":"category","embeddable":true,"href":"https:\/\/altisk-karcag.hu\/index.php?rest_route=%2Fwp%2Fv2%2Fcategories&post=4780"},{"taxonomy":"post_tag","embeddable":true,"href":"https:\/\/altisk-karcag.hu\/index.php?rest_route=%2Fwp%2Fv2%2Ftags&post=4780"}],"curies":[{"name":"wp","href":"https:\/\/api.w.org\/{rel}","templated":true}]}}