{"id":4765,"date":"2026-01-23T16:02:44","date_gmt":"2026-01-23T16:02:44","guid":{"rendered":"https:\/\/altisk-karcag.hu\/?p=4765"},"modified":"2026-01-24T16:11:06","modified_gmt":"2026-01-24T16:11:06","slug":"megemlekezes-a-magyar-kultura-napjarol-a-kovatsban","status":"publish","type":"post","link":"https:\/\/altisk-karcag.hu\/?p=4765","title":{"rendered":"Megeml\u00e9kez\u00e9s a Magyar Kult\u00fara Napj\u00e1r\u00f3l a Kov\u00e1tsban"},"content":{"rendered":"\n<p>2026.janu\u00e1r 22-\u00e9n , a Magyar Kult\u00fara Napj\u00e1n az iskolar\u00e1di\u00f3ban tartott r\u00f6vid, sz\u00ednvonalas megeml\u00e9kez\u00e9st a 2. \u00e9s 5. oszt\u00e1ly n\u00e9h\u00e1ny tanul\u00f3ja Kov\u00e1csn\u00e9 Ecsedi Csilla tan\u00e1rn\u0151 vezet\u00e9s\u00e9vel.<br>D\u00e9lut\u00e1n iskol\u00e1nk aul\u00e1j\u00e1ban \u00fcnnepelt\u00fck meg a Himnusz sz\u00fclet\u00e9s\u00e9t, szerz\u0151j\u00e9t, meghallgattuk a Himnusz els\u0151 versszak\u00e1t m\u00e1sodikos tanul\u00f3ink el\u0151ad\u00e1s\u00e1ban. Majd 2 \u00f3rakor sor ker\u00fclt a Gy\u00f6ngybet\u0171k Sz\u00e9p\u00edr\u00f3\/ Helyes\u00edr\u00f3 versenyre 11 als\u00f3s Kov\u00e1ts- os tanul\u00f3 r\u00e9szv\u00e9tel\u00e9vel. \u00c9vfolyamonk\u00e9nt m\u00e9rt\u00e9k \u00f6ssze sz\u00e9p\u00edr\u00f3\u2013 helyes\u00edr\u00f3 tud\u00e1sukat, felk\u00e9sz\u00edt\u0151 nevel\u0151ik j\u00f3tan\u00e1csait k\u00f6vetve.<br>K\u00f6sz\u00f6nj\u00fck a szervez\u0151k, Patk\u00f3n\u00e9 Erdei Judit, Varg\u00e1n\u00e9 T\u00f6r\u0151csik \u00c1gnes tan\u00edt\u00f3n\u0151k munk\u00e1j\u00e1t!<\/p>\n\n\n\n<figure class=\"wp-block-gallery has-nested-images columns-default is-cropped wp-block-gallery-1 is-layout-flex wp-block-gallery-is-layout-flex\">\n<figure class=\"wp-block-image size-large is-style-default\"><a href=\"https:\/\/altisk-karcag.hu\/wp-content\/uploads\/2026\/01\/01-3.jpg\"><img decoding=\"async\" loading=\"lazy\" width=\"1024\" height=\"683\" data-id=\"4766\" src=\"https:\/\/altisk-karcag.hu\/wp-content\/uploads\/2026\/01\/01-3-1024x683.jpg\" alt=\"\" class=\"wp-image-4766\" srcset=\"https:\/\/altisk-karcag.hu\/wp-content\/uploads\/2026\/01\/01-3-1024x683.jpg 1024w, https:\/\/altisk-karcag.hu\/wp-content\/uploads\/2026\/01\/01-3-300x200.jpg 300w, https:\/\/altisk-karcag.hu\/wp-content\/uploads\/2026\/01\/01-3-768x512.jpg 768w, https:\/\/altisk-karcag.hu\/wp-content\/uploads\/2026\/01\/01-3-1536x1024.jpg 1536w, https:\/\/altisk-karcag.hu\/wp-content\/uploads\/2026\/01\/01-3-525x350.jpg 525w, https:\/\/altisk-karcag.hu\/wp-content\/uploads\/2026\/01\/01-3.jpg 2048w\" sizes=\"(max-width: 1024px) 100vw, 1024px\" \/><\/a><\/figure>\n\n\n\n<figure class=\"wp-block-image size-large is-style-default\"><a href=\"https:\/\/altisk-karcag.hu\/wp-content\/uploads\/2026\/01\/02-3.jpg\"><img decoding=\"async\" loading=\"lazy\" width=\"1024\" height=\"683\" data-id=\"4767\" src=\"https:\/\/altisk-karcag.hu\/wp-content\/uploads\/2026\/01\/02-3-1024x683.jpg\" alt=\"\" class=\"wp-image-4767\" srcset=\"https:\/\/altisk-karcag.hu\/wp-content\/uploads\/2026\/01\/02-3-1024x683.jpg 1024w, https:\/\/altisk-karcag.hu\/wp-content\/uploads\/2026\/01\/02-3-300x200.jpg 300w, https:\/\/altisk-karcag.hu\/wp-content\/uploads\/2026\/01\/02-3-768x512.jpg 768w, https:\/\/altisk-karcag.hu\/wp-content\/uploads\/2026\/01\/02-3-1536x1024.jpg 1536w, https:\/\/altisk-karcag.hu\/wp-content\/uploads\/2026\/01\/02-3-525x350.jpg 525w, https:\/\/altisk-karcag.hu\/wp-content\/uploads\/2026\/01\/02-3.jpg 2048w\" sizes=\"(max-width: 1024px) 100vw, 1024px\" \/><\/a><\/figure>\n\n\n\n<figure class=\"wp-block-image size-large is-style-default\"><a href=\"https:\/\/altisk-karcag.hu\/wp-content\/uploads\/2026\/01\/03-3.jpg\"><img decoding=\"async\" loading=\"lazy\" width=\"1024\" height=\"683\" data-id=\"4770\" src=\"https:\/\/altisk-karcag.hu\/wp-content\/uploads\/2026\/01\/03-3-1024x683.jpg\" alt=\"\" class=\"wp-image-4770\" srcset=\"https:\/\/altisk-karcag.hu\/wp-content\/uploads\/2026\/01\/03-3-1024x683.jpg 1024w, https:\/\/altisk-karcag.hu\/wp-content\/uploads\/2026\/01\/03-3-300x200.jpg 300w, https:\/\/altisk-karcag.hu\/wp-content\/uploads\/2026\/01\/03-3-768x512.jpg 768w, https:\/\/altisk-karcag.hu\/wp-content\/uploads\/2026\/01\/03-3-1536x1024.jpg 1536w, https:\/\/altisk-karcag.hu\/wp-content\/uploads\/2026\/01\/03-3-525x350.jpg 525w, https:\/\/altisk-karcag.hu\/wp-content\/uploads\/2026\/01\/03-3.jpg 2048w\" sizes=\"(max-width: 1024px) 100vw, 1024px\" \/><\/a><\/figure>\n\n\n\n<figure class=\"wp-block-image size-large is-style-default\"><a href=\"https:\/\/altisk-karcag.hu\/wp-content\/uploads\/2026\/01\/04-1.jpg\"><img decoding=\"async\" loading=\"lazy\" width=\"1024\" height=\"683\" data-id=\"4771\" src=\"https:\/\/altisk-karcag.hu\/wp-content\/uploads\/2026\/01\/04-1-1024x683.jpg\" alt=\"\" class=\"wp-image-4771\" srcset=\"https:\/\/altisk-karcag.hu\/wp-content\/uploads\/2026\/01\/04-1-1024x683.jpg 1024w, https:\/\/altisk-karcag.hu\/wp-content\/uploads\/2026\/01\/04-1-300x200.jpg 300w, https:\/\/altisk-karcag.hu\/wp-content\/uploads\/2026\/01\/04-1-768x512.jpg 768w, https:\/\/altisk-karcag.hu\/wp-content\/uploads\/2026\/01\/04-1-1536x1024.jpg 1536w, https:\/\/altisk-karcag.hu\/wp-content\/uploads\/2026\/01\/04-1-525x350.jpg 525w, https:\/\/altisk-karcag.hu\/wp-content\/uploads\/2026\/01\/04-1.jpg 2048w\" sizes=\"(max-width: 1024px) 100vw, 1024px\" \/><\/a><\/figure>\n\n\n\n<figure class=\"wp-block-image size-large is-style-default\"><a href=\"https:\/\/altisk-karcag.hu\/wp-content\/uploads\/2026\/01\/05-1.jpg\"><img decoding=\"async\" loading=\"lazy\" width=\"1024\" height=\"683\" data-id=\"4774\" src=\"https:\/\/altisk-karcag.hu\/wp-content\/uploads\/2026\/01\/05-1-1024x683.jpg\" alt=\"\" class=\"wp-image-4774\" srcset=\"https:\/\/altisk-karcag.hu\/wp-content\/uploads\/2026\/01\/05-1-1024x683.jpg 1024w, https:\/\/altisk-karcag.hu\/wp-content\/uploads\/2026\/01\/05-1-300x200.jpg 300w, https:\/\/altisk-karcag.hu\/wp-content\/uploads\/2026\/01\/05-1-768x512.jpg 768w, https:\/\/altisk-karcag.hu\/wp-content\/uploads\/2026\/01\/05-1-1536x1024.jpg 1536w, https:\/\/altisk-karcag.hu\/wp-content\/uploads\/2026\/01\/05-1-525x350.jpg 525w, https:\/\/altisk-karcag.hu\/wp-content\/uploads\/2026\/01\/05-1.jpg 2048w\" sizes=\"(max-width: 1024px) 100vw, 1024px\" \/><\/a><\/figure>\n\n\n\n<figure class=\"wp-block-image size-large is-style-default\"><a href=\"https:\/\/altisk-karcag.hu\/wp-content\/uploads\/2026\/01\/06-1.jpg\"><img decoding=\"async\" loading=\"lazy\" width=\"1024\" height=\"683\" data-id=\"4769\" src=\"https:\/\/altisk-karcag.hu\/wp-content\/uploads\/2026\/01\/06-1-1024x683.jpg\" alt=\"\" class=\"wp-image-4769\" srcset=\"https:\/\/altisk-karcag.hu\/wp-content\/uploads\/2026\/01\/06-1-1024x683.jpg 1024w, https:\/\/altisk-karcag.hu\/wp-content\/uploads\/2026\/01\/06-1-300x200.jpg 300w, https:\/\/altisk-karcag.hu\/wp-content\/uploads\/2026\/01\/06-1-768x512.jpg 768w, https:\/\/altisk-karcag.hu\/wp-content\/uploads\/2026\/01\/06-1-1536x1024.jpg 1536w, https:\/\/altisk-karcag.hu\/wp-content\/uploads\/2026\/01\/06-1-525x350.jpg 525w, https:\/\/altisk-karcag.hu\/wp-content\/uploads\/2026\/01\/06-1.jpg 2048w\" sizes=\"(max-width: 1024px) 100vw, 1024px\" \/><\/a><\/figure>\n\n\n\n<figure class=\"wp-block-image size-large is-style-default\"><a href=\"https:\/\/altisk-karcag.hu\/wp-content\/uploads\/2026\/01\/07-1.jpg\"><img decoding=\"async\" loading=\"lazy\" width=\"1024\" height=\"683\" data-id=\"4768\" src=\"https:\/\/altisk-karcag.hu\/wp-content\/uploads\/2026\/01\/07-1-1024x683.jpg\" alt=\"\" class=\"wp-image-4768\" srcset=\"https:\/\/altisk-karcag.hu\/wp-content\/uploads\/2026\/01\/07-1-1024x683.jpg 1024w, https:\/\/altisk-karcag.hu\/wp-content\/uploads\/2026\/01\/07-1-300x200.jpg 300w, https:\/\/altisk-karcag.hu\/wp-content\/uploads\/2026\/01\/07-1-768x512.jpg 768w, https:\/\/altisk-karcag.hu\/wp-content\/uploads\/2026\/01\/07-1-1536x1024.jpg 1536w, https:\/\/altisk-karcag.hu\/wp-content\/uploads\/2026\/01\/07-1-525x350.jpg 525w, https:\/\/altisk-karcag.hu\/wp-content\/uploads\/2026\/01\/07-1.jpg 2048w\" sizes=\"(max-width: 1024px) 100vw, 1024px\" \/><\/a><\/figure>\n\n\n\n<figure class=\"wp-block-image size-large is-style-default\"><a href=\"https:\/\/altisk-karcag.hu\/wp-content\/uploads\/2026\/01\/08-1.jpg\"><img decoding=\"async\" loading=\"lazy\" width=\"1024\" height=\"683\" data-id=\"4773\" src=\"https:\/\/altisk-karcag.hu\/wp-content\/uploads\/2026\/01\/08-1-1024x683.jpg\" alt=\"\" class=\"wp-image-4773\" srcset=\"https:\/\/altisk-karcag.hu\/wp-content\/uploads\/2026\/01\/08-1-1024x683.jpg 1024w, https:\/\/altisk-karcag.hu\/wp-content\/uploads\/2026\/01\/08-1-300x200.jpg 300w, https:\/\/altisk-karcag.hu\/wp-content\/uploads\/2026\/01\/08-1-768x512.jpg 768w, https:\/\/altisk-karcag.hu\/wp-content\/uploads\/2026\/01\/08-1-1536x1024.jpg 1536w, https:\/\/altisk-karcag.hu\/wp-content\/uploads\/2026\/01\/08-1-525x350.jpg 525w, https:\/\/altisk-karcag.hu\/wp-content\/uploads\/2026\/01\/08-1.jpg 2048w\" sizes=\"(max-width: 1024px) 100vw, 1024px\" \/><\/a><\/figure>\n\n\n\n<figure class=\"wp-block-image size-large is-style-default\"><a href=\"https:\/\/altisk-karcag.hu\/wp-content\/uploads\/2026\/01\/09.jpg\"><img decoding=\"async\" loading=\"lazy\" width=\"1024\" height=\"683\" data-id=\"4772\" src=\"https:\/\/altisk-karcag.hu\/wp-content\/uploads\/2026\/01\/09-1024x683.jpg\" alt=\"\" class=\"wp-image-4772\" srcset=\"https:\/\/altisk-karcag.hu\/wp-content\/uploads\/2026\/01\/09-1024x683.jpg 1024w, https:\/\/altisk-karcag.hu\/wp-content\/uploads\/2026\/01\/09-300x200.jpg 300w, https:\/\/altisk-karcag.hu\/wp-content\/uploads\/2026\/01\/09-768x512.jpg 768w, https:\/\/altisk-karcag.hu\/wp-content\/uploads\/2026\/01\/09-1536x1024.jpg 1536w, https:\/\/altisk-karcag.hu\/wp-content\/uploads\/2026\/01\/09-525x350.jpg 525w, https:\/\/altisk-karcag.hu\/wp-content\/uploads\/2026\/01\/09.jpg 2048w\" sizes=\"(max-width: 1024px) 100vw, 1024px\" \/><\/a><\/figure>\n\n\n\n<figure class=\"wp-block-image size-large is-style-default\"><a href=\"https:\/\/altisk-karcag.hu\/wp-content\/uploads\/2026\/01\/10.jpg\"><img decoding=\"async\" loading=\"lazy\" width=\"1024\" height=\"683\" data-id=\"4775\" src=\"https:\/\/altisk-karcag.hu\/wp-content\/uploads\/2026\/01\/10-1024x683.jpg\" alt=\"\" class=\"wp-image-4775\" srcset=\"https:\/\/altisk-karcag.hu\/wp-content\/uploads\/2026\/01\/10-1024x683.jpg 1024w, https:\/\/altisk-karcag.hu\/wp-content\/uploads\/2026\/01\/10-300x200.jpg 300w, https:\/\/altisk-karcag.hu\/wp-content\/uploads\/2026\/01\/10-768x512.jpg 768w, https:\/\/altisk-karcag.hu\/wp-content\/uploads\/2026\/01\/10-1536x1024.jpg 1536w, https:\/\/altisk-karcag.hu\/wp-content\/uploads\/2026\/01\/10-525x350.jpg 525w, https:\/\/altisk-karcag.hu\/wp-content\/uploads\/2026\/01\/10.jpg 2048w\" sizes=\"(max-width: 1024px) 100vw, 1024px\" \/><\/a><\/figure>\n\n\n\n<figure class=\"wp-block-image size-large is-style-default\"><a href=\"https:\/\/altisk-karcag.hu\/wp-content\/uploads\/2026\/01\/11.jpg\"><img decoding=\"async\" loading=\"lazy\" width=\"1024\" height=\"683\" data-id=\"4776\" src=\"https:\/\/altisk-karcag.hu\/wp-content\/uploads\/2026\/01\/11-1024x683.jpg\" alt=\"\" class=\"wp-image-4776\" srcset=\"https:\/\/altisk-karcag.hu\/wp-content\/uploads\/2026\/01\/11-1024x683.jpg 1024w, https:\/\/altisk-karcag.hu\/wp-content\/uploads\/2026\/01\/11-300x200.jpg 300w, https:\/\/altisk-karcag.hu\/wp-content\/uploads\/2026\/01\/11-768x512.jpg 768w, https:\/\/altisk-karcag.hu\/wp-content\/uploads\/2026\/01\/11-1536x1024.jpg 1536w, https:\/\/altisk-karcag.hu\/wp-content\/uploads\/2026\/01\/11-525x350.jpg 525w, https:\/\/altisk-karcag.hu\/wp-content\/uploads\/2026\/01\/11.jpg 2048w\" sizes=\"(max-width: 1024px) 100vw, 1024px\" \/><\/a><\/figure>\n<\/figure>\n","protected":false},"excerpt":{"rendered":"<p>2026.janu\u00e1r 22-\u00e9n , a Magyar Kult\u00fara Napj\u00e1n az iskolar\u00e1di\u00f3ban tartott r\u00f6vid, sz\u00ednvonalas megeml\u00e9kez\u00e9st a 2. \u00e9s 5. oszt\u00e1ly n\u00e9h\u00e1ny tanul\u00f3ja Kov\u00e1csn\u00e9 Ecsedi Csilla tan\u00e1rn\u0151 vezet\u00e9s\u00e9vel.D\u00e9lut\u00e1n iskol\u00e1nk aul\u00e1j\u00e1ban \u00fcnnepelt\u00fck meg a Himnusz sz\u00fclet\u00e9s\u00e9t, szerz\u0151j\u00e9t, meghallgattuk a Himnusz els\u0151 versszak\u00e1t m\u00e1sodikos tanul\u00f3ink el\u0151ad\u00e1s\u00e1ban. Majd 2 \u00f3rakor sor ker\u00fclt a Gy\u00f6ngybet\u0171k Sz\u00e9p\u00edr\u00f3\/ Helyes\u00edr\u00f3 &hellip;<\/p>\n","protected":false},"author":1,"featured_media":4777,"comment_status":"closed","ping_status":"closed","sticky":false,"template":"","format":"standard","meta":{"footnotes":""},"categories":[9,11],"tags":[],"_links":{"self":[{"href":"https:\/\/altisk-karcag.hu\/index.php?rest_route=\/wp\/v2\/posts\/4765"}],"collection":[{"href":"https:\/\/altisk-karcag.hu\/index.php?rest_route=\/wp\/v2\/posts"}],"about":[{"href":"https:\/\/altisk-karcag.hu\/index.php?rest_route=\/wp\/v2\/types\/post"}],"author":[{"embeddable":true,"href":"https:\/\/altisk-karcag.hu\/index.php?rest_route=\/wp\/v2\/users\/1"}],"replies":[{"embeddable":true,"href":"https:\/\/altisk-karcag.hu\/index.php?rest_route=%2Fwp%2Fv2%2Fcomments&post=4765"}],"version-history":[{"count":1,"href":"https:\/\/altisk-karcag.hu\/index.php?rest_route=\/wp\/v2\/posts\/4765\/revisions"}],"predecessor-version":[{"id":4778,"href":"https:\/\/altisk-karcag.hu\/index.php?rest_route=\/wp\/v2\/posts\/4765\/revisions\/4778"}],"wp:featuredmedia":[{"embeddable":true,"href":"https:\/\/altisk-karcag.hu\/index.php?rest_route=\/wp\/v2\/media\/4777"}],"wp:attachment":[{"href":"https:\/\/altisk-karcag.hu\/index.php?rest_route=%2Fwp%2Fv2%2Fmedia&parent=4765"}],"wp:term":[{"taxonomy":"category","embeddable":true,"href":"https:\/\/altisk-karcag.hu\/index.php?rest_route=%2Fwp%2Fv2%2Fcategories&post=4765"},{"taxonomy":"post_tag","embeddable":true,"href":"https:\/\/altisk-karcag.hu\/index.php?rest_route=%2Fwp%2Fv2%2Ftags&post=4765"}],"curies":[{"name":"wp","href":"https:\/\/api.w.org\/{rel}","templated":true}]}}