{"id":4760,"date":"2026-01-21T14:28:00","date_gmt":"2026-01-21T14:28:00","guid":{"rendered":"https:\/\/altisk-karcag.hu\/?p=4760"},"modified":"2026-01-22T04:31:02","modified_gmt":"2026-01-22T04:31:02","slug":"4760","status":"publish","type":"post","link":"https:\/\/altisk-karcag.hu\/?p=4760","title":{"rendered":""},"content":{"rendered":"\n<p>2026. janu\u00e1r 16-\u00e1n versmond\u00f3ink sz\u00e9p sikereket \u00e9rtek el a Szent P\u00e1l Marista \u00c1ltal\u00e1nos Iskola Szent P\u00e1l napja alkalm\u00e1b\u00f3l rendezett versmond\u00f3 versenyen.<br>7-8. \u00e9vf.: Ramos Dorina- III. helyez\u00e9s<br>felk\u00e9sz\u00edt\u0151je: Szab\u00f3n\u00e9 Serf\u0151z\u0151 Helga<br>5-6. \u00e9vf.: Karlovics Zo\u00e9 Gabriella<br>felk\u00e9sz\u00edt\u0151je: Kov\u00e1csn\u00e9 Ecsedi Csilla<br>3-4. \u00e9vf.: Moln\u00e1r Orsolya<br>felk\u00e9sz\u00edt\u0151je: K\u00e1poszt\u00e1si N\u00f3ra<br>1-2. \u00e9vf.: Varga Mil\u00e1n- k\u00fcl\u00f6nd\u00edj<br>Gratul\u00e1lunk tanul\u00f3inknak \u00e9s felk\u00e9sz\u00edt\u0151iknek!<\/p>\n\n\n\n<figure class=\"wp-block-gallery has-nested-images columns-default is-cropped wp-block-gallery-1 is-layout-flex wp-block-gallery-is-layout-flex\">\n<figure class=\"wp-block-image size-large is-style-default\"><img decoding=\"async\" loading=\"lazy\" width=\"771\" height=\"1024\" data-id=\"4761\" src=\"https:\/\/altisk-karcag.hu\/wp-content\/uploads\/2026\/01\/v2-771x1024.jpg\" alt=\"\" class=\"wp-image-4761\" srcset=\"https:\/\/altisk-karcag.hu\/wp-content\/uploads\/2026\/01\/v2-771x1024.jpg 771w, https:\/\/altisk-karcag.hu\/wp-content\/uploads\/2026\/01\/v2-226x300.jpg 226w, https:\/\/altisk-karcag.hu\/wp-content\/uploads\/2026\/01\/v2-768x1020.jpg 768w, https:\/\/altisk-karcag.hu\/wp-content\/uploads\/2026\/01\/v2-1157x1536.jpg 1157w, https:\/\/altisk-karcag.hu\/wp-content\/uploads\/2026\/01\/v2-264x350.jpg 264w, https:\/\/altisk-karcag.hu\/wp-content\/uploads\/2026\/01\/v2.jpg 1542w\" sizes=\"(max-width: 771px) 100vw, 771px\" \/><\/figure>\n\n\n\n<figure class=\"wp-block-image size-large is-style-default\"><img decoding=\"async\" loading=\"lazy\" width=\"1024\" height=\"892\" data-id=\"4762\" src=\"https:\/\/altisk-karcag.hu\/wp-content\/uploads\/2026\/01\/v1-1024x892.jpg\" alt=\"\" class=\"wp-image-4762\" srcset=\"https:\/\/altisk-karcag.hu\/wp-content\/uploads\/2026\/01\/v1-1024x892.jpg 1024w, https:\/\/altisk-karcag.hu\/wp-content\/uploads\/2026\/01\/v1-300x261.jpg 300w, https:\/\/altisk-karcag.hu\/wp-content\/uploads\/2026\/01\/v1-768x669.jpg 768w, https:\/\/altisk-karcag.hu\/wp-content\/uploads\/2026\/01\/v1-402x350.jpg 402w, https:\/\/altisk-karcag.hu\/wp-content\/uploads\/2026\/01\/v1.jpg 1323w\" sizes=\"(max-width: 1024px) 100vw, 1024px\" \/><\/figure>\n<\/figure>\n","protected":false},"excerpt":{"rendered":"<p>2026. janu\u00e1r 16-\u00e1n versmond\u00f3ink sz\u00e9p sikereket \u00e9rtek el a Szent P\u00e1l Marista \u00c1ltal\u00e1nos Iskola Szent P\u00e1l napja alkalm\u00e1b\u00f3l rendezett versmond\u00f3 versenyen.7-8. \u00e9vf.: Ramos Dorina- III. helyez\u00e9sfelk\u00e9sz\u00edt\u0151je: Szab\u00f3n\u00e9 Serf\u0151z\u0151 Helga5-6. \u00e9vf.: Karlovics Zo\u00e9 Gabriellafelk\u00e9sz\u00edt\u0151je: Kov\u00e1csn\u00e9 Ecsedi Csilla3-4. \u00e9vf.: Moln\u00e1r Orsolyafelk\u00e9sz\u00edt\u0151je: K\u00e1poszt\u00e1si N\u00f3ra1-2. \u00e9vf.: Varga Mil\u00e1n- k\u00fcl\u00f6nd\u00edjGratul\u00e1lunk tanul\u00f3inknak \u00e9s felk\u00e9sz\u00edt\u0151iknek!<\/p>\n","protected":false},"author":1,"featured_media":4763,"comment_status":"closed","ping_status":"closed","sticky":false,"template":"","format":"standard","meta":{"footnotes":""},"categories":[9,11],"tags":[],"_links":{"self":[{"href":"https:\/\/altisk-karcag.hu\/index.php?rest_route=\/wp\/v2\/posts\/4760"}],"collection":[{"href":"https:\/\/altisk-karcag.hu\/index.php?rest_route=\/wp\/v2\/posts"}],"about":[{"href":"https:\/\/altisk-karcag.hu\/index.php?rest_route=\/wp\/v2\/types\/post"}],"author":[{"embeddable":true,"href":"https:\/\/altisk-karcag.hu\/index.php?rest_route=\/wp\/v2\/users\/1"}],"replies":[{"embeddable":true,"href":"https:\/\/altisk-karcag.hu\/index.php?rest_route=%2Fwp%2Fv2%2Fcomments&post=4760"}],"version-history":[{"count":1,"href":"https:\/\/altisk-karcag.hu\/index.php?rest_route=\/wp\/v2\/posts\/4760\/revisions"}],"predecessor-version":[{"id":4764,"href":"https:\/\/altisk-karcag.hu\/index.php?rest_route=\/wp\/v2\/posts\/4760\/revisions\/4764"}],"wp:featuredmedia":[{"embeddable":true,"href":"https:\/\/altisk-karcag.hu\/index.php?rest_route=\/wp\/v2\/media\/4763"}],"wp:attachment":[{"href":"https:\/\/altisk-karcag.hu\/index.php?rest_route=%2Fwp%2Fv2%2Fmedia&parent=4760"}],"wp:term":[{"taxonomy":"category","embeddable":true,"href":"https:\/\/altisk-karcag.hu\/index.php?rest_route=%2Fwp%2Fv2%2Fcategories&post=4760"},{"taxonomy":"post_tag","embeddable":true,"href":"https:\/\/altisk-karcag.hu\/index.php?rest_route=%2Fwp%2Fv2%2Ftags&post=4760"}],"curies":[{"name":"wp","href":"https:\/\/api.w.org\/{rel}","templated":true}]}}