{"id":4642,"date":"2025-12-13T09:51:29","date_gmt":"2025-12-13T09:51:29","guid":{"rendered":"https:\/\/altisk-karcag.hu\/?p=4642"},"modified":"2025-12-15T09:58:04","modified_gmt":"2025-12-15T09:58:04","slug":"szinhazban-jartunk","status":"publish","type":"post","link":"https:\/\/altisk-karcag.hu\/?p=4642","title":{"rendered":"Sz\u00ednh\u00e1zban j\u00e1rtunk"},"content":{"rendered":"\n<p>Iskol\u00e1nk 4. \u00e9s 5. oszt\u00e1lyos tanul\u00f3i a L\u00e1z\u00e1r Ervin Programnak k\u00f6sz\u00f6nhet\u0151en december 12-\u00e9n Szolnokra utaztak, ahol a Szigligeti Sz\u00ednh\u00e1z m\u0171v\u00e9szeinek el\u0151ad\u00e1s\u00e1ban a Babszem Jank\u00f3 c\u00edm\u0171 mesej\u00e1t\u00e9kot tekintett\u00e9k meg. Miut\u00e1n k\u00edv\u00fcl-bel\u00fcl megcsod\u00e1ltuk a sz\u00ednh\u00e1z gy\u00f6ny\u00f6r\u0171 \u00e9p\u00fclet\u00e9t, a mese is elvar\u00e1zsolt mindenkit. Igazi adventi aj\u00e1nd\u00e9k volt ez a sz\u00f3rakoztat\u00f3 \u00e9s l\u00e1tv\u00e1nyos el\u0151ad\u00e1s a gyerekek sz\u00e1m\u00e1ra, k\u00f6sz\u00f6nj\u00fck sz\u00e9pen a lehet\u0151s\u00e9get!<\/p>\n\n\n\n<figure class=\"wp-block-gallery has-nested-images columns-default is-cropped wp-block-gallery-1 is-layout-flex wp-block-gallery-is-layout-flex\">\n<figure class=\"wp-block-image size-large is-style-default\"><a href=\"https:\/\/altisk-karcag.hu\/wp-content\/uploads\/2025\/12\/5.a-osztaly.jpg\"><img decoding=\"async\" loading=\"lazy\" width=\"1024\" height=\"809\" data-id=\"4649\" src=\"https:\/\/altisk-karcag.hu\/wp-content\/uploads\/2025\/12\/5.a-osztaly-1024x809.jpg\" alt=\"\" class=\"wp-image-4649\" srcset=\"https:\/\/altisk-karcag.hu\/wp-content\/uploads\/2025\/12\/5.a-osztaly-1024x809.jpg 1024w, https:\/\/altisk-karcag.hu\/wp-content\/uploads\/2025\/12\/5.a-osztaly-300x237.jpg 300w, https:\/\/altisk-karcag.hu\/wp-content\/uploads\/2025\/12\/5.a-osztaly-768x607.jpg 768w, https:\/\/altisk-karcag.hu\/wp-content\/uploads\/2025\/12\/5.a-osztaly-443x350.jpg 443w, https:\/\/altisk-karcag.hu\/wp-content\/uploads\/2025\/12\/5.a-osztaly.jpg 1305w\" sizes=\"(max-width: 1024px) 100vw, 1024px\" \/><\/a><\/figure>\n\n\n\n<figure class=\"wp-block-image size-large is-style-default\"><a href=\"https:\/\/altisk-karcag.hu\/wp-content\/uploads\/2025\/12\/4.-osztaly.jpg\"><img decoding=\"async\" loading=\"lazy\" width=\"992\" height=\"736\" data-id=\"4646\" src=\"https:\/\/altisk-karcag.hu\/wp-content\/uploads\/2025\/12\/4.-osztaly.jpg\" alt=\"\" class=\"wp-image-4646\" srcset=\"https:\/\/altisk-karcag.hu\/wp-content\/uploads\/2025\/12\/4.-osztaly.jpg 992w, https:\/\/altisk-karcag.hu\/wp-content\/uploads\/2025\/12\/4.-osztaly-300x223.jpg 300w, https:\/\/altisk-karcag.hu\/wp-content\/uploads\/2025\/12\/4.-osztaly-768x570.jpg 768w, https:\/\/altisk-karcag.hu\/wp-content\/uploads\/2025\/12\/4.-osztaly-472x350.jpg 472w\" sizes=\"(max-width: 992px) 100vw, 992px\" \/><\/a><\/figure>\n\n\n\n<figure class=\"wp-block-image size-large is-style-default\"><a href=\"https:\/\/altisk-karcag.hu\/wp-content\/uploads\/2025\/12\/5.b.jpg\"><img decoding=\"async\" loading=\"lazy\" width=\"1024\" height=\"768\" data-id=\"4650\" src=\"https:\/\/altisk-karcag.hu\/wp-content\/uploads\/2025\/12\/5.b-1024x768.jpg\" alt=\"\" class=\"wp-image-4650\" srcset=\"https:\/\/altisk-karcag.hu\/wp-content\/uploads\/2025\/12\/5.b-1024x768.jpg 1024w, https:\/\/altisk-karcag.hu\/wp-content\/uploads\/2025\/12\/5.b-300x225.jpg 300w, https:\/\/altisk-karcag.hu\/wp-content\/uploads\/2025\/12\/5.b-768x576.jpg 768w, https:\/\/altisk-karcag.hu\/wp-content\/uploads\/2025\/12\/5.b-1536x1152.jpg 1536w, https:\/\/altisk-karcag.hu\/wp-content\/uploads\/2025\/12\/5.b-467x350.jpg 467w, https:\/\/altisk-karcag.hu\/wp-content\/uploads\/2025\/12\/5.b.jpg 2048w\" sizes=\"(max-width: 1024px) 100vw, 1024px\" \/><\/a><\/figure>\n\n\n\n<figure class=\"wp-block-image size-large is-style-default\"><a href=\"https:\/\/altisk-karcag.hu\/wp-content\/uploads\/2025\/12\/0f55197605d24ef4be7ed55fe93ac6d5.jpg\"><img decoding=\"async\" loading=\"lazy\" width=\"1024\" height=\"683\" data-id=\"4643\" src=\"https:\/\/altisk-karcag.hu\/wp-content\/uploads\/2025\/12\/0f55197605d24ef4be7ed55fe93ac6d5.jpg\" alt=\"\" class=\"wp-image-4643\" srcset=\"https:\/\/altisk-karcag.hu\/wp-content\/uploads\/2025\/12\/0f55197605d24ef4be7ed55fe93ac6d5.jpg 1024w, https:\/\/altisk-karcag.hu\/wp-content\/uploads\/2025\/12\/0f55197605d24ef4be7ed55fe93ac6d5-300x200.jpg 300w, https:\/\/altisk-karcag.hu\/wp-content\/uploads\/2025\/12\/0f55197605d24ef4be7ed55fe93ac6d5-768x512.jpg 768w, https:\/\/altisk-karcag.hu\/wp-content\/uploads\/2025\/12\/0f55197605d24ef4be7ed55fe93ac6d5-525x350.jpg 525w\" sizes=\"(max-width: 1024px) 100vw, 1024px\" \/><\/a><\/figure>\n\n\n\n<figure class=\"wp-block-image size-large is-style-default\"><a href=\"https:\/\/altisk-karcag.hu\/wp-content\/uploads\/2025\/12\/9ee3382320634a19a54add868c5da68f.jpg\"><img decoding=\"async\" loading=\"lazy\" width=\"1024\" height=\"683\" data-id=\"4644\" src=\"https:\/\/altisk-karcag.hu\/wp-content\/uploads\/2025\/12\/9ee3382320634a19a54add868c5da68f.jpg\" alt=\"\" class=\"wp-image-4644\" srcset=\"https:\/\/altisk-karcag.hu\/wp-content\/uploads\/2025\/12\/9ee3382320634a19a54add868c5da68f.jpg 1024w, https:\/\/altisk-karcag.hu\/wp-content\/uploads\/2025\/12\/9ee3382320634a19a54add868c5da68f-300x200.jpg 300w, https:\/\/altisk-karcag.hu\/wp-content\/uploads\/2025\/12\/9ee3382320634a19a54add868c5da68f-768x512.jpg 768w, https:\/\/altisk-karcag.hu\/wp-content\/uploads\/2025\/12\/9ee3382320634a19a54add868c5da68f-525x350.jpg 525w\" sizes=\"(max-width: 1024px) 100vw, 1024px\" \/><\/a><\/figure>\n\n\n\n<figure class=\"wp-block-image size-large is-style-default\"><a href=\"https:\/\/altisk-karcag.hu\/wp-content\/uploads\/2025\/12\/74bbc92efcf347db89ab5bb0d5023d81.jpg\"><img decoding=\"async\" loading=\"lazy\" width=\"1024\" height=\"683\" data-id=\"4645\" src=\"https:\/\/altisk-karcag.hu\/wp-content\/uploads\/2025\/12\/74bbc92efcf347db89ab5bb0d5023d81.jpg\" alt=\"\" class=\"wp-image-4645\" srcset=\"https:\/\/altisk-karcag.hu\/wp-content\/uploads\/2025\/12\/74bbc92efcf347db89ab5bb0d5023d81.jpg 1024w, https:\/\/altisk-karcag.hu\/wp-content\/uploads\/2025\/12\/74bbc92efcf347db89ab5bb0d5023d81-300x200.jpg 300w, https:\/\/altisk-karcag.hu\/wp-content\/uploads\/2025\/12\/74bbc92efcf347db89ab5bb0d5023d81-768x512.jpg 768w, https:\/\/altisk-karcag.hu\/wp-content\/uploads\/2025\/12\/74bbc92efcf347db89ab5bb0d5023d81-525x350.jpg 525w\" sizes=\"(max-width: 1024px) 100vw, 1024px\" \/><\/a><\/figure>\n\n\n\n<figure class=\"wp-block-image size-large is-style-default\"><a href=\"https:\/\/altisk-karcag.hu\/wp-content\/uploads\/2025\/12\/eba189f37daf4984a3c7469292ee0371.jpg\"><img decoding=\"async\" loading=\"lazy\" width=\"1024\" height=\"683\" data-id=\"4648\" src=\"https:\/\/altisk-karcag.hu\/wp-content\/uploads\/2025\/12\/eba189f37daf4984a3c7469292ee0371.jpg\" alt=\"\" class=\"wp-image-4648\" srcset=\"https:\/\/altisk-karcag.hu\/wp-content\/uploads\/2025\/12\/eba189f37daf4984a3c7469292ee0371.jpg 1024w, https:\/\/altisk-karcag.hu\/wp-content\/uploads\/2025\/12\/eba189f37daf4984a3c7469292ee0371-300x200.jpg 300w, https:\/\/altisk-karcag.hu\/wp-content\/uploads\/2025\/12\/eba189f37daf4984a3c7469292ee0371-768x512.jpg 768w, https:\/\/altisk-karcag.hu\/wp-content\/uploads\/2025\/12\/eba189f37daf4984a3c7469292ee0371-525x350.jpg 525w\" sizes=\"(max-width: 1024px) 100vw, 1024px\" \/><\/a><\/figure>\n\n\n\n<figure class=\"wp-block-image size-large is-style-default\"><a href=\"https:\/\/altisk-karcag.hu\/wp-content\/uploads\/2025\/12\/prosi.jpg\"><img decoding=\"async\" loading=\"lazy\" width=\"595\" height=\"823\" data-id=\"4647\" src=\"https:\/\/altisk-karcag.hu\/wp-content\/uploads\/2025\/12\/prosi.jpg\" alt=\"\" class=\"wp-image-4647\" srcset=\"https:\/\/altisk-karcag.hu\/wp-content\/uploads\/2025\/12\/prosi.jpg 595w, https:\/\/altisk-karcag.hu\/wp-content\/uploads\/2025\/12\/prosi-217x300.jpg 217w, https:\/\/altisk-karcag.hu\/wp-content\/uploads\/2025\/12\/prosi-253x350.jpg 253w\" sizes=\"(max-width: 595px) 100vw, 595px\" \/><\/a><\/figure>\n<\/figure>\n","protected":false},"excerpt":{"rendered":"<p>Iskol\u00e1nk 4. \u00e9s 5. oszt\u00e1lyos tanul\u00f3i a L\u00e1z\u00e1r Ervin Programnak k\u00f6sz\u00f6nhet\u0151en december 12-\u00e9n Szolnokra utaztak, ahol a Szigligeti Sz\u00ednh\u00e1z m\u0171v\u00e9szeinek el\u0151ad\u00e1s\u00e1ban a Babszem Jank\u00f3 c\u00edm\u0171 mesej\u00e1t\u00e9kot tekintett\u00e9k meg. Miut\u00e1n k\u00edv\u00fcl-bel\u00fcl megcsod\u00e1ltuk a sz\u00ednh\u00e1z gy\u00f6ny\u00f6r\u0171 \u00e9p\u00fclet\u00e9t, a mese is elvar\u00e1zsolt mindenkit. Igazi adventi aj\u00e1nd\u00e9k volt ez a sz\u00f3rakoztat\u00f3 \u00e9s l\u00e1tv\u00e1nyos el\u0151ad\u00e1s &hellip;<\/p>\n","protected":false},"author":1,"featured_media":4651,"comment_status":"closed","ping_status":"closed","sticky":false,"template":"","format":"standard","meta":{"footnotes":""},"categories":[9,11],"tags":[],"_links":{"self":[{"href":"https:\/\/altisk-karcag.hu\/index.php?rest_route=\/wp\/v2\/posts\/4642"}],"collection":[{"href":"https:\/\/altisk-karcag.hu\/index.php?rest_route=\/wp\/v2\/posts"}],"about":[{"href":"https:\/\/altisk-karcag.hu\/index.php?rest_route=\/wp\/v2\/types\/post"}],"author":[{"embeddable":true,"href":"https:\/\/altisk-karcag.hu\/index.php?rest_route=\/wp\/v2\/users\/1"}],"replies":[{"embeddable":true,"href":"https:\/\/altisk-karcag.hu\/index.php?rest_route=%2Fwp%2Fv2%2Fcomments&post=4642"}],"version-history":[{"count":2,"href":"https:\/\/altisk-karcag.hu\/index.php?rest_route=\/wp\/v2\/posts\/4642\/revisions"}],"predecessor-version":[{"id":4653,"href":"https:\/\/altisk-karcag.hu\/index.php?rest_route=\/wp\/v2\/posts\/4642\/revisions\/4653"}],"wp:featuredmedia":[{"embeddable":true,"href":"https:\/\/altisk-karcag.hu\/index.php?rest_route=\/wp\/v2\/media\/4651"}],"wp:attachment":[{"href":"https:\/\/altisk-karcag.hu\/index.php?rest_route=%2Fwp%2Fv2%2Fmedia&parent=4642"}],"wp:term":[{"taxonomy":"category","embeddable":true,"href":"https:\/\/altisk-karcag.hu\/index.php?rest_route=%2Fwp%2Fv2%2Fcategories&post=4642"},{"taxonomy":"post_tag","embeddable":true,"href":"https:\/\/altisk-karcag.hu\/index.php?rest_route=%2Fwp%2Fv2%2Ftags&post=4642"}],"curies":[{"name":"wp","href":"https:\/\/api.w.org\/{rel}","templated":true}]}}