{"id":4626,"date":"2025-12-12T09:00:00","date_gmt":"2025-12-12T09:00:00","guid":{"rendered":"https:\/\/altisk-karcag.hu\/?p=4626"},"modified":"2025-12-13T09:04:31","modified_gmt":"2025-12-13T09:04:31","slug":"advent-3-gyertyagyujtas","status":"publish","type":"post","link":"https:\/\/altisk-karcag.hu\/?p=4626","title":{"rendered":"Advent &#8211; 3. gyertyagy\u00fajt\u00e1s"},"content":{"rendered":"\n<p>Iskol\u00e1nkban ma \u00fajabb f\u00e9ny gy\u00falt az adventi koszor\u00fan, meggy\u00fajtottuk az \u00f6r\u00f6m\u00f6t jelk\u00e9pez\u0151 harmadik gyerty\u00e1t is. A m\u00e1sodik oszt\u00e1lyos di\u00e1kok meghitt m\u0171sorral k\u00e9sz\u00fcltek erre az alkalomra. Versekkel \u00e9s kar\u00e1csonyi dallamokkal t\u00f6lt\u00f6tt\u00e9k meg az aul\u00e1t, igazi \u00fcnnepi hangulatot teremtve.<br>K\u00f6sz\u00f6nj\u00fck a sz\u00ednvonalas el\u0151ad\u00e1st a gyerekeknek \u00e9s felk\u00e9sz\u00edt\u0151 pedag\u00f3gusaiknak: Patk\u00f3n\u00e9 Erdei Juditnak \u00e9s Varg\u00e1n\u00e9 T\u00f6r\u0151csik \u00c1gnesnek.<br>\u00c1ldott v\u00e1rakoz\u00e1st k\u00edv\u00e1nunk mindenkinek!<\/p>\n\n\n\n<figure class=\"wp-block-gallery has-nested-images columns-default is-cropped wp-block-gallery-1 is-layout-flex wp-block-gallery-is-layout-flex\">\n<figure class=\"wp-block-image size-large is-style-default\"><a href=\"https:\/\/altisk-karcag.hu\/wp-content\/uploads\/2025\/12\/01-4.jpg\"><img decoding=\"async\" loading=\"lazy\" width=\"1024\" height=\"575\" data-id=\"4627\" src=\"https:\/\/altisk-karcag.hu\/wp-content\/uploads\/2025\/12\/01-4-1024x575.jpg\" alt=\"\" class=\"wp-image-4627\" srcset=\"https:\/\/altisk-karcag.hu\/wp-content\/uploads\/2025\/12\/01-4-1024x575.jpg 1024w, https:\/\/altisk-karcag.hu\/wp-content\/uploads\/2025\/12\/01-4-300x168.jpg 300w, https:\/\/altisk-karcag.hu\/wp-content\/uploads\/2025\/12\/01-4-768x431.jpg 768w, https:\/\/altisk-karcag.hu\/wp-content\/uploads\/2025\/12\/01-4-1536x863.jpg 1536w, https:\/\/altisk-karcag.hu\/wp-content\/uploads\/2025\/12\/01-4-623x350.jpg 623w, https:\/\/altisk-karcag.hu\/wp-content\/uploads\/2025\/12\/01-4.jpg 2048w\" sizes=\"(max-width: 1024px) 100vw, 1024px\" \/><\/a><\/figure>\n\n\n\n<figure class=\"wp-block-image size-large is-style-default\"><a href=\"https:\/\/altisk-karcag.hu\/wp-content\/uploads\/2025\/12\/03-4.jpg\"><img decoding=\"async\" loading=\"lazy\" width=\"1024\" height=\"683\" data-id=\"4628\" src=\"https:\/\/altisk-karcag.hu\/wp-content\/uploads\/2025\/12\/03-4-1024x683.jpg\" alt=\"\" class=\"wp-image-4628\" srcset=\"https:\/\/altisk-karcag.hu\/wp-content\/uploads\/2025\/12\/03-4-1024x683.jpg 1024w, https:\/\/altisk-karcag.hu\/wp-content\/uploads\/2025\/12\/03-4-300x200.jpg 300w, https:\/\/altisk-karcag.hu\/wp-content\/uploads\/2025\/12\/03-4-768x512.jpg 768w, https:\/\/altisk-karcag.hu\/wp-content\/uploads\/2025\/12\/03-4-1536x1024.jpg 1536w, https:\/\/altisk-karcag.hu\/wp-content\/uploads\/2025\/12\/03-4-525x350.jpg 525w, https:\/\/altisk-karcag.hu\/wp-content\/uploads\/2025\/12\/03-4.jpg 2048w\" sizes=\"(max-width: 1024px) 100vw, 1024px\" \/><\/a><\/figure>\n\n\n\n<figure class=\"wp-block-image size-large is-style-default\"><a href=\"https:\/\/altisk-karcag.hu\/wp-content\/uploads\/2025\/12\/02-4.jpg\"><img decoding=\"async\" loading=\"lazy\" width=\"1024\" height=\"683\" data-id=\"4629\" src=\"https:\/\/altisk-karcag.hu\/wp-content\/uploads\/2025\/12\/02-4-1024x683.jpg\" alt=\"\" class=\"wp-image-4629\" srcset=\"https:\/\/altisk-karcag.hu\/wp-content\/uploads\/2025\/12\/02-4-1024x683.jpg 1024w, https:\/\/altisk-karcag.hu\/wp-content\/uploads\/2025\/12\/02-4-300x200.jpg 300w, https:\/\/altisk-karcag.hu\/wp-content\/uploads\/2025\/12\/02-4-768x512.jpg 768w, https:\/\/altisk-karcag.hu\/wp-content\/uploads\/2025\/12\/02-4-1536x1024.jpg 1536w, https:\/\/altisk-karcag.hu\/wp-content\/uploads\/2025\/12\/02-4-525x350.jpg 525w, https:\/\/altisk-karcag.hu\/wp-content\/uploads\/2025\/12\/02-4.jpg 2048w\" sizes=\"(max-width: 1024px) 100vw, 1024px\" \/><\/a><\/figure>\n<\/figure>\n","protected":false},"excerpt":{"rendered":"<p>Iskol\u00e1nkban ma \u00fajabb f\u00e9ny gy\u00falt az adventi koszor\u00fan, meggy\u00fajtottuk az \u00f6r\u00f6m\u00f6t jelk\u00e9pez\u0151 harmadik gyerty\u00e1t is. A m\u00e1sodik oszt\u00e1lyos di\u00e1kok meghitt m\u0171sorral k\u00e9sz\u00fcltek erre az alkalomra. Versekkel \u00e9s kar\u00e1csonyi dallamokkal t\u00f6lt\u00f6tt\u00e9k meg az aul\u00e1t, igazi \u00fcnnepi hangulatot teremtve.K\u00f6sz\u00f6nj\u00fck a sz\u00ednvonalas el\u0151ad\u00e1st a gyerekeknek \u00e9s felk\u00e9sz\u00edt\u0151 pedag\u00f3gusaiknak: Patk\u00f3n\u00e9 Erdei Juditnak \u00e9s Varg\u00e1n\u00e9 &hellip;<\/p>\n","protected":false},"author":1,"featured_media":4630,"comment_status":"closed","ping_status":"closed","sticky":false,"template":"","format":"standard","meta":{"footnotes":""},"categories":[9,11],"tags":[],"_links":{"self":[{"href":"https:\/\/altisk-karcag.hu\/index.php?rest_route=\/wp\/v2\/posts\/4626"}],"collection":[{"href":"https:\/\/altisk-karcag.hu\/index.php?rest_route=\/wp\/v2\/posts"}],"about":[{"href":"https:\/\/altisk-karcag.hu\/index.php?rest_route=\/wp\/v2\/types\/post"}],"author":[{"embeddable":true,"href":"https:\/\/altisk-karcag.hu\/index.php?rest_route=\/wp\/v2\/users\/1"}],"replies":[{"embeddable":true,"href":"https:\/\/altisk-karcag.hu\/index.php?rest_route=%2Fwp%2Fv2%2Fcomments&post=4626"}],"version-history":[{"count":2,"href":"https:\/\/altisk-karcag.hu\/index.php?rest_route=\/wp\/v2\/posts\/4626\/revisions"}],"predecessor-version":[{"id":4637,"href":"https:\/\/altisk-karcag.hu\/index.php?rest_route=\/wp\/v2\/posts\/4626\/revisions\/4637"}],"wp:featuredmedia":[{"embeddable":true,"href":"https:\/\/altisk-karcag.hu\/index.php?rest_route=\/wp\/v2\/media\/4630"}],"wp:attachment":[{"href":"https:\/\/altisk-karcag.hu\/index.php?rest_route=%2Fwp%2Fv2%2Fmedia&parent=4626"}],"wp:term":[{"taxonomy":"category","embeddable":true,"href":"https:\/\/altisk-karcag.hu\/index.php?rest_route=%2Fwp%2Fv2%2Fcategories&post=4626"},{"taxonomy":"post_tag","embeddable":true,"href":"https:\/\/altisk-karcag.hu\/index.php?rest_route=%2Fwp%2Fv2%2Ftags&post=4626"}],"curies":[{"name":"wp","href":"https:\/\/api.w.org\/{rel}","templated":true}]}}