{"id":4607,"date":"2025-12-11T12:41:11","date_gmt":"2025-12-11T12:41:11","guid":{"rendered":"https:\/\/altisk-karcag.hu\/?p=4607"},"modified":"2025-12-11T12:41:12","modified_gmt":"2025-12-11T12:41:12","slug":"jegviragok-mesemondo-verseny-2","status":"publish","type":"post","link":"https:\/\/altisk-karcag.hu\/?p=4607","title":{"rendered":"J\u00e9gvir\u00e1gok mesemond\u00f3 verseny"},"content":{"rendered":"\n<p>A D\u00e9ryn\u00e9 Kultur\u00e1lis, Turisztikai, Sport K\u00f6zpont \u00e9s K\u00f6nyvt\u00e1r mesemond\u00f3 versenyt hirdetett az \u00e1ltal\u00e1nos iskol\u00e1k als\u00f3 tagozatos tanul\u00f3i r\u00e9sz\u00e9re. Az als\u00f3sok a csal\u00e1d, kar\u00e1csony, szeretet, t\u00e9l t\u00e9m\u00e1ban adhatt\u00e1k el\u0151 mes\u00e9iket. Az I. kateg\u00f3ri\u00e1ban 1-2.oszt\u00e1lyosok verseny\u00e9ben Lakatos-T\u00f3th Fanni Zs\u00f3fia 2.oszt\u00e1lyos tanul\u00f3 Arany min\u0151s\u00edt\u00e9st kapott. Felk\u00e9sz\u00edt\u0151 pedag\u00f3gus N\u00e9methn\u00e9 Nagy Julianna<br>Gratul\u00e1lunk a sz\u00e9p eredm\u00e9nyhez!<\/p>\n\n\n\n<figure class=\"wp-block-gallery has-nested-images columns-default is-cropped wp-block-gallery-1 is-layout-flex wp-block-gallery-is-layout-flex\">\n<figure class=\"wp-block-image size-large is-style-default\"><a href=\"https:\/\/altisk-karcag.hu\/wp-content\/uploads\/2025\/12\/j01.jpg\"><img decoding=\"async\" loading=\"lazy\" width=\"768\" height=\"1024\" data-id=\"4608\" src=\"https:\/\/altisk-karcag.hu\/wp-content\/uploads\/2025\/12\/j01-768x1024.jpg\" alt=\"\" class=\"wp-image-4608\" srcset=\"https:\/\/altisk-karcag.hu\/wp-content\/uploads\/2025\/12\/j01-768x1024.jpg 768w, https:\/\/altisk-karcag.hu\/wp-content\/uploads\/2025\/12\/j01-225x300.jpg 225w, https:\/\/altisk-karcag.hu\/wp-content\/uploads\/2025\/12\/j01-1152x1536.jpg 1152w, https:\/\/altisk-karcag.hu\/wp-content\/uploads\/2025\/12\/j01-263x350.jpg 263w, https:\/\/altisk-karcag.hu\/wp-content\/uploads\/2025\/12\/j01.jpg 1536w\" sizes=\"(max-width: 768px) 100vw, 768px\" \/><\/a><\/figure>\n\n\n\n<figure class=\"wp-block-image size-large is-style-default\"><a href=\"https:\/\/altisk-karcag.hu\/wp-content\/uploads\/2025\/12\/j02.jpg\"><img decoding=\"async\" loading=\"lazy\" width=\"1024\" height=\"771\" data-id=\"4609\" src=\"https:\/\/altisk-karcag.hu\/wp-content\/uploads\/2025\/12\/j02-1024x771.jpg\" alt=\"\" class=\"wp-image-4609\" srcset=\"https:\/\/altisk-karcag.hu\/wp-content\/uploads\/2025\/12\/j02-1024x771.jpg 1024w, https:\/\/altisk-karcag.hu\/wp-content\/uploads\/2025\/12\/j02-300x226.jpg 300w, https:\/\/altisk-karcag.hu\/wp-content\/uploads\/2025\/12\/j02-768x578.jpg 768w, https:\/\/altisk-karcag.hu\/wp-content\/uploads\/2025\/12\/j02-1536x1157.jpg 1536w, https:\/\/altisk-karcag.hu\/wp-content\/uploads\/2025\/12\/j02-465x350.jpg 465w, https:\/\/altisk-karcag.hu\/wp-content\/uploads\/2025\/12\/j02.jpg 2048w\" sizes=\"(max-width: 1024px) 100vw, 1024px\" \/><\/a><\/figure>\n<\/figure>\n","protected":false},"excerpt":{"rendered":"<p>A D\u00e9ryn\u00e9 Kultur\u00e1lis, Turisztikai, Sport K\u00f6zpont \u00e9s K\u00f6nyvt\u00e1r mesemond\u00f3 versenyt hirdetett az \u00e1ltal\u00e1nos iskol\u00e1k als\u00f3 tagozatos tanul\u00f3i r\u00e9sz\u00e9re. Az als\u00f3sok a csal\u00e1d, kar\u00e1csony, szeretet, t\u00e9l t\u00e9m\u00e1ban adhatt\u00e1k el\u0151 mes\u00e9iket. Az I. kateg\u00f3ri\u00e1ban 1-2.oszt\u00e1lyosok verseny\u00e9ben Lakatos-T\u00f3th Fanni Zs\u00f3fia 2.oszt\u00e1lyos tanul\u00f3 Arany min\u0151s\u00edt\u00e9st kapott. Felk\u00e9sz\u00edt\u0151 pedag\u00f3gus N\u00e9methn\u00e9 Nagy JuliannaGratul\u00e1lunk a sz\u00e9p eredm\u00e9nyhez!<\/p>\n","protected":false},"author":1,"featured_media":4610,"comment_status":"closed","ping_status":"closed","sticky":false,"template":"","format":"standard","meta":{"footnotes":""},"categories":[9,10],"tags":[],"_links":{"self":[{"href":"https:\/\/altisk-karcag.hu\/index.php?rest_route=\/wp\/v2\/posts\/4607"}],"collection":[{"href":"https:\/\/altisk-karcag.hu\/index.php?rest_route=\/wp\/v2\/posts"}],"about":[{"href":"https:\/\/altisk-karcag.hu\/index.php?rest_route=\/wp\/v2\/types\/post"}],"author":[{"embeddable":true,"href":"https:\/\/altisk-karcag.hu\/index.php?rest_route=\/wp\/v2\/users\/1"}],"replies":[{"embeddable":true,"href":"https:\/\/altisk-karcag.hu\/index.php?rest_route=%2Fwp%2Fv2%2Fcomments&post=4607"}],"version-history":[{"count":1,"href":"https:\/\/altisk-karcag.hu\/index.php?rest_route=\/wp\/v2\/posts\/4607\/revisions"}],"predecessor-version":[{"id":4611,"href":"https:\/\/altisk-karcag.hu\/index.php?rest_route=\/wp\/v2\/posts\/4607\/revisions\/4611"}],"wp:featuredmedia":[{"embeddable":true,"href":"https:\/\/altisk-karcag.hu\/index.php?rest_route=\/wp\/v2\/media\/4610"}],"wp:attachment":[{"href":"https:\/\/altisk-karcag.hu\/index.php?rest_route=%2Fwp%2Fv2%2Fmedia&parent=4607"}],"wp:term":[{"taxonomy":"category","embeddable":true,"href":"https:\/\/altisk-karcag.hu\/index.php?rest_route=%2Fwp%2Fv2%2Fcategories&post=4607"},{"taxonomy":"post_tag","embeddable":true,"href":"https:\/\/altisk-karcag.hu\/index.php?rest_route=%2Fwp%2Fv2%2Ftags&post=4607"}],"curies":[{"name":"wp","href":"https:\/\/api.w.org\/{rel}","templated":true}]}}