{"id":4600,"date":"2025-12-05T03:38:00","date_gmt":"2025-12-05T03:38:00","guid":{"rendered":"https:\/\/altisk-karcag.hu\/?p=4600"},"modified":"2025-12-08T03:40:32","modified_gmt":"2025-12-08T03:40:32","slug":"advent-2-gyertyagyujtas-2","status":"publish","type":"post","link":"https:\/\/altisk-karcag.hu\/?p=4600","title":{"rendered":"Advent &#8211; 2. gyertyagy\u00fajt\u00e1s"},"content":{"rendered":"\n<p>A mai napon els\u0151 oszt\u00e1lyosaink \u00e1lltak iskolat\u00e1rsai el\u00e9. Verses el\u0151ad\u00e1suk ut\u00e1n a fels\u0151s \u00e9nekkarosokat hallhattuk, majd igazgat\u00f3n\u0151 meggy\u00fajtotta az adventi koszor\u00fan a m\u00e1sodik gyerty\u00e1t is.<br>K\u00f6sz\u00f6nj\u00fck a sz\u00e9p m\u0171sort az 1. oszt\u00e1lyosokt\u00f3l \u00e9s felk\u00e9sz\u00edt\u0151j\u00fckt\u0151l Ujv\u00e1rosin\u00e9 Hanuszka Katalin tan\u00edt\u00f3n\u0151nek!<br>K\u00f6sz\u00f6nj\u00fck az \u00e9nekkarnak a sz\u00e9p dalt \u00e9s felk\u00e9sz\u00edt\u0151j\u00fck, Hossz\u00fa Zsanett munk\u00e1j\u00e1t!<\/p>\n\n\n\n<figure class=\"wp-block-gallery has-nested-images columns-default is-cropped wp-block-gallery-1 is-layout-flex wp-block-gallery-is-layout-flex\">\n<figure class=\"wp-block-image size-large is-style-default\"><a href=\"https:\/\/altisk-karcag.hu\/wp-content\/uploads\/2025\/12\/01-3.jpg\"><img decoding=\"async\" loading=\"lazy\" width=\"1024\" height=\"575\" data-id=\"4604\" src=\"https:\/\/altisk-karcag.hu\/wp-content\/uploads\/2025\/12\/01-3-1024x575.jpg\" alt=\"\" class=\"wp-image-4604\" srcset=\"https:\/\/altisk-karcag.hu\/wp-content\/uploads\/2025\/12\/01-3-1024x575.jpg 1024w, https:\/\/altisk-karcag.hu\/wp-content\/uploads\/2025\/12\/01-3-300x168.jpg 300w, https:\/\/altisk-karcag.hu\/wp-content\/uploads\/2025\/12\/01-3-768x431.jpg 768w, https:\/\/altisk-karcag.hu\/wp-content\/uploads\/2025\/12\/01-3-1536x863.jpg 1536w, https:\/\/altisk-karcag.hu\/wp-content\/uploads\/2025\/12\/01-3-623x350.jpg 623w, https:\/\/altisk-karcag.hu\/wp-content\/uploads\/2025\/12\/01-3.jpg 2048w\" sizes=\"(max-width: 1024px) 100vw, 1024px\" \/><\/a><\/figure>\n\n\n\n<figure class=\"wp-block-image size-large is-style-default\"><a href=\"https:\/\/altisk-karcag.hu\/wp-content\/uploads\/2025\/12\/02-3.jpg\"><img decoding=\"async\" loading=\"lazy\" width=\"1024\" height=\"575\" data-id=\"4603\" src=\"https:\/\/altisk-karcag.hu\/wp-content\/uploads\/2025\/12\/02-3-1024x575.jpg\" alt=\"\" class=\"wp-image-4603\" srcset=\"https:\/\/altisk-karcag.hu\/wp-content\/uploads\/2025\/12\/02-3-1024x575.jpg 1024w, https:\/\/altisk-karcag.hu\/wp-content\/uploads\/2025\/12\/02-3-300x168.jpg 300w, https:\/\/altisk-karcag.hu\/wp-content\/uploads\/2025\/12\/02-3-768x431.jpg 768w, https:\/\/altisk-karcag.hu\/wp-content\/uploads\/2025\/12\/02-3-1536x863.jpg 1536w, https:\/\/altisk-karcag.hu\/wp-content\/uploads\/2025\/12\/02-3-623x350.jpg 623w, https:\/\/altisk-karcag.hu\/wp-content\/uploads\/2025\/12\/02-3.jpg 2048w\" sizes=\"(max-width: 1024px) 100vw, 1024px\" \/><\/a><\/figure>\n\n\n\n<figure class=\"wp-block-image size-large is-style-default\"><a href=\"https:\/\/altisk-karcag.hu\/wp-content\/uploads\/2025\/12\/03-3.jpg\"><img decoding=\"async\" loading=\"lazy\" width=\"1024\" height=\"575\" data-id=\"4601\" src=\"https:\/\/altisk-karcag.hu\/wp-content\/uploads\/2025\/12\/03-3-1024x575.jpg\" alt=\"\" class=\"wp-image-4601\" srcset=\"https:\/\/altisk-karcag.hu\/wp-content\/uploads\/2025\/12\/03-3-1024x575.jpg 1024w, https:\/\/altisk-karcag.hu\/wp-content\/uploads\/2025\/12\/03-3-300x168.jpg 300w, https:\/\/altisk-karcag.hu\/wp-content\/uploads\/2025\/12\/03-3-768x431.jpg 768w, https:\/\/altisk-karcag.hu\/wp-content\/uploads\/2025\/12\/03-3-1536x863.jpg 1536w, https:\/\/altisk-karcag.hu\/wp-content\/uploads\/2025\/12\/03-3-623x350.jpg 623w, https:\/\/altisk-karcag.hu\/wp-content\/uploads\/2025\/12\/03-3.jpg 2048w\" sizes=\"(max-width: 1024px) 100vw, 1024px\" \/><\/a><\/figure>\n\n\n\n<figure class=\"wp-block-image size-large is-style-default\"><a href=\"https:\/\/altisk-karcag.hu\/wp-content\/uploads\/2025\/12\/04-2.jpg\"><img decoding=\"async\" loading=\"lazy\" width=\"1024\" height=\"575\" data-id=\"4602\" src=\"https:\/\/altisk-karcag.hu\/wp-content\/uploads\/2025\/12\/04-2-1024x575.jpg\" alt=\"\" class=\"wp-image-4602\" srcset=\"https:\/\/altisk-karcag.hu\/wp-content\/uploads\/2025\/12\/04-2-1024x575.jpg 1024w, https:\/\/altisk-karcag.hu\/wp-content\/uploads\/2025\/12\/04-2-300x168.jpg 300w, https:\/\/altisk-karcag.hu\/wp-content\/uploads\/2025\/12\/04-2-768x431.jpg 768w, https:\/\/altisk-karcag.hu\/wp-content\/uploads\/2025\/12\/04-2-1536x863.jpg 1536w, https:\/\/altisk-karcag.hu\/wp-content\/uploads\/2025\/12\/04-2-623x350.jpg 623w, https:\/\/altisk-karcag.hu\/wp-content\/uploads\/2025\/12\/04-2.jpg 2048w\" sizes=\"(max-width: 1024px) 100vw, 1024px\" \/><\/a><\/figure>\n<\/figure>\n","protected":false},"excerpt":{"rendered":"<p>A mai napon els\u0151 oszt\u00e1lyosaink \u00e1lltak iskolat\u00e1rsai el\u00e9. Verses el\u0151ad\u00e1suk ut\u00e1n a fels\u0151s \u00e9nekkarosokat hallhattuk, majd igazgat\u00f3n\u0151 meggy\u00fajtotta az adventi koszor\u00fan a m\u00e1sodik gyerty\u00e1t is.K\u00f6sz\u00f6nj\u00fck a sz\u00e9p m\u0171sort az 1. oszt\u00e1lyosokt\u00f3l \u00e9s felk\u00e9sz\u00edt\u0151j\u00fckt\u0151l Ujv\u00e1rosin\u00e9 Hanuszka Katalin tan\u00edt\u00f3n\u0151nek!K\u00f6sz\u00f6nj\u00fck az \u00e9nekkarnak a sz\u00e9p dalt \u00e9s felk\u00e9sz\u00edt\u0151j\u00fck, Hossz\u00fa Zsanett munk\u00e1j\u00e1t!<\/p>\n","protected":false},"author":1,"featured_media":4605,"comment_status":"closed","ping_status":"closed","sticky":false,"template":"","format":"standard","meta":{"footnotes":""},"categories":[9,11],"tags":[],"_links":{"self":[{"href":"https:\/\/altisk-karcag.hu\/index.php?rest_route=\/wp\/v2\/posts\/4600"}],"collection":[{"href":"https:\/\/altisk-karcag.hu\/index.php?rest_route=\/wp\/v2\/posts"}],"about":[{"href":"https:\/\/altisk-karcag.hu\/index.php?rest_route=\/wp\/v2\/types\/post"}],"author":[{"embeddable":true,"href":"https:\/\/altisk-karcag.hu\/index.php?rest_route=\/wp\/v2\/users\/1"}],"replies":[{"embeddable":true,"href":"https:\/\/altisk-karcag.hu\/index.php?rest_route=%2Fwp%2Fv2%2Fcomments&post=4600"}],"version-history":[{"count":1,"href":"https:\/\/altisk-karcag.hu\/index.php?rest_route=\/wp\/v2\/posts\/4600\/revisions"}],"predecessor-version":[{"id":4606,"href":"https:\/\/altisk-karcag.hu\/index.php?rest_route=\/wp\/v2\/posts\/4600\/revisions\/4606"}],"wp:featuredmedia":[{"embeddable":true,"href":"https:\/\/altisk-karcag.hu\/index.php?rest_route=\/wp\/v2\/media\/4605"}],"wp:attachment":[{"href":"https:\/\/altisk-karcag.hu\/index.php?rest_route=%2Fwp%2Fv2%2Fmedia&parent=4600"}],"wp:term":[{"taxonomy":"category","embeddable":true,"href":"https:\/\/altisk-karcag.hu\/index.php?rest_route=%2Fwp%2Fv2%2Fcategories&post=4600"},{"taxonomy":"post_tag","embeddable":true,"href":"https:\/\/altisk-karcag.hu\/index.php?rest_route=%2Fwp%2Fv2%2Ftags&post=4600"}],"curies":[{"name":"wp","href":"https:\/\/api.w.org\/{rel}","templated":true}]}}