{"id":4564,"date":"2025-12-01T07:08:45","date_gmt":"2025-12-01T07:08:45","guid":{"rendered":"https:\/\/altisk-karcag.hu\/?p=4564"},"modified":"2025-12-01T07:08:47","modified_gmt":"2025-12-01T07:08:47","slug":"advent-1-gyertyagyujtas-2","status":"publish","type":"post","link":"https:\/\/altisk-karcag.hu\/?p=4564","title":{"rendered":"Advent &#8211; 1. gyertyagy\u00fajt\u00e1s"},"content":{"rendered":"\n<p>El\u00e9rkezett az advent, a v\u00e1rakoz\u00e1s id\u0151szaka. Iskol\u00e1nkban is megkezd\u0151d\u00f6tt a k\u00e9sz\u00fcl\u0151d\u00e9s az \u00e9v legszebb \u00fcnnep\u00e9re. Kar\u00e1csonyi d\u00edszbe \u00f6lt\u00f6z\u00f6tt az aul\u00e1nk, sz\u00e9p\u00fclnek a tantermeink. A negyedik oszt\u00e1lyosok hangulatos \u00fcnnepi m\u0171sora ut\u00e1n az adventi koszor\u00fa els\u0151 gyerty\u00e1j\u00e1n is kigy\u00falt m\u00e1r a f\u00e9ny. S mi az els\u0151 gyertyal\u00e1ng \u00fczenete?<\/p>\n\n\n\n<p class=\"has-text-align-center\">\u00a0\u201eEls\u0151 gyerty\u00e1nk neve: Hit, er\u0151s, mint a szikla,<br>ha kicsi is, f\u00e9nye nagy, s\u00f6t\u00e9t \u00e9jben szikra.\u201d <\/p>\n\n\n\n<p class=\"has-text-align-left\">\u00d6r\u00f6mteli \u00fcnnepi k\u00e9sz\u00fcl\u0151d\u00e9st k\u00edv\u00e1nunk mindenkinek!<\/p>\n\n\n\n<figure class=\"wp-block-gallery has-nested-images columns-default is-cropped wp-block-gallery-1 is-layout-flex wp-block-gallery-is-layout-flex\">\n<figure class=\"wp-block-image size-large is-style-default\"><a href=\"https:\/\/altisk-karcag.hu\/wp-content\/uploads\/2025\/12\/01.jpg\"><img decoding=\"async\" loading=\"lazy\" width=\"1024\" height=\"575\" data-id=\"4568\" src=\"https:\/\/altisk-karcag.hu\/wp-content\/uploads\/2025\/12\/01-1024x575.jpg\" alt=\"\" class=\"wp-image-4568\" srcset=\"https:\/\/altisk-karcag.hu\/wp-content\/uploads\/2025\/12\/01-1024x575.jpg 1024w, https:\/\/altisk-karcag.hu\/wp-content\/uploads\/2025\/12\/01-300x168.jpg 300w, https:\/\/altisk-karcag.hu\/wp-content\/uploads\/2025\/12\/01-768x431.jpg 768w, https:\/\/altisk-karcag.hu\/wp-content\/uploads\/2025\/12\/01-1536x863.jpg 1536w, https:\/\/altisk-karcag.hu\/wp-content\/uploads\/2025\/12\/01-623x350.jpg 623w, https:\/\/altisk-karcag.hu\/wp-content\/uploads\/2025\/12\/01.jpg 2048w\" sizes=\"(max-width: 1024px) 100vw, 1024px\" \/><\/a><\/figure>\n\n\n\n<figure class=\"wp-block-image size-large is-style-default\"><a href=\"https:\/\/altisk-karcag.hu\/wp-content\/uploads\/2025\/12\/02.jpg\"><img decoding=\"async\" loading=\"lazy\" width=\"1024\" height=\"575\" data-id=\"4565\" src=\"https:\/\/altisk-karcag.hu\/wp-content\/uploads\/2025\/12\/02-1024x575.jpg\" alt=\"\" class=\"wp-image-4565\" srcset=\"https:\/\/altisk-karcag.hu\/wp-content\/uploads\/2025\/12\/02-1024x575.jpg 1024w, https:\/\/altisk-karcag.hu\/wp-content\/uploads\/2025\/12\/02-300x168.jpg 300w, https:\/\/altisk-karcag.hu\/wp-content\/uploads\/2025\/12\/02-768x431.jpg 768w, https:\/\/altisk-karcag.hu\/wp-content\/uploads\/2025\/12\/02-1536x863.jpg 1536w, https:\/\/altisk-karcag.hu\/wp-content\/uploads\/2025\/12\/02-623x350.jpg 623w, https:\/\/altisk-karcag.hu\/wp-content\/uploads\/2025\/12\/02.jpg 2048w\" sizes=\"(max-width: 1024px) 100vw, 1024px\" \/><\/a><\/figure>\n\n\n\n<figure class=\"wp-block-image size-large is-style-default\"><a href=\"https:\/\/altisk-karcag.hu\/wp-content\/uploads\/2025\/12\/03.jpg\"><img decoding=\"async\" loading=\"lazy\" width=\"1024\" height=\"575\" data-id=\"4567\" src=\"https:\/\/altisk-karcag.hu\/wp-content\/uploads\/2025\/12\/03-1024x575.jpg\" alt=\"\" class=\"wp-image-4567\" srcset=\"https:\/\/altisk-karcag.hu\/wp-content\/uploads\/2025\/12\/03-1024x575.jpg 1024w, https:\/\/altisk-karcag.hu\/wp-content\/uploads\/2025\/12\/03-300x168.jpg 300w, https:\/\/altisk-karcag.hu\/wp-content\/uploads\/2025\/12\/03-768x431.jpg 768w, https:\/\/altisk-karcag.hu\/wp-content\/uploads\/2025\/12\/03-1536x863.jpg 1536w, https:\/\/altisk-karcag.hu\/wp-content\/uploads\/2025\/12\/03-623x350.jpg 623w, https:\/\/altisk-karcag.hu\/wp-content\/uploads\/2025\/12\/03.jpg 2048w\" sizes=\"(max-width: 1024px) 100vw, 1024px\" \/><\/a><\/figure>\n\n\n\n<figure class=\"wp-block-image size-large is-style-default\"><a href=\"https:\/\/altisk-karcag.hu\/wp-content\/uploads\/2025\/12\/05.jpg\"><img decoding=\"async\" loading=\"lazy\" width=\"1024\" height=\"575\" data-id=\"4566\" src=\"https:\/\/altisk-karcag.hu\/wp-content\/uploads\/2025\/12\/05-1024x575.jpg\" alt=\"\" class=\"wp-image-4566\" srcset=\"https:\/\/altisk-karcag.hu\/wp-content\/uploads\/2025\/12\/05-1024x575.jpg 1024w, https:\/\/altisk-karcag.hu\/wp-content\/uploads\/2025\/12\/05-300x168.jpg 300w, https:\/\/altisk-karcag.hu\/wp-content\/uploads\/2025\/12\/05-768x431.jpg 768w, https:\/\/altisk-karcag.hu\/wp-content\/uploads\/2025\/12\/05-1536x863.jpg 1536w, https:\/\/altisk-karcag.hu\/wp-content\/uploads\/2025\/12\/05-623x350.jpg 623w, https:\/\/altisk-karcag.hu\/wp-content\/uploads\/2025\/12\/05.jpg 2048w\" sizes=\"(max-width: 1024px) 100vw, 1024px\" \/><\/a><\/figure>\n<\/figure>\n","protected":false},"excerpt":{"rendered":"<p>El\u00e9rkezett az advent, a v\u00e1rakoz\u00e1s id\u0151szaka. Iskol\u00e1nkban is megkezd\u0151d\u00f6tt a k\u00e9sz\u00fcl\u0151d\u00e9s az \u00e9v legszebb \u00fcnnep\u00e9re. Kar\u00e1csonyi d\u00edszbe \u00f6lt\u00f6z\u00f6tt az aul\u00e1nk, sz\u00e9p\u00fclnek a tantermeink. A negyedik oszt\u00e1lyosok hangulatos \u00fcnnepi m\u0171sora ut\u00e1n az adventi koszor\u00fa els\u0151 gyerty\u00e1j\u00e1n is kigy\u00falt m\u00e1r a f\u00e9ny. S mi az els\u0151 gyertyal\u00e1ng \u00fczenete? \u00a0\u201eEls\u0151 gyerty\u00e1nk neve: Hit, &hellip;<\/p>\n","protected":false},"author":1,"featured_media":4570,"comment_status":"closed","ping_status":"closed","sticky":false,"template":"","format":"standard","meta":{"footnotes":""},"categories":[9,11],"tags":[],"_links":{"self":[{"href":"https:\/\/altisk-karcag.hu\/index.php?rest_route=\/wp\/v2\/posts\/4564"}],"collection":[{"href":"https:\/\/altisk-karcag.hu\/index.php?rest_route=\/wp\/v2\/posts"}],"about":[{"href":"https:\/\/altisk-karcag.hu\/index.php?rest_route=\/wp\/v2\/types\/post"}],"author":[{"embeddable":true,"href":"https:\/\/altisk-karcag.hu\/index.php?rest_route=\/wp\/v2\/users\/1"}],"replies":[{"embeddable":true,"href":"https:\/\/altisk-karcag.hu\/index.php?rest_route=%2Fwp%2Fv2%2Fcomments&post=4564"}],"version-history":[{"count":1,"href":"https:\/\/altisk-karcag.hu\/index.php?rest_route=\/wp\/v2\/posts\/4564\/revisions"}],"predecessor-version":[{"id":4569,"href":"https:\/\/altisk-karcag.hu\/index.php?rest_route=\/wp\/v2\/posts\/4564\/revisions\/4569"}],"wp:featuredmedia":[{"embeddable":true,"href":"https:\/\/altisk-karcag.hu\/index.php?rest_route=\/wp\/v2\/media\/4570"}],"wp:attachment":[{"href":"https:\/\/altisk-karcag.hu\/index.php?rest_route=%2Fwp%2Fv2%2Fmedia&parent=4564"}],"wp:term":[{"taxonomy":"category","embeddable":true,"href":"https:\/\/altisk-karcag.hu\/index.php?rest_route=%2Fwp%2Fv2%2Fcategories&post=4564"},{"taxonomy":"post_tag","embeddable":true,"href":"https:\/\/altisk-karcag.hu\/index.php?rest_route=%2Fwp%2Fv2%2Ftags&post=4564"}],"curies":[{"name":"wp","href":"https:\/\/api.w.org\/{rel}","templated":true}]}}