{"id":4542,"date":"2025-11-18T09:27:05","date_gmt":"2025-11-18T09:27:05","guid":{"rendered":"https:\/\/altisk-karcag.hu\/?p=4542"},"modified":"2025-11-26T09:28:47","modified_gmt":"2025-11-26T09:28:47","slug":"halloween-i-rajzpalyazat","status":"publish","type":"post","link":"https:\/\/altisk-karcag.hu\/?p=4542","title":{"rendered":"Halloween-i rajzp\u00e1ly\u00e1zat"},"content":{"rendered":"\n<p>November m\u00e1sodik het\u00e9ben, a Karcagi Kov\u00e1ts Mih\u00e1ly \u00c1ltal\u00e1nos Iskola als\u00f3s tanul\u00f3i, Halloween-i rajzp\u00e1ly\u00e1zaton vehettek r\u00e9szt. A t\u00e9ma a legf\u00e9lelmetesebb halloweeni jelk\u00e9p lerajzol\u00e1sa volt. Ennek megfelel\u0151en r\u00e9miszt\u0151 t\u00f6k\u00f6k, p\u00f3kok, szellemek \u00e9s egy\u00e9b alkot\u00e1sok<br>sz\u00fclettek. A d\u00edjaz\u00e1s sor\u00e1n minden oszt\u00e1lyban III., II. \u00e9s I. helyez\u00e9s is kioszt\u00e1sra ker\u00fclt. Senki sem szomorkodott az eredm\u00e9nyhirdet\u00e9s v\u00e9g\u00e9n sem, hiszen minden oszt\u00e1ly kapott halloweeni gumicukork\u00e1t is.<br>Ujv\u00e1rosin\u00e9 Hanuszka Katalin-szervez\u0151<\/p>\n\n\n\n<figure class=\"wp-block-gallery has-nested-images columns-default is-cropped wp-block-gallery-1 is-layout-flex wp-block-gallery-is-layout-flex\">\n<figure class=\"wp-block-image size-large is-style-default\"><a href=\"https:\/\/altisk-karcag.hu\/wp-content\/uploads\/2025\/11\/hallo2.jpg\"><img decoding=\"async\" loading=\"lazy\" width=\"1024\" height=\"771\" data-id=\"4544\" src=\"https:\/\/altisk-karcag.hu\/wp-content\/uploads\/2025\/11\/hallo2-1024x771.jpg\" alt=\"\" class=\"wp-image-4544\" srcset=\"https:\/\/altisk-karcag.hu\/wp-content\/uploads\/2025\/11\/hallo2-1024x771.jpg 1024w, https:\/\/altisk-karcag.hu\/wp-content\/uploads\/2025\/11\/hallo2-300x226.jpg 300w, https:\/\/altisk-karcag.hu\/wp-content\/uploads\/2025\/11\/hallo2-768x578.jpg 768w, https:\/\/altisk-karcag.hu\/wp-content\/uploads\/2025\/11\/hallo2-1536x1157.jpg 1536w, https:\/\/altisk-karcag.hu\/wp-content\/uploads\/2025\/11\/hallo2-465x350.jpg 465w, https:\/\/altisk-karcag.hu\/wp-content\/uploads\/2025\/11\/hallo2.jpg 2048w\" sizes=\"(max-width: 1024px) 100vw, 1024px\" \/><\/a><\/figure>\n\n\n\n<figure class=\"wp-block-image size-large is-style-default\"><a href=\"https:\/\/altisk-karcag.hu\/wp-content\/uploads\/2025\/11\/hallo1.jpg\"><img decoding=\"async\" loading=\"lazy\" width=\"1024\" height=\"771\" data-id=\"4543\" src=\"https:\/\/altisk-karcag.hu\/wp-content\/uploads\/2025\/11\/hallo1-1024x771.jpg\" alt=\"\" class=\"wp-image-4543\" srcset=\"https:\/\/altisk-karcag.hu\/wp-content\/uploads\/2025\/11\/hallo1-1024x771.jpg 1024w, https:\/\/altisk-karcag.hu\/wp-content\/uploads\/2025\/11\/hallo1-300x226.jpg 300w, https:\/\/altisk-karcag.hu\/wp-content\/uploads\/2025\/11\/hallo1-768x578.jpg 768w, https:\/\/altisk-karcag.hu\/wp-content\/uploads\/2025\/11\/hallo1-1536x1157.jpg 1536w, https:\/\/altisk-karcag.hu\/wp-content\/uploads\/2025\/11\/hallo1-465x350.jpg 465w, https:\/\/altisk-karcag.hu\/wp-content\/uploads\/2025\/11\/hallo1.jpg 2048w\" sizes=\"(max-width: 1024px) 100vw, 1024px\" \/><\/a><\/figure>\n<\/figure>\n","protected":false},"excerpt":{"rendered":"<p>November m\u00e1sodik het\u00e9ben, a Karcagi Kov\u00e1ts Mih\u00e1ly \u00c1ltal\u00e1nos Iskola als\u00f3s tanul\u00f3i, Halloween-i rajzp\u00e1ly\u00e1zaton vehettek r\u00e9szt. A t\u00e9ma a legf\u00e9lelmetesebb halloweeni jelk\u00e9p lerajzol\u00e1sa volt. Ennek megfelel\u0151en r\u00e9miszt\u0151 t\u00f6k\u00f6k, p\u00f3kok, szellemek \u00e9s egy\u00e9b alkot\u00e1soksz\u00fclettek. A d\u00edjaz\u00e1s sor\u00e1n minden oszt\u00e1lyban III., II. \u00e9s I. helyez\u00e9s is kioszt\u00e1sra ker\u00fclt. Senki sem szomorkodott az eredm\u00e9nyhirdet\u00e9s &hellip;<\/p>\n","protected":false},"author":1,"featured_media":0,"comment_status":"closed","ping_status":"closed","sticky":false,"template":"","format":"standard","meta":{"footnotes":""},"categories":[9,11],"tags":[],"_links":{"self":[{"href":"https:\/\/altisk-karcag.hu\/index.php?rest_route=\/wp\/v2\/posts\/4542"}],"collection":[{"href":"https:\/\/altisk-karcag.hu\/index.php?rest_route=\/wp\/v2\/posts"}],"about":[{"href":"https:\/\/altisk-karcag.hu\/index.php?rest_route=\/wp\/v2\/types\/post"}],"author":[{"embeddable":true,"href":"https:\/\/altisk-karcag.hu\/index.php?rest_route=\/wp\/v2\/users\/1"}],"replies":[{"embeddable":true,"href":"https:\/\/altisk-karcag.hu\/index.php?rest_route=%2Fwp%2Fv2%2Fcomments&post=4542"}],"version-history":[{"count":1,"href":"https:\/\/altisk-karcag.hu\/index.php?rest_route=\/wp\/v2\/posts\/4542\/revisions"}],"predecessor-version":[{"id":4545,"href":"https:\/\/altisk-karcag.hu\/index.php?rest_route=\/wp\/v2\/posts\/4542\/revisions\/4545"}],"wp:attachment":[{"href":"https:\/\/altisk-karcag.hu\/index.php?rest_route=%2Fwp%2Fv2%2Fmedia&parent=4542"}],"wp:term":[{"taxonomy":"category","embeddable":true,"href":"https:\/\/altisk-karcag.hu\/index.php?rest_route=%2Fwp%2Fv2%2Fcategories&post=4542"},{"taxonomy":"post_tag","embeddable":true,"href":"https:\/\/altisk-karcag.hu\/index.php?rest_route=%2Fwp%2Fv2%2Ftags&post=4542"}],"curies":[{"name":"wp","href":"https:\/\/api.w.org\/{rel}","templated":true}]}}