{"id":4472,"date":"2025-11-07T03:49:02","date_gmt":"2025-11-07T03:49:02","guid":{"rendered":"https:\/\/altisk-karcag.hu\/?p=4472"},"modified":"2025-11-07T03:49:04","modified_gmt":"2025-11-07T03:49:04","slug":"sikerek-a-diakolimpian","status":"publish","type":"post","link":"https:\/\/altisk-karcag.hu\/?p=4472","title":{"rendered":"Sikerek a Di\u00e1kolimpi\u00e1n"},"content":{"rendered":"\n<p>2025.11.05-\u00e9n Futsal Di\u00e1kolimpia K\u00f6rzeti D\u00f6nt\u0151n szerepelt iskol\u00e1nk IV. korcsoportos labdar\u00fag\u00f3 csapata.<br>K\u00fczdelmes m\u00e9rk\u0151z\u00e9seken a m\u00e1sodik helyen v\u00e9gezt\u00fcnk, \u00edgy siker\u00fclt bejutnunk a V\u00e1rmegyei el\u0151d\u00f6nt\u0151be! \ud83e\udd48<br>Csapat tagjai : Baga B\u00e9la S\u00e1ndor, Angyal Attila, Olajos S\u00e1ndor, Kiss J\u00f3zsef, Csonka P\u00e1l, Lakatos \u00c1d\u00e1m, Tassi Istv\u00e1n Gerg\u0151, K\u00e1lm\u00e1n Patrik.<br>Gratul\u00e1lunk a sr\u00e1coknak \u00e9s felk\u00e9sz\u00edt\u0151j\u00fcknek a mai teljes\u00edtm\u00e9ny\u00fckh\u00f6z!<\/p>\n\n\n\n<figure class=\"wp-block-gallery has-nested-images columns-default is-cropped wp-block-gallery-1 is-layout-flex wp-block-gallery-is-layout-flex\">\n<figure class=\"wp-block-image size-large is-style-default\"><a href=\"https:\/\/altisk-karcag.hu\/wp-content\/uploads\/2025\/11\/01-4.jpg\"><img decoding=\"async\" loading=\"lazy\" width=\"768\" height=\"1024\" data-id=\"4474\" src=\"https:\/\/altisk-karcag.hu\/wp-content\/uploads\/2025\/11\/01-4-768x1024.jpg\" alt=\"\" class=\"wp-image-4474\" srcset=\"https:\/\/altisk-karcag.hu\/wp-content\/uploads\/2025\/11\/01-4-768x1024.jpg 768w, https:\/\/altisk-karcag.hu\/wp-content\/uploads\/2025\/11\/01-4-225x300.jpg 225w, https:\/\/altisk-karcag.hu\/wp-content\/uploads\/2025\/11\/01-4-1152x1536.jpg 1152w, https:\/\/altisk-karcag.hu\/wp-content\/uploads\/2025\/11\/01-4-263x350.jpg 263w, https:\/\/altisk-karcag.hu\/wp-content\/uploads\/2025\/11\/01-4.jpg 1536w\" sizes=\"(max-width: 768px) 100vw, 768px\" \/><\/a><\/figure>\n\n\n\n<figure class=\"wp-block-image size-large is-style-default\"><a href=\"https:\/\/altisk-karcag.hu\/wp-content\/uploads\/2025\/11\/02-4.jpg\"><img decoding=\"async\" loading=\"lazy\" width=\"768\" height=\"1024\" data-id=\"4475\" src=\"https:\/\/altisk-karcag.hu\/wp-content\/uploads\/2025\/11\/02-4-768x1024.jpg\" alt=\"\" class=\"wp-image-4475\" srcset=\"https:\/\/altisk-karcag.hu\/wp-content\/uploads\/2025\/11\/02-4-768x1024.jpg 768w, https:\/\/altisk-karcag.hu\/wp-content\/uploads\/2025\/11\/02-4-225x300.jpg 225w, https:\/\/altisk-karcag.hu\/wp-content\/uploads\/2025\/11\/02-4-1152x1536.jpg 1152w, https:\/\/altisk-karcag.hu\/wp-content\/uploads\/2025\/11\/02-4-263x350.jpg 263w, https:\/\/altisk-karcag.hu\/wp-content\/uploads\/2025\/11\/02-4.jpg 1536w\" sizes=\"(max-width: 768px) 100vw, 768px\" \/><\/a><\/figure>\n\n\n\n<figure class=\"wp-block-image size-large is-style-default\"><a href=\"https:\/\/altisk-karcag.hu\/wp-content\/uploads\/2025\/11\/03-3.jpg\"><img decoding=\"async\" loading=\"lazy\" width=\"768\" height=\"1024\" data-id=\"4473\" src=\"https:\/\/altisk-karcag.hu\/wp-content\/uploads\/2025\/11\/03-3-768x1024.jpg\" alt=\"\" class=\"wp-image-4473\" srcset=\"https:\/\/altisk-karcag.hu\/wp-content\/uploads\/2025\/11\/03-3-768x1024.jpg 768w, https:\/\/altisk-karcag.hu\/wp-content\/uploads\/2025\/11\/03-3-225x300.jpg 225w, https:\/\/altisk-karcag.hu\/wp-content\/uploads\/2025\/11\/03-3-1152x1536.jpg 1152w, https:\/\/altisk-karcag.hu\/wp-content\/uploads\/2025\/11\/03-3-263x350.jpg 263w, https:\/\/altisk-karcag.hu\/wp-content\/uploads\/2025\/11\/03-3.jpg 1536w\" sizes=\"(max-width: 768px) 100vw, 768px\" \/><\/a><\/figure>\n\n\n\n<figure class=\"wp-block-image size-large is-style-default\"><a href=\"https:\/\/altisk-karcag.hu\/wp-content\/uploads\/2025\/11\/04-3.jpg\"><img decoding=\"async\" loading=\"lazy\" width=\"1024\" height=\"768\" data-id=\"4476\" src=\"https:\/\/altisk-karcag.hu\/wp-content\/uploads\/2025\/11\/04-3-1024x768.jpg\" alt=\"\" class=\"wp-image-4476\" srcset=\"https:\/\/altisk-karcag.hu\/wp-content\/uploads\/2025\/11\/04-3-1024x768.jpg 1024w, https:\/\/altisk-karcag.hu\/wp-content\/uploads\/2025\/11\/04-3-300x225.jpg 300w, https:\/\/altisk-karcag.hu\/wp-content\/uploads\/2025\/11\/04-3-768x576.jpg 768w, https:\/\/altisk-karcag.hu\/wp-content\/uploads\/2025\/11\/04-3-1536x1152.jpg 1536w, https:\/\/altisk-karcag.hu\/wp-content\/uploads\/2025\/11\/04-3-467x350.jpg 467w, https:\/\/altisk-karcag.hu\/wp-content\/uploads\/2025\/11\/04-3.jpg 2048w\" sizes=\"(max-width: 1024px) 100vw, 1024px\" \/><\/a><\/figure>\n<\/figure>\n","protected":false},"excerpt":{"rendered":"<p>2025.11.05-\u00e9n Futsal Di\u00e1kolimpia K\u00f6rzeti D\u00f6nt\u0151n szerepelt iskol\u00e1nk IV. korcsoportos labdar\u00fag\u00f3 csapata.K\u00fczdelmes m\u00e9rk\u0151z\u00e9seken a m\u00e1sodik helyen v\u00e9gezt\u00fcnk, \u00edgy siker\u00fclt bejutnunk a V\u00e1rmegyei el\u0151d\u00f6nt\u0151be! \ud83e\udd48Csapat tagjai : Baga B\u00e9la S\u00e1ndor, Angyal Attila, Olajos S\u00e1ndor, Kiss J\u00f3zsef, Csonka P\u00e1l, Lakatos \u00c1d\u00e1m, Tassi Istv\u00e1n Gerg\u0151, K\u00e1lm\u00e1n Patrik.Gratul\u00e1lunk a sr\u00e1coknak \u00e9s felk\u00e9sz\u00edt\u0151j\u00fcknek a mai teljes\u00edtm\u00e9ny\u00fckh\u00f6z!<\/p>\n","protected":false},"author":1,"featured_media":0,"comment_status":"closed","ping_status":"closed","sticky":false,"template":"","format":"standard","meta":{"footnotes":""},"categories":[9,11],"tags":[],"_links":{"self":[{"href":"https:\/\/altisk-karcag.hu\/index.php?rest_route=\/wp\/v2\/posts\/4472"}],"collection":[{"href":"https:\/\/altisk-karcag.hu\/index.php?rest_route=\/wp\/v2\/posts"}],"about":[{"href":"https:\/\/altisk-karcag.hu\/index.php?rest_route=\/wp\/v2\/types\/post"}],"author":[{"embeddable":true,"href":"https:\/\/altisk-karcag.hu\/index.php?rest_route=\/wp\/v2\/users\/1"}],"replies":[{"embeddable":true,"href":"https:\/\/altisk-karcag.hu\/index.php?rest_route=%2Fwp%2Fv2%2Fcomments&post=4472"}],"version-history":[{"count":1,"href":"https:\/\/altisk-karcag.hu\/index.php?rest_route=\/wp\/v2\/posts\/4472\/revisions"}],"predecessor-version":[{"id":4477,"href":"https:\/\/altisk-karcag.hu\/index.php?rest_route=\/wp\/v2\/posts\/4472\/revisions\/4477"}],"wp:attachment":[{"href":"https:\/\/altisk-karcag.hu\/index.php?rest_route=%2Fwp%2Fv2%2Fmedia&parent=4472"}],"wp:term":[{"taxonomy":"category","embeddable":true,"href":"https:\/\/altisk-karcag.hu\/index.php?rest_route=%2Fwp%2Fv2%2Fcategories&post=4472"},{"taxonomy":"post_tag","embeddable":true,"href":"https:\/\/altisk-karcag.hu\/index.php?rest_route=%2Fwp%2Fv2%2Ftags&post=4472"}],"curies":[{"name":"wp","href":"https:\/\/api.w.org\/{rel}","templated":true}]}}