{"id":415,"date":"2019-12-19T08:11:30","date_gmt":"2019-12-19T08:11:30","guid":{"rendered":"https:\/\/altisk-karcag.hu\/wp\/?p=415"},"modified":"2024-08-14T09:38:52","modified_gmt":"2024-08-14T09:38:52","slug":"sikeres-szereples-a-prozamondo-versenyen","status":"publish","type":"post","link":"https:\/\/altisk-karcag.hu\/?p=415","title":{"rendered":"Sikeres szerepl\u00e9s a pr\u00f3zamond\u00f3 versenyen"},"content":{"rendered":"<p style=\"text-align: justify;\">November 18-\u00e1n, az &#8222;Olvastad m\u00e1r?&#8221; v\u00e1rosi pr\u00f3zamond\u00f3 versenyen indult a Karcagi \u00c1ltal\u00e1nos Iskola \u00e9s AMI h\u00e1rom tanul\u00f3ja.<br>A Kiskulcsosi Tagint\u00e9zm\u00e9nyb\u0151l Kiss \u00c9va No\u00e9mi \u2013 arany, <br>a Kov\u00e1ts Mih\u00e1ly Tagint\u00e9zm\u00e9nyb\u0151l Luk\u00e1cs Titanilla \u2013 ez\u00fcst,<br>Kerekes J\u00f3zsef &#8211; arany min\u0151s\u00edt\u00e9st szerzett.<br>Felk\u00e9sz\u00edt\u0151 pedag\u00f3gus: Horv\u00e1thn\u00e9 Pandur T\u00fcnde R\u00f3za<\/p>\n<p>Gratul\u00e1lunk a di\u00e1koknak, tan\u00e1ruknak \u00e9s tov\u00e1bbi sz\u00e9p sikereket k\u00edv\u00e1nunk!<\/p>\n\n\n<figure class=\"wp-block-gallery columns-2 is-cropped wp-block-gallery-1 is-layout-flex wp-block-gallery-is-layout-flex\"><ul class=\"blocks-gallery-grid\"><li class=\"blocks-gallery-item\"><figure><a href=\"https:\/\/altisk-karcag.hu\/wp\/?attachment_id=416\"><img decoding=\"async\" loading=\"lazy\" width=\"768\" height=\"1024\" src=\"https:\/\/altisk-karcag.hu\/wp\/wp-content\/uploads\/2019\/12\/IMG_0055-768x1024.jpg\" alt=\"\" data-id=\"416\" data-full-url=\"https:\/\/altisk-karcag.hu\/wp\/wp-content\/uploads\/2019\/12\/IMG_0055-rotated.jpg\" data-link=\"https:\/\/altisk-karcag.hu\/wp\/?attachment_id=416\" class=\"wp-image-416\" srcset=\"https:\/\/altisk-karcag.hu\/wp-content\/uploads\/2019\/12\/IMG_0055-768x1024.jpg 768w, https:\/\/altisk-karcag.hu\/wp-content\/uploads\/2019\/12\/IMG_0055-225x300.jpg 225w, https:\/\/altisk-karcag.hu\/wp-content\/uploads\/2019\/12\/IMG_0055-113x150.jpg 113w, https:\/\/altisk-karcag.hu\/wp-content\/uploads\/2019\/12\/IMG_0055-300x400.jpg 300w, https:\/\/altisk-karcag.hu\/wp-content\/uploads\/2019\/12\/IMG_0055-rotated.jpg 1080w\" sizes=\"(max-width: 768px) 100vw, 768px\" \/><\/a><\/figure><\/li><li class=\"blocks-gallery-item\"><figure><a href=\"https:\/\/altisk-karcag.hu\/wp\/?attachment_id=417\"><img decoding=\"async\" loading=\"lazy\" width=\"768\" height=\"1024\" src=\"https:\/\/altisk-karcag.hu\/wp\/wp-content\/uploads\/2019\/12\/IMG_0056-768x1024.jpg\" alt=\"\" data-id=\"417\" data-full-url=\"https:\/\/altisk-karcag.hu\/wp\/wp-content\/uploads\/2019\/12\/IMG_0056-rotated.jpg\" data-link=\"https:\/\/altisk-karcag.hu\/wp\/?attachment_id=417\" class=\"wp-image-417\" srcset=\"https:\/\/altisk-karcag.hu\/wp-content\/uploads\/2019\/12\/IMG_0056-768x1024.jpg 768w, https:\/\/altisk-karcag.hu\/wp-content\/uploads\/2019\/12\/IMG_0056-225x300.jpg 225w, https:\/\/altisk-karcag.hu\/wp-content\/uploads\/2019\/12\/IMG_0056-113x150.jpg 113w, https:\/\/altisk-karcag.hu\/wp-content\/uploads\/2019\/12\/IMG_0056-300x400.jpg 300w, https:\/\/altisk-karcag.hu\/wp-content\/uploads\/2019\/12\/IMG_0056-rotated.jpg 1080w\" sizes=\"(max-width: 768px) 100vw, 768px\" \/><\/a><\/figure><\/li><\/ul><\/figure>\n","protected":false},"excerpt":{"rendered":"<p>November 18-\u00e1n, az &#8222;Olvastad m\u00e1r?&#8221; v\u00e1rosi pr\u00f3zamond\u00f3 versenyen indult a Karcagi \u00c1ltal\u00e1nos Iskola \u00e9s AMI h\u00e1rom tanul\u00f3ja.A Kiskulcsosi Tagint\u00e9zm\u00e9nyb\u0151l Kiss \u00c9va No\u00e9mi \u2013 arany, a Kov\u00e1ts Mih\u00e1ly Tagint\u00e9zm\u00e9nyb\u0151l Luk\u00e1cs Titanilla \u2013 ez\u00fcst,Kerekes J\u00f3zsef &#8211; arany min\u0151s\u00edt\u00e9st szerzett.Felk\u00e9sz\u00edt\u0151 pedag\u00f3gus: Horv\u00e1thn\u00e9 Pandur T\u00fcnde R\u00f3za Gratul\u00e1lunk a di\u00e1koknak, tan\u00e1ruknak \u00e9s tov\u00e1bbi sz\u00e9p sikereket &hellip;<\/p>\n","protected":false},"author":1,"featured_media":0,"comment_status":"closed","ping_status":"closed","sticky":false,"template":"","format":"standard","meta":{"footnotes":""},"categories":[10,11],"tags":[],"_links":{"self":[{"href":"https:\/\/altisk-karcag.hu\/index.php?rest_route=\/wp\/v2\/posts\/415"}],"collection":[{"href":"https:\/\/altisk-karcag.hu\/index.php?rest_route=\/wp\/v2\/posts"}],"about":[{"href":"https:\/\/altisk-karcag.hu\/index.php?rest_route=\/wp\/v2\/types\/post"}],"author":[{"embeddable":true,"href":"https:\/\/altisk-karcag.hu\/index.php?rest_route=\/wp\/v2\/users\/1"}],"replies":[{"embeddable":true,"href":"https:\/\/altisk-karcag.hu\/index.php?rest_route=%2Fwp%2Fv2%2Fcomments&post=415"}],"version-history":[{"count":2,"href":"https:\/\/altisk-karcag.hu\/index.php?rest_route=\/wp\/v2\/posts\/415\/revisions"}],"predecessor-version":[{"id":424,"href":"https:\/\/altisk-karcag.hu\/index.php?rest_route=\/wp\/v2\/posts\/415\/revisions\/424"}],"wp:attachment":[{"href":"https:\/\/altisk-karcag.hu\/index.php?rest_route=%2Fwp%2Fv2%2Fmedia&parent=415"}],"wp:term":[{"taxonomy":"category","embeddable":true,"href":"https:\/\/altisk-karcag.hu\/index.php?rest_route=%2Fwp%2Fv2%2Fcategories&post=415"},{"taxonomy":"post_tag","embeddable":true,"href":"https:\/\/altisk-karcag.hu\/index.php?rest_route=%2Fwp%2Fv2%2Ftags&post=415"}],"curies":[{"name":"wp","href":"https:\/\/api.w.org\/{rel}","templated":true}]}}