{"id":3933,"date":"2025-06-26T01:38:19","date_gmt":"2025-06-26T01:38:19","guid":{"rendered":"https:\/\/altisk-karcag.hu\/?p=3933"},"modified":"2025-06-30T01:41:30","modified_gmt":"2025-06-30T01:41:30","slug":"evzaro-a-kovatsban","status":"publish","type":"post","link":"https:\/\/altisk-karcag.hu\/?p=3933","title":{"rendered":"\u00c9vz\u00e1r\u00f3 a Kov\u00e1tsban"},"content":{"rendered":"\n<p>2025. j\u00fanius 25-\u00e9n d\u00e9lel\u0151tt lez\u00e1rtuk a 2024\/25-\u00f6s tan\u00e9vet!<br>A kit\u0171n\u0151, jeles \u00e9s versenyeken akt\u00edv, d\u00edjaz\u00e1sban r\u00e9szes\u00fclt tanul\u00f3knak gratul\u00e1lunk!<br>Elismer\u00e9s illeti azokat is, akik b\u00e1r nem \u00e9rtek el kiemelked\u0151 eredm\u00e9nyeket, k\u00e9pess\u00e9geikhez m\u00e9rten kitart\u00f3an helyt\u00e1lltak a tan\u00e9v sor\u00e1n!<br>J\u00f3 pihen\u00e9st k\u00edv\u00e1nunk a ny\u00e1rra mindenkinek! \ud83c\udf1e<\/p>\n\n\n\n<figure class=\"wp-block-gallery has-nested-images columns-default is-cropped wp-block-gallery-1 is-layout-flex wp-block-gallery-is-layout-flex\">\n<figure class=\"wp-block-image size-large is-style-default\"><img decoding=\"async\" loading=\"lazy\" width=\"1024\" height=\"575\" data-id=\"3937\" src=\"https:\/\/altisk-karcag.hu\/wp-content\/uploads\/2025\/06\/01-11-1024x575.jpg\" alt=\"\" class=\"wp-image-3937\" srcset=\"https:\/\/altisk-karcag.hu\/wp-content\/uploads\/2025\/06\/01-11-1024x575.jpg 1024w, https:\/\/altisk-karcag.hu\/wp-content\/uploads\/2025\/06\/01-11-300x168.jpg 300w, https:\/\/altisk-karcag.hu\/wp-content\/uploads\/2025\/06\/01-11-768x431.jpg 768w, https:\/\/altisk-karcag.hu\/wp-content\/uploads\/2025\/06\/01-11-1536x863.jpg 1536w, https:\/\/altisk-karcag.hu\/wp-content\/uploads\/2025\/06\/01-11-623x350.jpg 623w, https:\/\/altisk-karcag.hu\/wp-content\/uploads\/2025\/06\/01-11.jpg 2048w\" sizes=\"(max-width: 1024px) 100vw, 1024px\" \/><\/figure>\n\n\n\n<figure class=\"wp-block-image size-large is-style-default\"><img decoding=\"async\" loading=\"lazy\" width=\"1024\" height=\"575\" data-id=\"3934\" src=\"https:\/\/altisk-karcag.hu\/wp-content\/uploads\/2025\/06\/02-11-1024x575.jpg\" alt=\"\" class=\"wp-image-3934\" srcset=\"https:\/\/altisk-karcag.hu\/wp-content\/uploads\/2025\/06\/02-11-1024x575.jpg 1024w, https:\/\/altisk-karcag.hu\/wp-content\/uploads\/2025\/06\/02-11-300x168.jpg 300w, https:\/\/altisk-karcag.hu\/wp-content\/uploads\/2025\/06\/02-11-768x431.jpg 768w, https:\/\/altisk-karcag.hu\/wp-content\/uploads\/2025\/06\/02-11-1536x863.jpg 1536w, https:\/\/altisk-karcag.hu\/wp-content\/uploads\/2025\/06\/02-11-623x350.jpg 623w, https:\/\/altisk-karcag.hu\/wp-content\/uploads\/2025\/06\/02-11.jpg 2048w\" sizes=\"(max-width: 1024px) 100vw, 1024px\" \/><\/figure>\n\n\n\n<figure class=\"wp-block-image size-large is-style-default\"><img decoding=\"async\" loading=\"lazy\" width=\"1024\" height=\"638\" data-id=\"3936\" src=\"https:\/\/altisk-karcag.hu\/wp-content\/uploads\/2025\/06\/03-10-1024x638.jpg\" alt=\"\" class=\"wp-image-3936\" srcset=\"https:\/\/altisk-karcag.hu\/wp-content\/uploads\/2025\/06\/03-10-1024x638.jpg 1024w, https:\/\/altisk-karcag.hu\/wp-content\/uploads\/2025\/06\/03-10-300x187.jpg 300w, https:\/\/altisk-karcag.hu\/wp-content\/uploads\/2025\/06\/03-10-768x479.jpg 768w, https:\/\/altisk-karcag.hu\/wp-content\/uploads\/2025\/06\/03-10-1536x957.jpg 1536w, https:\/\/altisk-karcag.hu\/wp-content\/uploads\/2025\/06\/03-10-562x350.jpg 562w, https:\/\/altisk-karcag.hu\/wp-content\/uploads\/2025\/06\/03-10.jpg 2048w\" sizes=\"(max-width: 1024px) 100vw, 1024px\" \/><\/figure>\n\n\n\n<figure class=\"wp-block-image size-large is-style-default\"><img decoding=\"async\" loading=\"lazy\" width=\"1024\" height=\"575\" data-id=\"3935\" src=\"https:\/\/altisk-karcag.hu\/wp-content\/uploads\/2025\/06\/04-9-1024x575.jpg\" alt=\"\" class=\"wp-image-3935\" srcset=\"https:\/\/altisk-karcag.hu\/wp-content\/uploads\/2025\/06\/04-9-1024x575.jpg 1024w, https:\/\/altisk-karcag.hu\/wp-content\/uploads\/2025\/06\/04-9-300x168.jpg 300w, https:\/\/altisk-karcag.hu\/wp-content\/uploads\/2025\/06\/04-9-768x431.jpg 768w, https:\/\/altisk-karcag.hu\/wp-content\/uploads\/2025\/06\/04-9-1536x863.jpg 1536w, https:\/\/altisk-karcag.hu\/wp-content\/uploads\/2025\/06\/04-9-623x350.jpg 623w, https:\/\/altisk-karcag.hu\/wp-content\/uploads\/2025\/06\/04-9.jpg 2048w\" sizes=\"(max-width: 1024px) 100vw, 1024px\" \/><\/figure>\n<\/figure>\n","protected":false},"excerpt":{"rendered":"<p>2025. j\u00fanius 25-\u00e9n d\u00e9lel\u0151tt lez\u00e1rtuk a 2024\/25-\u00f6s tan\u00e9vet!A kit\u0171n\u0151, jeles \u00e9s versenyeken akt\u00edv, d\u00edjaz\u00e1sban r\u00e9szes\u00fclt tanul\u00f3knak gratul\u00e1lunk!Elismer\u00e9s illeti azokat is, akik b\u00e1r nem \u00e9rtek el kiemelked\u0151 eredm\u00e9nyeket, k\u00e9pess\u00e9geikhez m\u00e9rten kitart\u00f3an helyt\u00e1lltak a tan\u00e9v sor\u00e1n!J\u00f3 pihen\u00e9st k\u00edv\u00e1nunk a ny\u00e1rra mindenkinek! \ud83c\udf1e<\/p>\n","protected":false},"author":1,"featured_media":0,"comment_status":"closed","ping_status":"closed","sticky":false,"template":"","format":"standard","meta":{"footnotes":""},"categories":[9,11],"tags":[],"_links":{"self":[{"href":"https:\/\/altisk-karcag.hu\/index.php?rest_route=\/wp\/v2\/posts\/3933"}],"collection":[{"href":"https:\/\/altisk-karcag.hu\/index.php?rest_route=\/wp\/v2\/posts"}],"about":[{"href":"https:\/\/altisk-karcag.hu\/index.php?rest_route=\/wp\/v2\/types\/post"}],"author":[{"embeddable":true,"href":"https:\/\/altisk-karcag.hu\/index.php?rest_route=\/wp\/v2\/users\/1"}],"replies":[{"embeddable":true,"href":"https:\/\/altisk-karcag.hu\/index.php?rest_route=%2Fwp%2Fv2%2Fcomments&post=3933"}],"version-history":[{"count":1,"href":"https:\/\/altisk-karcag.hu\/index.php?rest_route=\/wp\/v2\/posts\/3933\/revisions"}],"predecessor-version":[{"id":3938,"href":"https:\/\/altisk-karcag.hu\/index.php?rest_route=\/wp\/v2\/posts\/3933\/revisions\/3938"}],"wp:attachment":[{"href":"https:\/\/altisk-karcag.hu\/index.php?rest_route=%2Fwp%2Fv2%2Fmedia&parent=3933"}],"wp:term":[{"taxonomy":"category","embeddable":true,"href":"https:\/\/altisk-karcag.hu\/index.php?rest_route=%2Fwp%2Fv2%2Fcategories&post=3933"},{"taxonomy":"post_tag","embeddable":true,"href":"https:\/\/altisk-karcag.hu\/index.php?rest_route=%2Fwp%2Fv2%2Ftags&post=3933"}],"curies":[{"name":"wp","href":"https:\/\/api.w.org\/{rel}","templated":true}]}}