{"id":3908,"date":"2025-06-21T21:26:00","date_gmt":"2025-06-21T21:26:00","guid":{"rendered":"https:\/\/altisk-karcag.hu\/?p=3908"},"modified":"2025-06-30T01:29:25","modified_gmt":"2025-06-30T01:29:25","slug":"bucsu-a-kiskulcsosi-altalanos-iskolatol-ballagas-2025","status":"publish","type":"post","link":"https:\/\/altisk-karcag.hu\/?p=3908","title":{"rendered":"B\u00facs\u00fa a Kiskulcsosi \u00c1ltal\u00e1nos Iskol\u00e1t\u00f3l \u2013 Ballag\u00e1s 2025"},"content":{"rendered":"\n<p>2025. j\u00fanius 20-\u00e1n meghat\u00f3 pillanatoknak lehettek tan\u00fai mindazok, akik r\u00e9szt vettek a Kov\u00e1ts Mih\u00e1ly \u00c1ltal\u00e1nos Iskola Kiskulcsosi \u00c1ltal\u00e1nos Iskol\u00e1j\u00e1nak ballag\u00e1si \u00fcnneps\u00e9g\u00e9n.<br>A nyolcadikos di\u00e1kok \u00e9neksz\u00f3val utolj\u00e1ra vonultak v\u00e9gig az iskola folyos\u00f3in, az udvaron, ahol \u00e9vek sor\u00e1n bar\u00e1ts\u00e1gok sz\u00f6v\u0151dtek, tud\u00e1s gyarapodott, \u00e9s eml\u00e9kek sz\u00fclettek.<br>A ballag\u00e1s reggel\u00e9n \u00fcnnepi d\u00edszbe \u00f6lt\u00f6z\u00f6tt az iskola, d\u00e9lut\u00e1n pedig a sz\u00fcl\u0151k, a vend\u00e9gek vir\u00e1gcsokrokkal, kedves aj\u00e1nd\u00e9kokkal \u00e9rkeztek, hogy kifejezz\u00e9k szeretet\u00fcket \u00e9s elismer\u00e9s\u00fcket a b\u00facs\u00faz\u00f3 di\u00e1kok fel\u00e9.<br>A \u00f6r\u00f6m\u00fcnnepet megtisztelte Kunn\u00e9 N\u00e1n\u00e1si M\u00f3nika, k\u00f6rzet\u00fcnk \u00f6nkorm\u00e1nyzati k\u00e9pvisel\u0151je, Kissn\u00e9 So\u00f3s \u00c1gnes, a Karcagi Tanker\u00fcleti K\u00f6zpont szakmai igazgat\u00f3helyettese, Szentesin\u00e9 N\u00e1n\u00e1si T\u00fcnde, a Karcagi Kov\u00e1ts Mih\u00e1ly \u00c1ltal\u00e1nos Iskola igazgat\u00f3ja,<br>Karas Elvira \u00e9s Kov\u00e1cs T\u00edmea a Karcagi Kov\u00e1ts Mih\u00e1ly \u00c1ltal\u00e1nos Iskola igazgat\u00f3helyettese.<br>A hetedikesek sorfalat \u00e1llva, tariszny\u00e1kkal \u00e9s vir\u00e1gokkal k\u00f6sz\u00f6nt\u00f6tt\u00e9k a v\u00e9gz\u0151s\u00f6ket.<br>Radv\u00e1nyi Bogl\u00e1rka b\u00facs\u00fabesz\u00e9d\u00e9ben jelk\u00e9pesen adta \u00e1t sz\u00e1mukra az \u00fatraval\u00f3t: eml\u00e9keket, tan\u00e1csokat, j\u00f3k\u00edv\u00e1ns\u00e1gokat.<br>Az oszt\u00e1lyf\u0151n\u00f6k, Jobb\u00e1gy Gerg\u0151 L\u00e1szl\u00f3 \u00fcnnepi gondolatai sokak szem\u00e9be k\u00f6nnyet csalt. Sz\u00edvb\u0151l j\u00f6v\u0151 szavaiban felid\u00e9zte az egy\u00fctt t\u00f6lt\u00f6tt \u00e9veket, a k\u00f6z\u00f6s \u00e9lm\u00e9nyeket, neh\u00e9zs\u00e9geket, sikereket.<br>Balogh Enik\u0151 Judit a 8.-osok nev\u00e9ben, dallal, \u00e9s a besz\u00e9d\u00e9ben h\u00e1l\u00e1val b\u00facs\u00fazott tan\u00e1rait\u00f3l, nevel\u0151it\u0151l, az iskol\u00e1j\u00e1t\u00f3l, a kedves sz\u00fcl\u0151kt\u0151l, s egy-egy szem\u00e9lyes gondolattal minden oszt\u00e1lyt\u00e1rs\u00e1t\u00f3l.<br>A sz\u00fcl\u0151knek sz\u00e1nt meglepet\u00e9s k\u00fcl\u00f6n\u00f6sen sz\u00e9p \u00e9s meghat\u00f3 volt. A di\u00e1kok egy k\u00f6z\u00f6sen tanult dallal \u00e9s vir\u00e1gokkal k\u00f6sz\u00f6nt\u00e9k meg sz\u00fcleiknek, a szeretetet, t\u00f6r\u0151d\u00e9st, \u00e9s t\u00e1mogat\u00e1st, amely eg\u00e9sz iskolai \u00e9let\u00fck sor\u00e1n v\u00e9gig k\u00eds\u00e9rte \u0151ket.<br>Az \u00fcnneps\u00e9g f\u00e9nypontjak\u00e9nt Szentesin\u00e9 N\u00e1n\u00e1si T\u00fcnde, iskol\u00e1nk igazgat\u00f3ja \u00fcnnepi besz\u00e9det mondott, melyben elismer\u00e9ssel sz\u00f3lt a ballag\u00f3 \u00e9vfolyam kitart\u00e1s\u00e1r\u00f3l, fejl\u0151d\u00e9s\u00e9r\u0151l \u00e9s k\u00f6z\u00f6ss\u00e9gform\u00e1l\u00f3 erej\u00e9r\u0151l.<br>Az \u00fcnneps\u00e9g v\u00e9g\u00e9n tagint\u00e9zm\u00e9ny-igazgat\u00f3nk, Vadain\u00e9 Kov\u00e1cs Szilvia b\u00facs\u00fazott a di\u00e1kokt\u00f3l, majd a jutalmak ker\u00fcltek \u00e1tad\u00e1sra: tanulm\u00e1nyi, sport- \u00e9s k\u00f6z\u00f6ss\u00e9gi munk\u00e1\u00e9rt t\u00f6bb di\u00e1k is elismer\u00e9sben r\u00e9szes\u00fclt, ezzel is megkoron\u00e1zva az itt elt\u00f6lt\u00f6tt \u00e9veket.<br>A ballag\u00e1s eml\u00e9ke \u00f6r\u00f6kk\u00e9 megmarad mind a di\u00e1kok, mind a pedag\u00f3gusok, sz\u00fcl\u0151k sz\u00edv\u00e9ben.<br>A b\u00facs\u00fa nem v\u00e9g, csup\u00e1n egy \u00faj kezdet.<br>Sok sikert k\u00edv\u00e1nunk a Kiskulcsosi \u00c1ltal\u00e1nos Iskola 2025-ben ballag\u00f3 di\u00e1kjainak!<\/p>\n\n\n\n<figure class=\"wp-block-gallery has-nested-images columns-default is-cropped wp-block-gallery-1 is-layout-flex wp-block-gallery-is-layout-flex\">\n<figure class=\"wp-block-image size-large is-style-default\"><a href=\"https:\/\/altisk-karcag.hu\/wp-content\/uploads\/2025\/06\/06-2.jpg\"><img decoding=\"async\" loading=\"lazy\" width=\"1024\" height=\"683\" data-id=\"3910\" src=\"https:\/\/altisk-karcag.hu\/wp-content\/uploads\/2025\/06\/06-2-1024x683.jpg\" alt=\"\" class=\"wp-image-3910\" srcset=\"https:\/\/altisk-karcag.hu\/wp-content\/uploads\/2025\/06\/06-2-1024x683.jpg 1024w, https:\/\/altisk-karcag.hu\/wp-content\/uploads\/2025\/06\/06-2-300x200.jpg 300w, https:\/\/altisk-karcag.hu\/wp-content\/uploads\/2025\/06\/06-2-768x512.jpg 768w, https:\/\/altisk-karcag.hu\/wp-content\/uploads\/2025\/06\/06-2-1536x1024.jpg 1536w, https:\/\/altisk-karcag.hu\/wp-content\/uploads\/2025\/06\/06-2-525x350.jpg 525w, https:\/\/altisk-karcag.hu\/wp-content\/uploads\/2025\/06\/06-2.jpg 2048w\" sizes=\"(max-width: 1024px) 100vw, 1024px\" \/><\/a><\/figure>\n\n\n\n<figure class=\"wp-block-image size-large is-style-default\"><a href=\"https:\/\/altisk-karcag.hu\/wp-content\/uploads\/2025\/06\/05-2.jpg\"><img decoding=\"async\" loading=\"lazy\" width=\"1024\" height=\"576\" data-id=\"3913\" src=\"https:\/\/altisk-karcag.hu\/wp-content\/uploads\/2025\/06\/05-2-1024x576.jpg\" alt=\"\" class=\"wp-image-3913\" srcset=\"https:\/\/altisk-karcag.hu\/wp-content\/uploads\/2025\/06\/05-2-1024x576.jpg 1024w, https:\/\/altisk-karcag.hu\/wp-content\/uploads\/2025\/06\/05-2-300x169.jpg 300w, https:\/\/altisk-karcag.hu\/wp-content\/uploads\/2025\/06\/05-2-768x432.jpg 768w, https:\/\/altisk-karcag.hu\/wp-content\/uploads\/2025\/06\/05-2-1536x864.jpg 1536w, https:\/\/altisk-karcag.hu\/wp-content\/uploads\/2025\/06\/05-2-622x350.jpg 622w, https:\/\/altisk-karcag.hu\/wp-content\/uploads\/2025\/06\/05-2.jpg 1920w\" sizes=\"(max-width: 1024px) 100vw, 1024px\" \/><\/a><\/figure>\n\n\n\n<figure class=\"wp-block-image size-large is-style-default\"><a href=\"https:\/\/altisk-karcag.hu\/wp-content\/uploads\/2025\/06\/04-6.jpg\"><img decoding=\"async\" loading=\"lazy\" width=\"1024\" height=\"683\" data-id=\"3911\" src=\"https:\/\/altisk-karcag.hu\/wp-content\/uploads\/2025\/06\/04-6-1024x683.jpg\" alt=\"\" class=\"wp-image-3911\" srcset=\"https:\/\/altisk-karcag.hu\/wp-content\/uploads\/2025\/06\/04-6-1024x683.jpg 1024w, https:\/\/altisk-karcag.hu\/wp-content\/uploads\/2025\/06\/04-6-300x200.jpg 300w, https:\/\/altisk-karcag.hu\/wp-content\/uploads\/2025\/06\/04-6-768x512.jpg 768w, https:\/\/altisk-karcag.hu\/wp-content\/uploads\/2025\/06\/04-6-1536x1024.jpg 1536w, https:\/\/altisk-karcag.hu\/wp-content\/uploads\/2025\/06\/04-6-525x350.jpg 525w, https:\/\/altisk-karcag.hu\/wp-content\/uploads\/2025\/06\/04-6.jpg 2048w\" sizes=\"(max-width: 1024px) 100vw, 1024px\" \/><\/a><\/figure>\n\n\n\n<figure class=\"wp-block-image size-large is-style-default\"><a href=\"https:\/\/altisk-karcag.hu\/wp-content\/uploads\/2025\/06\/03-7.jpg\"><img decoding=\"async\" loading=\"lazy\" width=\"1024\" height=\"683\" data-id=\"3909\" src=\"https:\/\/altisk-karcag.hu\/wp-content\/uploads\/2025\/06\/03-7-1024x683.jpg\" alt=\"\" class=\"wp-image-3909\" srcset=\"https:\/\/altisk-karcag.hu\/wp-content\/uploads\/2025\/06\/03-7-1024x683.jpg 1024w, https:\/\/altisk-karcag.hu\/wp-content\/uploads\/2025\/06\/03-7-300x200.jpg 300w, https:\/\/altisk-karcag.hu\/wp-content\/uploads\/2025\/06\/03-7-768x512.jpg 768w, https:\/\/altisk-karcag.hu\/wp-content\/uploads\/2025\/06\/03-7-1536x1024.jpg 1536w, https:\/\/altisk-karcag.hu\/wp-content\/uploads\/2025\/06\/03-7-525x350.jpg 525w, https:\/\/altisk-karcag.hu\/wp-content\/uploads\/2025\/06\/03-7.jpg 2048w\" sizes=\"(max-width: 1024px) 100vw, 1024px\" \/><\/a><\/figure>\n\n\n\n<figure class=\"wp-block-image size-large is-style-default\"><a href=\"https:\/\/altisk-karcag.hu\/wp-content\/uploads\/2025\/06\/02-8.jpg\"><img decoding=\"async\" loading=\"lazy\" width=\"1024\" height=\"576\" data-id=\"3914\" src=\"https:\/\/altisk-karcag.hu\/wp-content\/uploads\/2025\/06\/02-8-1024x576.jpg\" alt=\"\" class=\"wp-image-3914\" srcset=\"https:\/\/altisk-karcag.hu\/wp-content\/uploads\/2025\/06\/02-8-1024x576.jpg 1024w, https:\/\/altisk-karcag.hu\/wp-content\/uploads\/2025\/06\/02-8-300x169.jpg 300w, https:\/\/altisk-karcag.hu\/wp-content\/uploads\/2025\/06\/02-8-768x432.jpg 768w, https:\/\/altisk-karcag.hu\/wp-content\/uploads\/2025\/06\/02-8-1536x864.jpg 1536w, https:\/\/altisk-karcag.hu\/wp-content\/uploads\/2025\/06\/02-8-622x350.jpg 622w, https:\/\/altisk-karcag.hu\/wp-content\/uploads\/2025\/06\/02-8.jpg 1920w\" sizes=\"(max-width: 1024px) 100vw, 1024px\" \/><\/a><\/figure>\n\n\n\n<figure class=\"wp-block-image size-large is-style-default\"><a href=\"https:\/\/altisk-karcag.hu\/wp-content\/uploads\/2025\/06\/01-8.jpg\"><img decoding=\"async\" loading=\"lazy\" width=\"1024\" height=\"576\" data-id=\"3912\" src=\"https:\/\/altisk-karcag.hu\/wp-content\/uploads\/2025\/06\/01-8-1024x576.jpg\" alt=\"\" class=\"wp-image-3912\" srcset=\"https:\/\/altisk-karcag.hu\/wp-content\/uploads\/2025\/06\/01-8-1024x576.jpg 1024w, https:\/\/altisk-karcag.hu\/wp-content\/uploads\/2025\/06\/01-8-300x169.jpg 300w, https:\/\/altisk-karcag.hu\/wp-content\/uploads\/2025\/06\/01-8-768x432.jpg 768w, https:\/\/altisk-karcag.hu\/wp-content\/uploads\/2025\/06\/01-8-1536x864.jpg 1536w, https:\/\/altisk-karcag.hu\/wp-content\/uploads\/2025\/06\/01-8-622x350.jpg 622w, https:\/\/altisk-karcag.hu\/wp-content\/uploads\/2025\/06\/01-8.jpg 1920w\" sizes=\"(max-width: 1024px) 100vw, 1024px\" \/><\/a><\/figure>\n<\/figure>\n","protected":false},"excerpt":{"rendered":"<p>2025. j\u00fanius 20-\u00e1n meghat\u00f3 pillanatoknak lehettek tan\u00fai mindazok, akik r\u00e9szt vettek a Kov\u00e1ts Mih\u00e1ly \u00c1ltal\u00e1nos Iskola Kiskulcsosi \u00c1ltal\u00e1nos Iskol\u00e1j\u00e1nak ballag\u00e1si \u00fcnneps\u00e9g\u00e9n.A nyolcadikos di\u00e1kok \u00e9neksz\u00f3val utolj\u00e1ra vonultak v\u00e9gig az iskola folyos\u00f3in, az udvaron, ahol \u00e9vek sor\u00e1n bar\u00e1ts\u00e1gok sz\u00f6v\u0151dtek, tud\u00e1s gyarapodott, \u00e9s eml\u00e9kek sz\u00fclettek.A ballag\u00e1s reggel\u00e9n \u00fcnnepi d\u00edszbe \u00f6lt\u00f6z\u00f6tt az iskola, d\u00e9lut\u00e1n &hellip;<\/p>\n","protected":false},"author":1,"featured_media":0,"comment_status":"closed","ping_status":"closed","sticky":false,"template":"","format":"standard","meta":{"footnotes":""},"categories":[9,10],"tags":[],"_links":{"self":[{"href":"https:\/\/altisk-karcag.hu\/index.php?rest_route=\/wp\/v2\/posts\/3908"}],"collection":[{"href":"https:\/\/altisk-karcag.hu\/index.php?rest_route=\/wp\/v2\/posts"}],"about":[{"href":"https:\/\/altisk-karcag.hu\/index.php?rest_route=\/wp\/v2\/types\/post"}],"author":[{"embeddable":true,"href":"https:\/\/altisk-karcag.hu\/index.php?rest_route=\/wp\/v2\/users\/1"}],"replies":[{"embeddable":true,"href":"https:\/\/altisk-karcag.hu\/index.php?rest_route=%2Fwp%2Fv2%2Fcomments&post=3908"}],"version-history":[{"count":1,"href":"https:\/\/altisk-karcag.hu\/index.php?rest_route=\/wp\/v2\/posts\/3908\/revisions"}],"predecessor-version":[{"id":3915,"href":"https:\/\/altisk-karcag.hu\/index.php?rest_route=\/wp\/v2\/posts\/3908\/revisions\/3915"}],"wp:attachment":[{"href":"https:\/\/altisk-karcag.hu\/index.php?rest_route=%2Fwp%2Fv2%2Fmedia&parent=3908"}],"wp:term":[{"taxonomy":"category","embeddable":true,"href":"https:\/\/altisk-karcag.hu\/index.php?rest_route=%2Fwp%2Fv2%2Fcategories&post=3908"},{"taxonomy":"post_tag","embeddable":true,"href":"https:\/\/altisk-karcag.hu\/index.php?rest_route=%2Fwp%2Fv2%2Ftags&post=3908"}],"curies":[{"name":"wp","href":"https:\/\/api.w.org\/{rel}","templated":true}]}}