{"id":3901,"date":"2025-06-18T08:48:00","date_gmt":"2025-06-18T08:48:00","guid":{"rendered":"https:\/\/altisk-karcag.hu\/?p=3901"},"modified":"2025-06-30T01:42:49","modified_gmt":"2025-06-30T01:42:49","slug":"kiskulcsosi-sikerek-a-darts-matek-versenyen","status":"publish","type":"post","link":"https:\/\/altisk-karcag.hu\/?p=3901","title":{"rendered":"Kiskulcsosi sikerek a Darts Matek versenyen"},"content":{"rendered":"\n<p>M\u00e1r m\u00e1sodik alkalommal vettek r\u00e9szt iskol\u00e1nk di\u00e1kjai a Darts Matek online vet\u00e9lked\u0151n. A Darts Matek k\u00fcldet\u00e9se, hogy j\u00e1t\u00e9kosan fejlessze a matematikai k\u00e9szs\u00e9geket. Ebben a tan\u00e9vben 6460 lelkes fiatal matematikus, 1775 elsz\u00e1nt csapat orsz\u00e1gszerte 3 korcsoportban m\u00e9rte \u00f6ssze az erej\u00e9t.<br>Kiskulcsosr\u00f3l 4 csapat nevezett be ebbe a k\u00fcl\u00f6nleges versenybe. A gyerekek v\u00e9gig nagy lelkesed\u00e9ssel k\u00e9sz\u00fcltek az egyes fordul\u00f3kra \u00e9s okosan oldott\u00e1k meg a feladatokat. A region\u00e1lis fordul\u00f3ban a megy\u00e9b\u0151l az egyik 4. oszt\u00e1lyos csapatunk 5., a m\u00e1sik 7. helyez\u00e9st \u00e9rt el. A fels\u0151s\u00f6k is \u00fcgyesek voltak: a 7. oszt\u00e1lyosok csapata 5. lett, a 8. oszt\u00e1lyosok\u00e9 pedig 3. Felk\u00e9sz\u00edt\u0151ik: Heged\u00fcsn\u00e9 F\u00f3ri\u00e1n Annam\u00e1ria, Csornai Nagy Erzs\u00e9bet \u00e9s Kir\u00e1ly J\u00f3zsefn\u00e9.<br>Gratul\u00e1lunk a csapatoknak \u00e9s felk\u00e9sz\u00edt\u0151iknek a kiv\u00e1l\u00f3 eredm\u00e9nyekhez!<\/p>\n\n\n<div class=\"wp-block-image is-style-default\">\n<figure class=\"aligncenter size-large\"><a href=\"https:\/\/altisk-karcag.hu\/wp-content\/uploads\/2025\/06\/247b83ae-7b01-4df2-a9c8-27017d646a1d.jpg\"><img decoding=\"async\" loading=\"lazy\" width=\"1024\" height=\"576\" src=\"https:\/\/altisk-karcag.hu\/wp-content\/uploads\/2025\/06\/247b83ae-7b01-4df2-a9c8-27017d646a1d-1024x576.jpg\" alt=\"\" class=\"wp-image-3902\" srcset=\"https:\/\/altisk-karcag.hu\/wp-content\/uploads\/2025\/06\/247b83ae-7b01-4df2-a9c8-27017d646a1d-1024x576.jpg 1024w, https:\/\/altisk-karcag.hu\/wp-content\/uploads\/2025\/06\/247b83ae-7b01-4df2-a9c8-27017d646a1d-300x169.jpg 300w, https:\/\/altisk-karcag.hu\/wp-content\/uploads\/2025\/06\/247b83ae-7b01-4df2-a9c8-27017d646a1d-768x432.jpg 768w, https:\/\/altisk-karcag.hu\/wp-content\/uploads\/2025\/06\/247b83ae-7b01-4df2-a9c8-27017d646a1d-1536x864.jpg 1536w, https:\/\/altisk-karcag.hu\/wp-content\/uploads\/2025\/06\/247b83ae-7b01-4df2-a9c8-27017d646a1d-622x350.jpg 622w, https:\/\/altisk-karcag.hu\/wp-content\/uploads\/2025\/06\/247b83ae-7b01-4df2-a9c8-27017d646a1d.jpg 2048w\" sizes=\"(max-width: 1024px) 100vw, 1024px\" \/><\/a><\/figure><\/div>\n\n\n<figure class=\"wp-block-gallery has-nested-images columns-default is-cropped wp-block-gallery-1 is-layout-flex wp-block-gallery-is-layout-flex\">\n<figure class=\"wp-block-image size-large is-style-default\"><a href=\"https:\/\/altisk-karcag.hu\/wp-content\/uploads\/2025\/06\/darts3.jpg\"><img decoding=\"async\" loading=\"lazy\" width=\"576\" height=\"1024\" data-id=\"3905\" src=\"https:\/\/altisk-karcag.hu\/wp-content\/uploads\/2025\/06\/darts3-576x1024.jpg\" alt=\"\" class=\"wp-image-3905\" srcset=\"https:\/\/altisk-karcag.hu\/wp-content\/uploads\/2025\/06\/darts3-576x1024.jpg 576w, https:\/\/altisk-karcag.hu\/wp-content\/uploads\/2025\/06\/darts3-169x300.jpg 169w, https:\/\/altisk-karcag.hu\/wp-content\/uploads\/2025\/06\/darts3-768x1365.jpg 768w, https:\/\/altisk-karcag.hu\/wp-content\/uploads\/2025\/06\/darts3-864x1536.jpg 864w, https:\/\/altisk-karcag.hu\/wp-content\/uploads\/2025\/06\/darts3-197x350.jpg 197w, https:\/\/altisk-karcag.hu\/wp-content\/uploads\/2025\/06\/darts3.jpg 1152w\" sizes=\"(max-width: 576px) 100vw, 576px\" \/><\/a><\/figure>\n\n\n\n<figure class=\"wp-block-image size-large is-style-default\"><a href=\"https:\/\/altisk-karcag.hu\/wp-content\/uploads\/2025\/06\/darts2.jpg\"><img decoding=\"async\" loading=\"lazy\" width=\"576\" height=\"1024\" data-id=\"3904\" src=\"https:\/\/altisk-karcag.hu\/wp-content\/uploads\/2025\/06\/darts2-576x1024.jpg\" alt=\"\" class=\"wp-image-3904\" srcset=\"https:\/\/altisk-karcag.hu\/wp-content\/uploads\/2025\/06\/darts2-576x1024.jpg 576w, https:\/\/altisk-karcag.hu\/wp-content\/uploads\/2025\/06\/darts2-169x300.jpg 169w, https:\/\/altisk-karcag.hu\/wp-content\/uploads\/2025\/06\/darts2-768x1365.jpg 768w, https:\/\/altisk-karcag.hu\/wp-content\/uploads\/2025\/06\/darts2-864x1536.jpg 864w, https:\/\/altisk-karcag.hu\/wp-content\/uploads\/2025\/06\/darts2-197x350.jpg 197w, https:\/\/altisk-karcag.hu\/wp-content\/uploads\/2025\/06\/darts2.jpg 1152w\" sizes=\"(max-width: 576px) 100vw, 576px\" \/><\/a><\/figure>\n\n\n\n<figure class=\"wp-block-image size-large is-style-default\"><a href=\"https:\/\/altisk-karcag.hu\/wp-content\/uploads\/2025\/06\/darts1.jpg\"><img decoding=\"async\" loading=\"lazy\" width=\"576\" height=\"1024\" data-id=\"3906\" src=\"https:\/\/altisk-karcag.hu\/wp-content\/uploads\/2025\/06\/darts1-576x1024.jpg\" alt=\"\" class=\"wp-image-3906\" srcset=\"https:\/\/altisk-karcag.hu\/wp-content\/uploads\/2025\/06\/darts1-576x1024.jpg 576w, https:\/\/altisk-karcag.hu\/wp-content\/uploads\/2025\/06\/darts1-169x300.jpg 169w, https:\/\/altisk-karcag.hu\/wp-content\/uploads\/2025\/06\/darts1-768x1365.jpg 768w, https:\/\/altisk-karcag.hu\/wp-content\/uploads\/2025\/06\/darts1-864x1536.jpg 864w, https:\/\/altisk-karcag.hu\/wp-content\/uploads\/2025\/06\/darts1-197x350.jpg 197w, https:\/\/altisk-karcag.hu\/wp-content\/uploads\/2025\/06\/darts1.jpg 1152w\" sizes=\"(max-width: 576px) 100vw, 576px\" \/><\/a><\/figure>\n<\/figure>\n","protected":false},"excerpt":{"rendered":"<p>M\u00e1r m\u00e1sodik alkalommal vettek r\u00e9szt iskol\u00e1nk di\u00e1kjai a Darts Matek online vet\u00e9lked\u0151n. A Darts Matek k\u00fcldet\u00e9se, hogy j\u00e1t\u00e9kosan fejlessze a matematikai k\u00e9szs\u00e9geket. Ebben a tan\u00e9vben 6460 lelkes fiatal matematikus, 1775 elsz\u00e1nt csapat orsz\u00e1gszerte 3 korcsoportban m\u00e9rte \u00f6ssze az erej\u00e9t.Kiskulcsosr\u00f3l 4 csapat nevezett be ebbe a k\u00fcl\u00f6nleges versenybe. A gyerekek v\u00e9gig &hellip;<\/p>\n","protected":false},"author":1,"featured_media":0,"comment_status":"closed","ping_status":"closed","sticky":false,"template":"","format":"standard","meta":{"footnotes":""},"categories":[9,10],"tags":[],"_links":{"self":[{"href":"https:\/\/altisk-karcag.hu\/index.php?rest_route=\/wp\/v2\/posts\/3901"}],"collection":[{"href":"https:\/\/altisk-karcag.hu\/index.php?rest_route=\/wp\/v2\/posts"}],"about":[{"href":"https:\/\/altisk-karcag.hu\/index.php?rest_route=\/wp\/v2\/types\/post"}],"author":[{"embeddable":true,"href":"https:\/\/altisk-karcag.hu\/index.php?rest_route=\/wp\/v2\/users\/1"}],"replies":[{"embeddable":true,"href":"https:\/\/altisk-karcag.hu\/index.php?rest_route=%2Fwp%2Fv2%2Fcomments&post=3901"}],"version-history":[{"count":2,"href":"https:\/\/altisk-karcag.hu\/index.php?rest_route=\/wp\/v2\/posts\/3901\/revisions"}],"predecessor-version":[{"id":3907,"href":"https:\/\/altisk-karcag.hu\/index.php?rest_route=\/wp\/v2\/posts\/3901\/revisions\/3907"}],"wp:attachment":[{"href":"https:\/\/altisk-karcag.hu\/index.php?rest_route=%2Fwp%2Fv2%2Fmedia&parent=3901"}],"wp:term":[{"taxonomy":"category","embeddable":true,"href":"https:\/\/altisk-karcag.hu\/index.php?rest_route=%2Fwp%2Fv2%2Fcategories&post=3901"},{"taxonomy":"post_tag","embeddable":true,"href":"https:\/\/altisk-karcag.hu\/index.php?rest_route=%2Fwp%2Fv2%2Ftags&post=3901"}],"curies":[{"name":"wp","href":"https:\/\/api.w.org\/{rel}","templated":true}]}}