{"id":3889,"date":"2025-06-16T18:00:13","date_gmt":"2025-06-16T18:00:13","guid":{"rendered":"https:\/\/altisk-karcag.hu\/?p=3889"},"modified":"2025-06-16T18:00:15","modified_gmt":"2025-06-16T18:00:15","slug":"adj-uj-eletet-regi-ruhaidnak","status":"publish","type":"post","link":"https:\/\/altisk-karcag.hu\/?p=3889","title":{"rendered":"Adj \u00faj \u00e9letet r\u00e9gi ruh\u00e1idnak!"},"content":{"rendered":"\n<p>Iskol\u00e1nk di\u00e1k\u00f6nkorm\u00e1nyzata 2 napos haszn\u00e1ltruhagy\u0171jt\u00e9st szervezett, ahol 63 zs\u00e1k haszn\u00e1ltruh\u00e1t, cip\u0151t adom\u00e1nyoztunk a Karcagi T\u00f6bbc\u00e9l\u00fa Kist\u00e9rs\u00e9gi T\u00e1rsul\u00e1s Szoci\u00e1lis Szolg\u00e1ltat\u00f3 K\u00f6zpont Csal\u00e1d- \u00e9s Gyermekj\u00f3l\u00e9ti Szolg\u00e1lat\u00e1nak.<br>A haszn\u00e1lt ruhagy\u0171jt\u00e9s egy k\u00f6rnyezetbar\u00e1t \u00e9s szoci\u00e1lisan \u00e9rz\u00e9keny megold\u00e1s a megunt vagy kin\u0151tt ruhadarabok hasznos\u00edt\u00e1s\u00e1ra. Ahelyett, hogy ruh\u00e1id a szem\u00e9tben v\u00e9gezn\u00e9k, lehet\u0151s\u00e9ged van arra, hogy m\u00e1soknak seg\u00edts, \u00e9s egy\u00fattal a k\u00f6rnyezetet is \u00f3vd.<br>Mi\u00e9rt fontos a haszn\u00e1lt ruha gy\u0171jt\u00e9se?<br>Gondolj ezzel a k\u00f6rnyezettudatoss\u00e1gra, seg\u00edthetsz a r\u00e1szorul\u00f3knak, t\u00e9rt szabad\u00edthatsz fel a ruh\u00e1sszekr\u00e9nyed \u00e1tv\u00e1logat\u00e1s\u00e1val.<br>K\u00f6sz\u00f6nj\u00fck a lelkes csal\u00e1doknak, gyerekeknek, pedag\u00f3gusoknak, hogy r\u00e9szt vettek ebben az akci\u00f3ban.<br>K\u00fcl\u00f6n szeretn\u00e9nk megk\u00f6sz\u00f6nni Vadain\u00e9 Kov\u00e1cs Szilvia tagint\u00e9zm\u00e9ny-igazgat\u00f3nak, Nagy Csaba sz\u00fcl\u0151nek, a sz\u00e1ll\u00edt\u00e1shoz ny\u00fajtott seg\u00edts\u00e9g\u00e9t.<br>Horv\u00e1thn\u00e9 Pandur T\u00fcnde R\u00f3za \u2013 D\u00d6K szervez\u0151<\/p>\n\n\n\n<figure class=\"wp-block-gallery has-nested-images columns-default is-cropped wp-block-gallery-1 is-layout-flex wp-block-gallery-is-layout-flex\">\n<figure class=\"wp-block-image size-large is-style-default\"><a href=\"https:\/\/altisk-karcag.hu\/wp-content\/uploads\/2025\/06\/01-6.jpg\"><img decoding=\"async\" loading=\"lazy\" width=\"1024\" height=\"768\" data-id=\"3891\" src=\"https:\/\/altisk-karcag.hu\/wp-content\/uploads\/2025\/06\/01-6-1024x768.jpg\" alt=\"\" class=\"wp-image-3891\" srcset=\"https:\/\/altisk-karcag.hu\/wp-content\/uploads\/2025\/06\/01-6-1024x768.jpg 1024w, https:\/\/altisk-karcag.hu\/wp-content\/uploads\/2025\/06\/01-6-300x225.jpg 300w, https:\/\/altisk-karcag.hu\/wp-content\/uploads\/2025\/06\/01-6-768x576.jpg 768w, https:\/\/altisk-karcag.hu\/wp-content\/uploads\/2025\/06\/01-6-1536x1152.jpg 1536w, https:\/\/altisk-karcag.hu\/wp-content\/uploads\/2025\/06\/01-6-467x350.jpg 467w, https:\/\/altisk-karcag.hu\/wp-content\/uploads\/2025\/06\/01-6.jpg 2048w\" sizes=\"(max-width: 1024px) 100vw, 1024px\" \/><\/a><\/figure>\n\n\n\n<figure class=\"wp-block-image size-large is-style-default\"><a href=\"https:\/\/altisk-karcag.hu\/wp-content\/uploads\/2025\/06\/02-6.jpg\"><img decoding=\"async\" loading=\"lazy\" width=\"1024\" height=\"768\" data-id=\"3890\" src=\"https:\/\/altisk-karcag.hu\/wp-content\/uploads\/2025\/06\/02-6.jpg\" alt=\"\" class=\"wp-image-3890\" srcset=\"https:\/\/altisk-karcag.hu\/wp-content\/uploads\/2025\/06\/02-6.jpg 1024w, https:\/\/altisk-karcag.hu\/wp-content\/uploads\/2025\/06\/02-6-300x225.jpg 300w, https:\/\/altisk-karcag.hu\/wp-content\/uploads\/2025\/06\/02-6-768x576.jpg 768w, https:\/\/altisk-karcag.hu\/wp-content\/uploads\/2025\/06\/02-6-467x350.jpg 467w\" sizes=\"(max-width: 1024px) 100vw, 1024px\" \/><\/a><\/figure>\n\n\n\n<figure class=\"wp-block-image size-large is-style-default\"><a href=\"https:\/\/altisk-karcag.hu\/wp-content\/uploads\/2025\/06\/03-5.jpg\"><img decoding=\"async\" loading=\"lazy\" width=\"1024\" height=\"768\" data-id=\"3892\" src=\"https:\/\/altisk-karcag.hu\/wp-content\/uploads\/2025\/06\/03-5.jpg\" alt=\"\" class=\"wp-image-3892\" srcset=\"https:\/\/altisk-karcag.hu\/wp-content\/uploads\/2025\/06\/03-5.jpg 1024w, https:\/\/altisk-karcag.hu\/wp-content\/uploads\/2025\/06\/03-5-300x225.jpg 300w, https:\/\/altisk-karcag.hu\/wp-content\/uploads\/2025\/06\/03-5-768x576.jpg 768w, https:\/\/altisk-karcag.hu\/wp-content\/uploads\/2025\/06\/03-5-467x350.jpg 467w\" sizes=\"(max-width: 1024px) 100vw, 1024px\" \/><\/a><\/figure>\n<\/figure>\n","protected":false},"excerpt":{"rendered":"<p>Iskol\u00e1nk di\u00e1k\u00f6nkorm\u00e1nyzata 2 napos haszn\u00e1ltruhagy\u0171jt\u00e9st szervezett, ahol 63 zs\u00e1k haszn\u00e1ltruh\u00e1t, cip\u0151t adom\u00e1nyoztunk a Karcagi T\u00f6bbc\u00e9l\u00fa Kist\u00e9rs\u00e9gi T\u00e1rsul\u00e1s Szoci\u00e1lis Szolg\u00e1ltat\u00f3 K\u00f6zpont Csal\u00e1d- \u00e9s Gyermekj\u00f3l\u00e9ti Szolg\u00e1lat\u00e1nak.A haszn\u00e1lt ruhagy\u0171jt\u00e9s egy k\u00f6rnyezetbar\u00e1t \u00e9s szoci\u00e1lisan \u00e9rz\u00e9keny megold\u00e1s a megunt vagy kin\u0151tt ruhadarabok hasznos\u00edt\u00e1s\u00e1ra. Ahelyett, hogy ruh\u00e1id a szem\u00e9tben v\u00e9gezn\u00e9k, lehet\u0151s\u00e9ged van arra, hogy m\u00e1soknak seg\u00edts, &hellip;<\/p>\n","protected":false},"author":1,"featured_media":3890,"comment_status":"closed","ping_status":"closed","sticky":false,"template":"","format":"standard","meta":{"footnotes":""},"categories":[9,10],"tags":[],"_links":{"self":[{"href":"https:\/\/altisk-karcag.hu\/index.php?rest_route=\/wp\/v2\/posts\/3889"}],"collection":[{"href":"https:\/\/altisk-karcag.hu\/index.php?rest_route=\/wp\/v2\/posts"}],"about":[{"href":"https:\/\/altisk-karcag.hu\/index.php?rest_route=\/wp\/v2\/types\/post"}],"author":[{"embeddable":true,"href":"https:\/\/altisk-karcag.hu\/index.php?rest_route=\/wp\/v2\/users\/1"}],"replies":[{"embeddable":true,"href":"https:\/\/altisk-karcag.hu\/index.php?rest_route=%2Fwp%2Fv2%2Fcomments&post=3889"}],"version-history":[{"count":1,"href":"https:\/\/altisk-karcag.hu\/index.php?rest_route=\/wp\/v2\/posts\/3889\/revisions"}],"predecessor-version":[{"id":3893,"href":"https:\/\/altisk-karcag.hu\/index.php?rest_route=\/wp\/v2\/posts\/3889\/revisions\/3893"}],"wp:featuredmedia":[{"embeddable":true,"href":"https:\/\/altisk-karcag.hu\/index.php?rest_route=\/wp\/v2\/media\/3890"}],"wp:attachment":[{"href":"https:\/\/altisk-karcag.hu\/index.php?rest_route=%2Fwp%2Fv2%2Fmedia&parent=3889"}],"wp:term":[{"taxonomy":"category","embeddable":true,"href":"https:\/\/altisk-karcag.hu\/index.php?rest_route=%2Fwp%2Fv2%2Fcategories&post=3889"},{"taxonomy":"post_tag","embeddable":true,"href":"https:\/\/altisk-karcag.hu\/index.php?rest_route=%2Fwp%2Fv2%2Ftags&post=3889"}],"curies":[{"name":"wp","href":"https:\/\/api.w.org\/{rel}","templated":true}]}}