{"id":3822,"date":"2025-05-29T11:46:19","date_gmt":"2025-05-29T11:46:19","guid":{"rendered":"https:\/\/altisk-karcag.hu\/?p=3822"},"modified":"2025-05-29T11:46:21","modified_gmt":"2025-05-29T11:46:21","slug":"okoiskola-cimatado-unnepseg","status":"publish","type":"post","link":"https:\/\/altisk-karcag.hu\/?p=3822","title":{"rendered":"\u00d6koiskola C\u00edm\u00e1tad\u00f3 \u00dcnneps\u00e9g"},"content":{"rendered":"\n<p>Int\u00e9zm\u00e9ny\u00fcnk \u00fajra elnyerte az \u00d6koiskola c\u00edmet, melyet 2025. szeptember 1-t\u0151l 2028. augusztus 1-ig haszn\u00e1lhat.<br>Az \u00d6koiskola c\u00edm oda\u00edt\u00e9l\u00e9se olyan pedag\u00f3giai \u00e9s int\u00e9zm\u00e9nyvezet\u00e9si modell elismer\u00e9se, amelyben az iskola nemcsak a fenntarthat\u00f3s\u00e1gra nevel\u00e9st v\u00e1llalja fel, hanem a k\u00f6rnyezeti tudatoss\u00e1g \u00e9s a term\u00e9szetv\u00e9delmi szempontok integr\u00e1l\u00e1s\u00e1val a mindennapi m\u0171k\u00f6d\u00e9s\u00fcnkkel is hozz\u00e1j\u00e1rulunk a fenntarthat\u00f3 fejl\u0151d\u00e9shez.<br>Elk\u00f6telezetten dolgozunk a k\u00f6rnyezetv\u00e9delem\u00e9rt, energiatakar\u00e9koss\u00e1g\u00e9rt, hullad\u00e9kcs\u00f6kkent\u00e9s\u00e9rt, ez\u00e1ltal p\u00e9ld\u00e1t mutatunk tanul\u00f3inknak \u00e9s k\u00f6z\u00f6ss\u00e9geinknek abban, hogy hogyan \u00e9lhet\u00fcnk harm\u00f3ni\u00e1ban a term\u00e9szettel.<br>Karas Elvira &#8211; igazgat\u00f3helyettes<\/p>\n\n\n<div class=\"wp-block-image is-style-default\">\n<figure class=\"aligncenter size-full\"><a href=\"https:\/\/altisk-karcag.hu\/wp-content\/uploads\/2025\/05\/01-6.jpg\"><img decoding=\"async\" loading=\"lazy\" width=\"527\" height=\"1003\" src=\"https:\/\/altisk-karcag.hu\/wp-content\/uploads\/2025\/05\/01-6.jpg\" alt=\"\" class=\"wp-image-3823\" srcset=\"https:\/\/altisk-karcag.hu\/wp-content\/uploads\/2025\/05\/01-6.jpg 527w, https:\/\/altisk-karcag.hu\/wp-content\/uploads\/2025\/05\/01-6-158x300.jpg 158w, https:\/\/altisk-karcag.hu\/wp-content\/uploads\/2025\/05\/01-6-184x350.jpg 184w\" sizes=\"(max-width: 527px) 100vw, 527px\" \/><\/a><\/figure><\/div>\n\n<div class=\"wp-block-image is-style-default\">\n<figure class=\"aligncenter size-full\"><a href=\"https:\/\/altisk-karcag.hu\/wp-content\/uploads\/2025\/05\/02-6.jpg\"><img decoding=\"async\" loading=\"lazy\" width=\"569\" height=\"421\" src=\"https:\/\/altisk-karcag.hu\/wp-content\/uploads\/2025\/05\/02-6.jpg\" alt=\"\" class=\"wp-image-3824\" srcset=\"https:\/\/altisk-karcag.hu\/wp-content\/uploads\/2025\/05\/02-6.jpg 569w, https:\/\/altisk-karcag.hu\/wp-content\/uploads\/2025\/05\/02-6-300x222.jpg 300w, https:\/\/altisk-karcag.hu\/wp-content\/uploads\/2025\/05\/02-6-473x350.jpg 473w\" sizes=\"(max-width: 569px) 100vw, 569px\" \/><\/a><\/figure><\/div>\n\n<div class=\"wp-block-image is-style-default\">\n<figure class=\"aligncenter size-full\"><a href=\"https:\/\/altisk-karcag.hu\/wp-content\/uploads\/2025\/05\/03-6.jpg\"><img decoding=\"async\" loading=\"lazy\" width=\"551\" height=\"367\" src=\"https:\/\/altisk-karcag.hu\/wp-content\/uploads\/2025\/05\/03-6.jpg\" alt=\"\" class=\"wp-image-3825\" srcset=\"https:\/\/altisk-karcag.hu\/wp-content\/uploads\/2025\/05\/03-6.jpg 551w, https:\/\/altisk-karcag.hu\/wp-content\/uploads\/2025\/05\/03-6-300x200.jpg 300w, https:\/\/altisk-karcag.hu\/wp-content\/uploads\/2025\/05\/03-6-525x350.jpg 525w\" sizes=\"(max-width: 551px) 100vw, 551px\" \/><\/a><\/figure><\/div>","protected":false},"excerpt":{"rendered":"<p>Int\u00e9zm\u00e9ny\u00fcnk \u00fajra elnyerte az \u00d6koiskola c\u00edmet, melyet 2025. szeptember 1-t\u0151l 2028. augusztus 1-ig haszn\u00e1lhat.Az \u00d6koiskola c\u00edm oda\u00edt\u00e9l\u00e9se olyan pedag\u00f3giai \u00e9s int\u00e9zm\u00e9nyvezet\u00e9si modell elismer\u00e9se, amelyben az iskola nemcsak a fenntarthat\u00f3s\u00e1gra nevel\u00e9st v\u00e1llalja fel, hanem a k\u00f6rnyezeti tudatoss\u00e1g \u00e9s a term\u00e9szetv\u00e9delmi szempontok integr\u00e1l\u00e1s\u00e1val a mindennapi m\u0171k\u00f6d\u00e9s\u00fcnkkel is hozz\u00e1j\u00e1rulunk a fenntarthat\u00f3 fejl\u0151d\u00e9shez.Elk\u00f6telezetten dolgozunk &hellip;<\/p>\n","protected":false},"author":1,"featured_media":0,"comment_status":"closed","ping_status":"closed","sticky":false,"template":"","format":"standard","meta":{"footnotes":""},"categories":[9,11],"tags":[],"_links":{"self":[{"href":"https:\/\/altisk-karcag.hu\/index.php?rest_route=\/wp\/v2\/posts\/3822"}],"collection":[{"href":"https:\/\/altisk-karcag.hu\/index.php?rest_route=\/wp\/v2\/posts"}],"about":[{"href":"https:\/\/altisk-karcag.hu\/index.php?rest_route=\/wp\/v2\/types\/post"}],"author":[{"embeddable":true,"href":"https:\/\/altisk-karcag.hu\/index.php?rest_route=\/wp\/v2\/users\/1"}],"replies":[{"embeddable":true,"href":"https:\/\/altisk-karcag.hu\/index.php?rest_route=%2Fwp%2Fv2%2Fcomments&post=3822"}],"version-history":[{"count":1,"href":"https:\/\/altisk-karcag.hu\/index.php?rest_route=\/wp\/v2\/posts\/3822\/revisions"}],"predecessor-version":[{"id":3826,"href":"https:\/\/altisk-karcag.hu\/index.php?rest_route=\/wp\/v2\/posts\/3822\/revisions\/3826"}],"wp:attachment":[{"href":"https:\/\/altisk-karcag.hu\/index.php?rest_route=%2Fwp%2Fv2%2Fmedia&parent=3822"}],"wp:term":[{"taxonomy":"category","embeddable":true,"href":"https:\/\/altisk-karcag.hu\/index.php?rest_route=%2Fwp%2Fv2%2Fcategories&post=3822"},{"taxonomy":"post_tag","embeddable":true,"href":"https:\/\/altisk-karcag.hu\/index.php?rest_route=%2Fwp%2Fv2%2Ftags&post=3822"}],"curies":[{"name":"wp","href":"https:\/\/api.w.org\/{rel}","templated":true}]}}