{"id":3684,"date":"2025-04-16T02:51:54","date_gmt":"2025-04-16T02:51:54","guid":{"rendered":"https:\/\/altisk-karcag.hu\/?p=3684"},"modified":"2025-04-30T02:57:33","modified_gmt":"2025-04-30T02:57:33","slug":"varosi-mesemondo-verseny","status":"publish","type":"post","link":"https:\/\/altisk-karcag.hu\/?p=3684","title":{"rendered":"V\u00e1rosi mesemond\u00f3 verseny"},"content":{"rendered":"\n<p>A D\u00e9ryn\u00e9 M\u0171vel\u0151d\u00e9si K\u00f6zpont \u00e9s V\u00e1rosi K\u00f6nyvt\u00e1r ebben az \u00e9vben is meghirdette a Csigabiga Palota c\u00edm\u0171 v\u00e1rosi mesemond\u00f3 verseny\u00e9t \u00e1ltal\u00e1nos iskol\u00e1k als\u00f3 oszt\u00e1lyos tanul\u00f3i r\u00e9sz\u00e9re.<br>A 2025. \u00e1prilis 15-\u00e9n megrendez\u00e9sre ker\u00fcl\u0151 versenyen Balogh Kriszti\u00e1n 2.oszt\u00e1lyos tanul\u00f3nk I. helyez\u00e9st \u00e9rt el.<br>Gratul\u00e1lunk Kriszti\u00e1n, b\u00fcszk\u00e9k vagyunk r\u00e1d!<br>K\u00f6sz\u00f6nj\u00fck Szab\u00f3n\u00e9 Sebesty\u00e9n Erika tan\u00edt\u00f3n\u0151 felk\u00e9sz\u00edt\u0151 munk\u00e1j\u00e1t!<\/p>\n\n\n<div class=\"wp-block-image is-style-default\">\n<figure class=\"aligncenter size-large\"><a href=\"https:\/\/altisk-karcag.hu\/wp-content\/uploads\/2025\/04\/mesemondo.jpg\"><img decoding=\"async\" src=\"https:\/\/altisk-karcag.hu\/wp-content\/uploads\/2025\/04\/mesemondo-768x1024.jpg\" alt=\"\" class=\"wp-image-3685\"\/><\/a><\/figure><\/div>","protected":false},"excerpt":{"rendered":"<p>A D\u00e9ryn\u00e9 M\u0171vel\u0151d\u00e9si K\u00f6zpont \u00e9s V\u00e1rosi K\u00f6nyvt\u00e1r ebben az \u00e9vben is meghirdette a Csigabiga Palota c\u00edm\u0171 v\u00e1rosi mesemond\u00f3 verseny\u00e9t \u00e1ltal\u00e1nos iskol\u00e1k als\u00f3 oszt\u00e1lyos tanul\u00f3i r\u00e9sz\u00e9re.A 2025. \u00e1prilis 15-\u00e9n megrendez\u00e9sre ker\u00fcl\u0151 versenyen Balogh Kriszti\u00e1n 2.oszt\u00e1lyos tanul\u00f3nk I. helyez\u00e9st \u00e9rt el.Gratul\u00e1lunk Kriszti\u00e1n, b\u00fcszk\u00e9k vagyunk r\u00e1d!K\u00f6sz\u00f6nj\u00fck Szab\u00f3n\u00e9 Sebesty\u00e9n Erika tan\u00edt\u00f3n\u0151 felk\u00e9sz\u00edt\u0151 munk\u00e1j\u00e1t!<\/p>\n","protected":false},"author":1,"featured_media":3685,"comment_status":"closed","ping_status":"closed","sticky":false,"template":"","format":"standard","meta":{"footnotes":""},"categories":[9,11],"tags":[],"_links":{"self":[{"href":"https:\/\/altisk-karcag.hu\/index.php?rest_route=\/wp\/v2\/posts\/3684"}],"collection":[{"href":"https:\/\/altisk-karcag.hu\/index.php?rest_route=\/wp\/v2\/posts"}],"about":[{"href":"https:\/\/altisk-karcag.hu\/index.php?rest_route=\/wp\/v2\/types\/post"}],"author":[{"embeddable":true,"href":"https:\/\/altisk-karcag.hu\/index.php?rest_route=\/wp\/v2\/users\/1"}],"replies":[{"embeddable":true,"href":"https:\/\/altisk-karcag.hu\/index.php?rest_route=%2Fwp%2Fv2%2Fcomments&post=3684"}],"version-history":[{"count":1,"href":"https:\/\/altisk-karcag.hu\/index.php?rest_route=\/wp\/v2\/posts\/3684\/revisions"}],"predecessor-version":[{"id":3686,"href":"https:\/\/altisk-karcag.hu\/index.php?rest_route=\/wp\/v2\/posts\/3684\/revisions\/3686"}],"wp:featuredmedia":[{"embeddable":true,"href":"https:\/\/altisk-karcag.hu\/index.php?rest_route=\/wp\/v2\/media\/3685"}],"wp:attachment":[{"href":"https:\/\/altisk-karcag.hu\/index.php?rest_route=%2Fwp%2Fv2%2Fmedia&parent=3684"}],"wp:term":[{"taxonomy":"category","embeddable":true,"href":"https:\/\/altisk-karcag.hu\/index.php?rest_route=%2Fwp%2Fv2%2Fcategories&post=3684"},{"taxonomy":"post_tag","embeddable":true,"href":"https:\/\/altisk-karcag.hu\/index.php?rest_route=%2Fwp%2Fv2%2Ftags&post=3684"}],"curies":[{"name":"wp","href":"https:\/\/api.w.org\/{rel}","templated":true}]}}