{"id":3655,"date":"2025-04-14T03:47:41","date_gmt":"2025-04-14T03:47:41","guid":{"rendered":"https:\/\/altisk-karcag.hu\/?p=3655"},"modified":"2025-04-15T03:50:09","modified_gmt":"2025-04-15T03:50:09","slug":"geonight-2025","status":"publish","type":"post","link":"https:\/\/altisk-karcag.hu\/?p=3655","title":{"rendered":"Geonight 2025."},"content":{"rendered":"\n<p>A Kov\u00e1ts-Tehets\u00e9gpont szervez\u00e9s\u00e9ben 2025. \u00e1prilis 4-\u00e9n l\u00e1togat\u00e1st tett\u00fcnk a Debreceni Egyetem Geonight 2025. rendezv\u00e9ny\u00e9n.<br>Az orsz\u00e1gos szinten egyed\u00fcl\u00e1ll\u00f3 foly\u00f3vizes laborat\u00f3riumban a foly\u00f3v\u00edz felsz\u00ednform\u00e1l\u00f3 szerep\u00e9t vizsg\u00e1ltuk majd k\u00e9t el\u0151ad\u00e1st hallgattunk meg: hat\u00e1rt\u00f6rt\u00e9netek, a f\u00f6ldrajzi hat\u00e1rok szerepe az \u00e9let\u00fcnkben valamint l\u00e9gibalesetek \u00e9s azok meteorol\u00f3giai vonatkoz\u00e1sai.<br>K\u00f6sz\u00f6nj\u00fck a k\u00eds\u00e9r\u0151 \u00e9s szervez\u0151 pedag\u00f3gusok munk\u00e1j\u00e1t!<\/p>\n\n\n\n<p>Kov\u00e1ts-Tehets\u00e9gpont<\/p>\n\n\n\n<figure class=\"wp-block-gallery has-nested-images columns-default is-cropped wp-block-gallery-1 is-layout-flex wp-block-gallery-is-layout-flex\">\n<figure class=\"wp-block-image size-large is-style-default\"><a href=\"https:\/\/altisk-karcag.hu\/wp-content\/uploads\/2025\/04\/t4.jpg\"><img decoding=\"async\" loading=\"lazy\" width=\"1024\" height=\"768\" data-id=\"3659\" src=\"https:\/\/altisk-karcag.hu\/wp-content\/uploads\/2025\/04\/t4.jpg\" alt=\"\" class=\"wp-image-3659\" srcset=\"https:\/\/altisk-karcag.hu\/wp-content\/uploads\/2025\/04\/t4.jpg 1024w, https:\/\/altisk-karcag.hu\/wp-content\/uploads\/2025\/04\/t4-300x225.jpg 300w, https:\/\/altisk-karcag.hu\/wp-content\/uploads\/2025\/04\/t4-768x576.jpg 768w, https:\/\/altisk-karcag.hu\/wp-content\/uploads\/2025\/04\/t4-467x350.jpg 467w\" sizes=\"(max-width: 1024px) 100vw, 1024px\" \/><\/a><\/figure>\n\n\n\n<figure class=\"wp-block-image size-large is-style-default\"><a href=\"https:\/\/altisk-karcag.hu\/wp-content\/uploads\/2025\/04\/t3.jpg\"><img decoding=\"async\" loading=\"lazy\" width=\"1024\" height=\"768\" data-id=\"3658\" src=\"https:\/\/altisk-karcag.hu\/wp-content\/uploads\/2025\/04\/t3.jpg\" alt=\"\" class=\"wp-image-3658\" srcset=\"https:\/\/altisk-karcag.hu\/wp-content\/uploads\/2025\/04\/t3.jpg 1024w, https:\/\/altisk-karcag.hu\/wp-content\/uploads\/2025\/04\/t3-300x225.jpg 300w, https:\/\/altisk-karcag.hu\/wp-content\/uploads\/2025\/04\/t3-768x576.jpg 768w, https:\/\/altisk-karcag.hu\/wp-content\/uploads\/2025\/04\/t3-467x350.jpg 467w\" sizes=\"(max-width: 1024px) 100vw, 1024px\" \/><\/a><\/figure>\n\n\n\n<figure class=\"wp-block-image size-large is-style-default\"><a href=\"https:\/\/altisk-karcag.hu\/wp-content\/uploads\/2025\/04\/t2.jpg\"><img decoding=\"async\" loading=\"lazy\" width=\"768\" height=\"1024\" data-id=\"3657\" src=\"https:\/\/altisk-karcag.hu\/wp-content\/uploads\/2025\/04\/t2.jpg\" alt=\"\" class=\"wp-image-3657\" srcset=\"https:\/\/altisk-karcag.hu\/wp-content\/uploads\/2025\/04\/t2.jpg 768w, https:\/\/altisk-karcag.hu\/wp-content\/uploads\/2025\/04\/t2-225x300.jpg 225w, https:\/\/altisk-karcag.hu\/wp-content\/uploads\/2025\/04\/t2-263x350.jpg 263w\" sizes=\"(max-width: 768px) 100vw, 768px\" \/><\/a><\/figure>\n\n\n\n<figure class=\"wp-block-image size-large is-style-default\"><a href=\"https:\/\/altisk-karcag.hu\/wp-content\/uploads\/2025\/04\/t1.jpg\"><img decoding=\"async\" loading=\"lazy\" width=\"1024\" height=\"768\" data-id=\"3656\" src=\"https:\/\/altisk-karcag.hu\/wp-content\/uploads\/2025\/04\/t1.jpg\" alt=\"\" class=\"wp-image-3656\" srcset=\"https:\/\/altisk-karcag.hu\/wp-content\/uploads\/2025\/04\/t1.jpg 1024w, https:\/\/altisk-karcag.hu\/wp-content\/uploads\/2025\/04\/t1-300x225.jpg 300w, https:\/\/altisk-karcag.hu\/wp-content\/uploads\/2025\/04\/t1-768x576.jpg 768w, https:\/\/altisk-karcag.hu\/wp-content\/uploads\/2025\/04\/t1-467x350.jpg 467w\" sizes=\"(max-width: 1024px) 100vw, 1024px\" \/><\/a><\/figure>\n<\/figure>\n","protected":false},"excerpt":{"rendered":"<p>A Kov\u00e1ts-Tehets\u00e9gpont szervez\u00e9s\u00e9ben 2025. \u00e1prilis 4-\u00e9n l\u00e1togat\u00e1st tett\u00fcnk a Debreceni Egyetem Geonight 2025. rendezv\u00e9ny\u00e9n.Az orsz\u00e1gos szinten egyed\u00fcl\u00e1ll\u00f3 foly\u00f3vizes laborat\u00f3riumban a foly\u00f3v\u00edz felsz\u00ednform\u00e1l\u00f3 szerep\u00e9t vizsg\u00e1ltuk majd k\u00e9t el\u0151ad\u00e1st hallgattunk meg: hat\u00e1rt\u00f6rt\u00e9netek, a f\u00f6ldrajzi hat\u00e1rok szerepe az \u00e9let\u00fcnkben valamint l\u00e9gibalesetek \u00e9s azok meteorol\u00f3giai vonatkoz\u00e1sai.K\u00f6sz\u00f6nj\u00fck a k\u00eds\u00e9r\u0151 \u00e9s szervez\u0151 pedag\u00f3gusok munk\u00e1j\u00e1t! Kov\u00e1ts-Tehets\u00e9gpont<\/p>\n","protected":false},"author":1,"featured_media":3656,"comment_status":"closed","ping_status":"closed","sticky":false,"template":"","format":"standard","meta":{"footnotes":""},"categories":[9,11,1],"tags":[],"_links":{"self":[{"href":"https:\/\/altisk-karcag.hu\/index.php?rest_route=\/wp\/v2\/posts\/3655"}],"collection":[{"href":"https:\/\/altisk-karcag.hu\/index.php?rest_route=\/wp\/v2\/posts"}],"about":[{"href":"https:\/\/altisk-karcag.hu\/index.php?rest_route=\/wp\/v2\/types\/post"}],"author":[{"embeddable":true,"href":"https:\/\/altisk-karcag.hu\/index.php?rest_route=\/wp\/v2\/users\/1"}],"replies":[{"embeddable":true,"href":"https:\/\/altisk-karcag.hu\/index.php?rest_route=%2Fwp%2Fv2%2Fcomments&post=3655"}],"version-history":[{"count":1,"href":"https:\/\/altisk-karcag.hu\/index.php?rest_route=\/wp\/v2\/posts\/3655\/revisions"}],"predecessor-version":[{"id":3660,"href":"https:\/\/altisk-karcag.hu\/index.php?rest_route=\/wp\/v2\/posts\/3655\/revisions\/3660"}],"wp:featuredmedia":[{"embeddable":true,"href":"https:\/\/altisk-karcag.hu\/index.php?rest_route=\/wp\/v2\/media\/3656"}],"wp:attachment":[{"href":"https:\/\/altisk-karcag.hu\/index.php?rest_route=%2Fwp%2Fv2%2Fmedia&parent=3655"}],"wp:term":[{"taxonomy":"category","embeddable":true,"href":"https:\/\/altisk-karcag.hu\/index.php?rest_route=%2Fwp%2Fv2%2Fcategories&post=3655"},{"taxonomy":"post_tag","embeddable":true,"href":"https:\/\/altisk-karcag.hu\/index.php?rest_route=%2Fwp%2Fv2%2Ftags&post=3655"}],"curies":[{"name":"wp","href":"https:\/\/api.w.org\/{rel}","templated":true}]}}