{"id":3628,"date":"2025-04-14T11:01:17","date_gmt":"2025-04-14T11:01:17","guid":{"rendered":"https:\/\/altisk-karcag.hu\/?p=3628"},"modified":"2025-04-14T11:01:19","modified_gmt":"2025-04-14T11:01:19","slug":"csak-a-terkep-csak-amerika","status":"publish","type":"post","link":"https:\/\/altisk-karcag.hu\/?p=3628","title":{"rendered":"Csak a t\u00e9rk\u00e9p-csak Amerika"},"content":{"rendered":"\n<p>Iskol\u00e1nk k\u00e9t tanul\u00f3ja, Farkas Alex \u00e9s Karlovics Oliv\u00e9r Bence 2025. \u00e1prilis 12-\u00e9n derekasan helyt\u00e1llt a Berekf\u00fcrd\u0151i Veress Zolt\u00e1n \u00c1ltal\u00e1nos Iskola &#8222;Csak a t\u00e9rk\u00e9p-csak Amerika&#8221; f\u00f6ldrajz verseny\u00e9n. <br>Felk\u00e9sz\u00edt\u0151 pedag\u00f3gus: Marik M\u00e1ty\u00e1s<\/p>\n\n\n<div class=\"wp-block-image is-style-default\">\n<figure class=\"aligncenter size-large\"><a href=\"https:\/\/altisk-karcag.hu\/wp-content\/uploads\/2025\/04\/66675a85-f650-4c1e-8856-097824bacb27.jpg\"><img decoding=\"async\" loading=\"lazy\" width=\"768\" height=\"1024\" src=\"https:\/\/altisk-karcag.hu\/wp-content\/uploads\/2025\/04\/66675a85-f650-4c1e-8856-097824bacb27-768x1024.jpg\" alt=\"\" class=\"wp-image-3629\" srcset=\"https:\/\/altisk-karcag.hu\/wp-content\/uploads\/2025\/04\/66675a85-f650-4c1e-8856-097824bacb27-768x1024.jpg 768w, https:\/\/altisk-karcag.hu\/wp-content\/uploads\/2025\/04\/66675a85-f650-4c1e-8856-097824bacb27-225x300.jpg 225w, https:\/\/altisk-karcag.hu\/wp-content\/uploads\/2025\/04\/66675a85-f650-4c1e-8856-097824bacb27-263x350.jpg 263w, https:\/\/altisk-karcag.hu\/wp-content\/uploads\/2025\/04\/66675a85-f650-4c1e-8856-097824bacb27.jpg 1080w\" sizes=\"(max-width: 768px) 100vw, 768px\" \/><\/a><\/figure><\/div>","protected":false},"excerpt":{"rendered":"<p>Iskol\u00e1nk k\u00e9t tanul\u00f3ja, Farkas Alex \u00e9s Karlovics Oliv\u00e9r Bence 2025. \u00e1prilis 12-\u00e9n derekasan helyt\u00e1llt a Berekf\u00fcrd\u0151i Veress Zolt\u00e1n \u00c1ltal\u00e1nos Iskola &#8222;Csak a t\u00e9rk\u00e9p-csak Amerika&#8221; f\u00f6ldrajz verseny\u00e9n. Felk\u00e9sz\u00edt\u0151 pedag\u00f3gus: Marik M\u00e1ty\u00e1s<\/p>\n","protected":false},"author":1,"featured_media":0,"comment_status":"closed","ping_status":"closed","sticky":false,"template":"","format":"standard","meta":{"footnotes":""},"categories":[9,11],"tags":[],"_links":{"self":[{"href":"https:\/\/altisk-karcag.hu\/index.php?rest_route=\/wp\/v2\/posts\/3628"}],"collection":[{"href":"https:\/\/altisk-karcag.hu\/index.php?rest_route=\/wp\/v2\/posts"}],"about":[{"href":"https:\/\/altisk-karcag.hu\/index.php?rest_route=\/wp\/v2\/types\/post"}],"author":[{"embeddable":true,"href":"https:\/\/altisk-karcag.hu\/index.php?rest_route=\/wp\/v2\/users\/1"}],"replies":[{"embeddable":true,"href":"https:\/\/altisk-karcag.hu\/index.php?rest_route=%2Fwp%2Fv2%2Fcomments&post=3628"}],"version-history":[{"count":1,"href":"https:\/\/altisk-karcag.hu\/index.php?rest_route=\/wp\/v2\/posts\/3628\/revisions"}],"predecessor-version":[{"id":3630,"href":"https:\/\/altisk-karcag.hu\/index.php?rest_route=\/wp\/v2\/posts\/3628\/revisions\/3630"}],"wp:attachment":[{"href":"https:\/\/altisk-karcag.hu\/index.php?rest_route=%2Fwp%2Fv2%2Fmedia&parent=3628"}],"wp:term":[{"taxonomy":"category","embeddable":true,"href":"https:\/\/altisk-karcag.hu\/index.php?rest_route=%2Fwp%2Fv2%2Fcategories&post=3628"},{"taxonomy":"post_tag","embeddable":true,"href":"https:\/\/altisk-karcag.hu\/index.php?rest_route=%2Fwp%2Fv2%2Ftags&post=3628"}],"curies":[{"name":"wp","href":"https:\/\/api.w.org\/{rel}","templated":true}]}}