{"id":3622,"date":"2025-04-12T02:18:23","date_gmt":"2025-04-12T02:18:23","guid":{"rendered":"https:\/\/altisk-karcag.hu\/?p=3622"},"modified":"2025-04-14T02:22:04","modified_gmt":"2025-04-14T02:22:04","slug":"kolteszet-napja-a-kovatsban","status":"publish","type":"post","link":"https:\/\/altisk-karcag.hu\/?p=3622","title":{"rendered":"K\u00f6lt\u00e9szet napja a Kov\u00e1tsban"},"content":{"rendered":"\n<p>\u00c1prilis 11-\u00e9n a fels\u0151 tagozatos di\u00e1kok versolvas\u00f3 tan\u00f3r\u00e1val tett\u00e9k tisztelet\u00fcket J\u00f3zsef Attila \u00e9s k\u00f6lt\u00e9szete el\u0151tt. A gyerekek az \u00e1ltaluk v\u00e1lasztott verset olvast\u00e1k fel forg\u00f3sz\u00ednpad jelleggel,egym\u00e1st k\u00f6vetve. A tan\u00f3ra kezdet\u00e9n elhangzott a Ments meg! orsz\u00e1gos novella\u00edr\u00f3 p\u00e1ly\u00e1zaton 3. helyez\u00e9st el\u00e9rt A kis v\u00f6r\u00f6sbegy c\u00edm\u0171 t\u00f6rt\u00e9net is a nyertes, Karlovics T\u00edmea el\u0151ad\u00e1s\u00e1ban. Mindezt megel\u0151zve az aul\u00e1ban versid\u00e9zetek sora v\u00e1rta a tanul\u00f3kat; a megtetszett \u00e9s kiv\u00e1lasztott id\u00e9zeteket hazavihett\u00e9k a gyerekek.<br>K\u00f6sz\u00f6net illeti Kov\u00e1csn\u00e9 Ecsedi Csilla \u00e9s Szab\u00f3n\u00e9 Serf\u0151z\u0151 Helga tan\u00e1rn\u0151ket a szervez\u00e9s\u00e9rt \u00e9s megval\u00f3s\u00edt\u00e1s\u00e9rt.<\/p>\n\n\n\n<figure class=\"wp-block-gallery has-nested-images columns-default is-cropped wp-block-gallery-1 is-layout-flex wp-block-gallery-is-layout-flex\">\n<figure class=\"wp-block-image size-large is-style-default\"><a href=\"https:\/\/altisk-karcag.hu\/wp-content\/uploads\/2025\/04\/0004-scaled.jpg\"><img decoding=\"async\" loading=\"lazy\" width=\"1024\" height=\"485\" data-id=\"3626\" src=\"https:\/\/altisk-karcag.hu\/wp-content\/uploads\/2025\/04\/0004-1024x485.jpg\" alt=\"\" class=\"wp-image-3626\" srcset=\"https:\/\/altisk-karcag.hu\/wp-content\/uploads\/2025\/04\/0004-1024x485.jpg 1024w, https:\/\/altisk-karcag.hu\/wp-content\/uploads\/2025\/04\/0004-300x142.jpg 300w, https:\/\/altisk-karcag.hu\/wp-content\/uploads\/2025\/04\/0004-768x363.jpg 768w, https:\/\/altisk-karcag.hu\/wp-content\/uploads\/2025\/04\/0004-1536x727.jpg 1536w, https:\/\/altisk-karcag.hu\/wp-content\/uploads\/2025\/04\/0004-2048x969.jpg 2048w, https:\/\/altisk-karcag.hu\/wp-content\/uploads\/2025\/04\/0004-740x350.jpg 740w\" sizes=\"(max-width: 1024px) 100vw, 1024px\" \/><\/a><\/figure>\n\n\n\n<figure class=\"wp-block-image size-large is-style-default\"><a href=\"https:\/\/altisk-karcag.hu\/wp-content\/uploads\/2025\/04\/0003.jpg\"><img decoding=\"async\" loading=\"lazy\" width=\"1024\" height=\"485\" data-id=\"3624\" src=\"https:\/\/altisk-karcag.hu\/wp-content\/uploads\/2025\/04\/0003-1024x485.jpg\" alt=\"\" class=\"wp-image-3624\" srcset=\"https:\/\/altisk-karcag.hu\/wp-content\/uploads\/2025\/04\/0003-1024x485.jpg 1024w, https:\/\/altisk-karcag.hu\/wp-content\/uploads\/2025\/04\/0003-300x142.jpg 300w, https:\/\/altisk-karcag.hu\/wp-content\/uploads\/2025\/04\/0003-768x364.jpg 768w, https:\/\/altisk-karcag.hu\/wp-content\/uploads\/2025\/04\/0003-1536x727.jpg 1536w, https:\/\/altisk-karcag.hu\/wp-content\/uploads\/2025\/04\/0003-2048x970.jpg 2048w, https:\/\/altisk-karcag.hu\/wp-content\/uploads\/2025\/04\/0003-739x350.jpg 739w\" sizes=\"(max-width: 1024px) 100vw, 1024px\" \/><\/a><\/figure>\n\n\n\n<figure class=\"wp-block-image size-large is-style-default\"><a href=\"https:\/\/altisk-karcag.hu\/wp-content\/uploads\/2025\/04\/0001.jpg\"><img decoding=\"async\" loading=\"lazy\" width=\"715\" height=\"1024\" data-id=\"3625\" src=\"https:\/\/altisk-karcag.hu\/wp-content\/uploads\/2025\/04\/0001-715x1024.jpg\" alt=\"\" class=\"wp-image-3625\" srcset=\"https:\/\/altisk-karcag.hu\/wp-content\/uploads\/2025\/04\/0001-715x1024.jpg 715w, https:\/\/altisk-karcag.hu\/wp-content\/uploads\/2025\/04\/0001-209x300.jpg 209w, https:\/\/altisk-karcag.hu\/wp-content\/uploads\/2025\/04\/0001-768x1100.jpg 768w, https:\/\/altisk-karcag.hu\/wp-content\/uploads\/2025\/04\/0001-1073x1536.jpg 1073w, https:\/\/altisk-karcag.hu\/wp-content\/uploads\/2025\/04\/0001-244x350.jpg 244w, https:\/\/altisk-karcag.hu\/wp-content\/uploads\/2025\/04\/0001.jpg 1430w\" sizes=\"(max-width: 715px) 100vw, 715px\" \/><\/a><\/figure>\n\n\n\n<figure class=\"wp-block-image size-large is-style-default\"><a href=\"https:\/\/altisk-karcag.hu\/wp-content\/uploads\/2025\/04\/0002.jpg\"><img decoding=\"async\" loading=\"lazy\" width=\"1024\" height=\"570\" data-id=\"3623\" src=\"https:\/\/altisk-karcag.hu\/wp-content\/uploads\/2025\/04\/0002-1024x570.jpg\" alt=\"\" class=\"wp-image-3623\" srcset=\"https:\/\/altisk-karcag.hu\/wp-content\/uploads\/2025\/04\/0002-1024x570.jpg 1024w, https:\/\/altisk-karcag.hu\/wp-content\/uploads\/2025\/04\/0002-300x167.jpg 300w, https:\/\/altisk-karcag.hu\/wp-content\/uploads\/2025\/04\/0002-768x427.jpg 768w, https:\/\/altisk-karcag.hu\/wp-content\/uploads\/2025\/04\/0002-1536x854.jpg 1536w, https:\/\/altisk-karcag.hu\/wp-content\/uploads\/2025\/04\/0002-629x350.jpg 629w, https:\/\/altisk-karcag.hu\/wp-content\/uploads\/2025\/04\/0002.jpg 2001w\" sizes=\"(max-width: 1024px) 100vw, 1024px\" \/><\/a><\/figure>\n<\/figure>\n","protected":false},"excerpt":{"rendered":"<p>\u00c1prilis 11-\u00e9n a fels\u0151 tagozatos di\u00e1kok versolvas\u00f3 tan\u00f3r\u00e1val tett\u00e9k tisztelet\u00fcket J\u00f3zsef Attila \u00e9s k\u00f6lt\u00e9szete el\u0151tt. A gyerekek az \u00e1ltaluk v\u00e1lasztott verset olvast\u00e1k fel forg\u00f3sz\u00ednpad jelleggel,egym\u00e1st k\u00f6vetve. A tan\u00f3ra kezdet\u00e9n elhangzott a Ments meg! orsz\u00e1gos novella\u00edr\u00f3 p\u00e1ly\u00e1zaton 3. helyez\u00e9st el\u00e9rt A kis v\u00f6r\u00f6sbegy c\u00edm\u0171 t\u00f6rt\u00e9net is a nyertes, Karlovics T\u00edmea el\u0151ad\u00e1s\u00e1ban. &hellip;<\/p>\n","protected":false},"author":1,"featured_media":3623,"comment_status":"closed","ping_status":"closed","sticky":false,"template":"","format":"standard","meta":{"footnotes":""},"categories":[9,11],"tags":[],"_links":{"self":[{"href":"https:\/\/altisk-karcag.hu\/index.php?rest_route=\/wp\/v2\/posts\/3622"}],"collection":[{"href":"https:\/\/altisk-karcag.hu\/index.php?rest_route=\/wp\/v2\/posts"}],"about":[{"href":"https:\/\/altisk-karcag.hu\/index.php?rest_route=\/wp\/v2\/types\/post"}],"author":[{"embeddable":true,"href":"https:\/\/altisk-karcag.hu\/index.php?rest_route=\/wp\/v2\/users\/1"}],"replies":[{"embeddable":true,"href":"https:\/\/altisk-karcag.hu\/index.php?rest_route=%2Fwp%2Fv2%2Fcomments&post=3622"}],"version-history":[{"count":1,"href":"https:\/\/altisk-karcag.hu\/index.php?rest_route=\/wp\/v2\/posts\/3622\/revisions"}],"predecessor-version":[{"id":3627,"href":"https:\/\/altisk-karcag.hu\/index.php?rest_route=\/wp\/v2\/posts\/3622\/revisions\/3627"}],"wp:featuredmedia":[{"embeddable":true,"href":"https:\/\/altisk-karcag.hu\/index.php?rest_route=\/wp\/v2\/media\/3623"}],"wp:attachment":[{"href":"https:\/\/altisk-karcag.hu\/index.php?rest_route=%2Fwp%2Fv2%2Fmedia&parent=3622"}],"wp:term":[{"taxonomy":"category","embeddable":true,"href":"https:\/\/altisk-karcag.hu\/index.php?rest_route=%2Fwp%2Fv2%2Fcategories&post=3622"},{"taxonomy":"post_tag","embeddable":true,"href":"https:\/\/altisk-karcag.hu\/index.php?rest_route=%2Fwp%2Fv2%2Ftags&post=3622"}],"curies":[{"name":"wp","href":"https:\/\/api.w.org\/{rel}","templated":true}]}}