{"id":3610,"date":"2025-03-31T10:22:50","date_gmt":"2025-03-31T10:22:50","guid":{"rendered":"https:\/\/altisk-karcag.hu\/?p=3610"},"modified":"2025-04-11T10:24:42","modified_gmt":"2025-04-11T10:24:42","slug":"digitalis-temahet-a-kovatsban","status":"publish","type":"post","link":"https:\/\/altisk-karcag.hu\/?p=3610","title":{"rendered":"Digit\u00e1lis T\u00e9mah\u00e9t a Kov\u00e1tsban"},"content":{"rendered":"\n<p>A 2025. m\u00e1rcius 24-28. k\u00f6z\u00f6tt csatlakozott int\u00e9zm\u00e9ny\u00fcnk a Digit\u00e1lis T\u00e9mah\u00e9thez, melynek c\u00e9lja, hogy tanul\u00f3ink digit\u00e1lis kompetenci\u00e1it fejlessz\u00fck, annak vesz\u00e9lyeire felh\u00edvjuk a figyelmet, valamint hogy a tan\u00edt\u00e1s-tanul\u00e1s folyamat\u00e1ba be\u00e9p\u00edts\u00fck a modern technol\u00f3gi\u00e1k haszn\u00e1lat\u00e1t. Az esem\u00e9ny keret\u00e9ben a pedag\u00f3gusok projektalap\u00fa tanul\u00e1si m\u00f3dszereket is alkalmaztak, \u00e9s k\u00fcl\u00f6nb\u00f6z\u0151 digit\u00e1lis eszk\u00f6z\u00f6ket, alkalmaz\u00e1sokat haszn\u00e1ltak.<\/p>\n\n\n\n<figure class=\"wp-block-gallery has-nested-images columns-default is-cropped wp-block-gallery-1 is-layout-flex wp-block-gallery-is-layout-flex\">\n<figure class=\"wp-block-image size-large is-style-default\"><a href=\"https:\/\/altisk-karcag.hu\/wp-content\/uploads\/2025\/04\/003.jpg\"><img decoding=\"async\" loading=\"lazy\" width=\"1024\" height=\"771\" data-id=\"3613\" src=\"https:\/\/altisk-karcag.hu\/wp-content\/uploads\/2025\/04\/003-1024x771.jpg\" alt=\"\" class=\"wp-image-3613\" srcset=\"https:\/\/altisk-karcag.hu\/wp-content\/uploads\/2025\/04\/003-1024x771.jpg 1024w, https:\/\/altisk-karcag.hu\/wp-content\/uploads\/2025\/04\/003-300x226.jpg 300w, https:\/\/altisk-karcag.hu\/wp-content\/uploads\/2025\/04\/003-768x578.jpg 768w, https:\/\/altisk-karcag.hu\/wp-content\/uploads\/2025\/04\/003-1536x1157.jpg 1536w, https:\/\/altisk-karcag.hu\/wp-content\/uploads\/2025\/04\/003-465x350.jpg 465w, https:\/\/altisk-karcag.hu\/wp-content\/uploads\/2025\/04\/003.jpg 2048w\" sizes=\"(max-width: 1024px) 100vw, 1024px\" \/><\/a><\/figure>\n\n\n\n<figure class=\"wp-block-image size-large is-style-default\"><a href=\"https:\/\/altisk-karcag.hu\/wp-content\/uploads\/2025\/04\/002.jpg\"><img decoding=\"async\" loading=\"lazy\" width=\"1024\" height=\"771\" data-id=\"3611\" src=\"https:\/\/altisk-karcag.hu\/wp-content\/uploads\/2025\/04\/002-1024x771.jpg\" alt=\"\" class=\"wp-image-3611\" srcset=\"https:\/\/altisk-karcag.hu\/wp-content\/uploads\/2025\/04\/002-1024x771.jpg 1024w, https:\/\/altisk-karcag.hu\/wp-content\/uploads\/2025\/04\/002-300x226.jpg 300w, https:\/\/altisk-karcag.hu\/wp-content\/uploads\/2025\/04\/002-768x578.jpg 768w, https:\/\/altisk-karcag.hu\/wp-content\/uploads\/2025\/04\/002-1536x1157.jpg 1536w, https:\/\/altisk-karcag.hu\/wp-content\/uploads\/2025\/04\/002-465x350.jpg 465w, https:\/\/altisk-karcag.hu\/wp-content\/uploads\/2025\/04\/002.jpg 2048w\" sizes=\"(max-width: 1024px) 100vw, 1024px\" \/><\/a><\/figure>\n\n\n\n<figure class=\"wp-block-image size-large is-style-default\"><a href=\"https:\/\/altisk-karcag.hu\/wp-content\/uploads\/2025\/04\/001.jpg\"><img decoding=\"async\" loading=\"lazy\" width=\"768\" height=\"1024\" data-id=\"3614\" src=\"https:\/\/altisk-karcag.hu\/wp-content\/uploads\/2025\/04\/001-768x1024.jpg\" alt=\"\" class=\"wp-image-3614\" srcset=\"https:\/\/altisk-karcag.hu\/wp-content\/uploads\/2025\/04\/001-768x1024.jpg 768w, https:\/\/altisk-karcag.hu\/wp-content\/uploads\/2025\/04\/001-225x300.jpg 225w, https:\/\/altisk-karcag.hu\/wp-content\/uploads\/2025\/04\/001-1152x1536.jpg 1152w, https:\/\/altisk-karcag.hu\/wp-content\/uploads\/2025\/04\/001-263x350.jpg 263w, https:\/\/altisk-karcag.hu\/wp-content\/uploads\/2025\/04\/001.jpg 1536w\" sizes=\"(max-width: 768px) 100vw, 768px\" \/><\/a><\/figure>\n\n\n\n<figure class=\"wp-block-image size-large is-style-default\"><a href=\"https:\/\/altisk-karcag.hu\/wp-content\/uploads\/2025\/04\/004.jpg\"><img decoding=\"async\" loading=\"lazy\" width=\"768\" height=\"1024\" data-id=\"3612\" src=\"https:\/\/altisk-karcag.hu\/wp-content\/uploads\/2025\/04\/004-768x1024.jpg\" alt=\"\" class=\"wp-image-3612\" srcset=\"https:\/\/altisk-karcag.hu\/wp-content\/uploads\/2025\/04\/004-768x1024.jpg 768w, https:\/\/altisk-karcag.hu\/wp-content\/uploads\/2025\/04\/004-225x300.jpg 225w, https:\/\/altisk-karcag.hu\/wp-content\/uploads\/2025\/04\/004-1152x1536.jpg 1152w, https:\/\/altisk-karcag.hu\/wp-content\/uploads\/2025\/04\/004-263x350.jpg 263w, https:\/\/altisk-karcag.hu\/wp-content\/uploads\/2025\/04\/004.jpg 1536w\" sizes=\"(max-width: 768px) 100vw, 768px\" \/><\/a><\/figure>\n<\/figure>\n","protected":false},"excerpt":{"rendered":"<p>A 2025. m\u00e1rcius 24-28. k\u00f6z\u00f6tt csatlakozott int\u00e9zm\u00e9ny\u00fcnk a Digit\u00e1lis T\u00e9mah\u00e9thez, melynek c\u00e9lja, hogy tanul\u00f3ink digit\u00e1lis kompetenci\u00e1it fejlessz\u00fck, annak vesz\u00e9lyeire felh\u00edvjuk a figyelmet, valamint hogy a tan\u00edt\u00e1s-tanul\u00e1s folyamat\u00e1ba be\u00e9p\u00edts\u00fck a modern technol\u00f3gi\u00e1k haszn\u00e1lat\u00e1t. Az esem\u00e9ny keret\u00e9ben a pedag\u00f3gusok projektalap\u00fa tanul\u00e1si m\u00f3dszereket is alkalmaztak, \u00e9s k\u00fcl\u00f6nb\u00f6z\u0151 digit\u00e1lis eszk\u00f6z\u00f6ket, alkalmaz\u00e1sokat haszn\u00e1ltak.<\/p>\n","protected":false},"author":1,"featured_media":0,"comment_status":"closed","ping_status":"closed","sticky":false,"template":"","format":"standard","meta":{"footnotes":""},"categories":[9],"tags":[],"_links":{"self":[{"href":"https:\/\/altisk-karcag.hu\/index.php?rest_route=\/wp\/v2\/posts\/3610"}],"collection":[{"href":"https:\/\/altisk-karcag.hu\/index.php?rest_route=\/wp\/v2\/posts"}],"about":[{"href":"https:\/\/altisk-karcag.hu\/index.php?rest_route=\/wp\/v2\/types\/post"}],"author":[{"embeddable":true,"href":"https:\/\/altisk-karcag.hu\/index.php?rest_route=\/wp\/v2\/users\/1"}],"replies":[{"embeddable":true,"href":"https:\/\/altisk-karcag.hu\/index.php?rest_route=%2Fwp%2Fv2%2Fcomments&post=3610"}],"version-history":[{"count":1,"href":"https:\/\/altisk-karcag.hu\/index.php?rest_route=\/wp\/v2\/posts\/3610\/revisions"}],"predecessor-version":[{"id":3615,"href":"https:\/\/altisk-karcag.hu\/index.php?rest_route=\/wp\/v2\/posts\/3610\/revisions\/3615"}],"wp:attachment":[{"href":"https:\/\/altisk-karcag.hu\/index.php?rest_route=%2Fwp%2Fv2%2Fmedia&parent=3610"}],"wp:term":[{"taxonomy":"category","embeddable":true,"href":"https:\/\/altisk-karcag.hu\/index.php?rest_route=%2Fwp%2Fv2%2Fcategories&post=3610"},{"taxonomy":"post_tag","embeddable":true,"href":"https:\/\/altisk-karcag.hu\/index.php?rest_route=%2Fwp%2Fv2%2Ftags&post=3610"}],"curies":[{"name":"wp","href":"https:\/\/api.w.org\/{rel}","templated":true}]}}