{"id":3600,"date":"2025-04-10T10:55:07","date_gmt":"2025-04-10T10:55:07","guid":{"rendered":"https:\/\/altisk-karcag.hu\/?p=3600"},"modified":"2025-04-10T11:46:30","modified_gmt":"2025-04-10T11:46:30","slug":"sikerek-a-marista-szepiro-versenyen","status":"publish","type":"post","link":"https:\/\/altisk-karcag.hu\/?p=3600","title":{"rendered":"Sikerek a Marista sz\u00e9p\u00edr\u00f3 versenyen"},"content":{"rendered":"\n<p>A Marista sz\u00e9p\u00edr\u00f3 versenyen sz\u00e9p helyez\u00e9seket siker\u00fclt el\u00e9rnie iskol\u00e1nk tanul\u00f3inak:<br>Als\u00f3sokn\u00e1l : Orb\u00e1n Zs\u00f3fia 4.b oszt\u00e1lyos tanul\u00f3 BTMN kateg\u00f3ria 2. helyez\u00e9s. <br>Fels\u0151s\u00f6kn\u00e9l: B\u00e9zi Rajcs\u00e1nyi Mira 5. a oszt\u00e1lyos tanul\u00f3 SNI kateg\u00f3ria 2.helyez\u00e9s.<br>Felk\u00e9sz\u00edt\u0151 pedag\u00f3gusok: Ujv\u00e1rosin\u00e9 Hanuszka Katalin \u00e9s Szab\u00f3n\u00e9 Serf\u0151z\u0151 Helga pedag\u00f3gusok voltak.<\/p>\n\n\n\n<figure class=\"wp-block-gallery has-nested-images columns-default is-cropped wp-block-gallery-1 is-layout-flex wp-block-gallery-is-layout-flex\">\n<figure class=\"wp-block-image size-large is-style-default\"><a href=\"https:\/\/altisk-karcag.hu\/wp-content\/uploads\/2025\/04\/mira-scaled.jpg\"><img decoding=\"async\" loading=\"lazy\" width=\"485\" height=\"1024\" data-id=\"3601\" src=\"https:\/\/altisk-karcag.hu\/wp-content\/uploads\/2025\/04\/mira-485x1024.jpg\" alt=\"\" class=\"wp-image-3601\" srcset=\"https:\/\/altisk-karcag.hu\/wp-content\/uploads\/2025\/04\/mira-485x1024.jpg 485w, https:\/\/altisk-karcag.hu\/wp-content\/uploads\/2025\/04\/mira-142x300.jpg 142w, https:\/\/altisk-karcag.hu\/wp-content\/uploads\/2025\/04\/mira-768x1623.jpg 768w, https:\/\/altisk-karcag.hu\/wp-content\/uploads\/2025\/04\/mira-727x1536.jpg 727w, https:\/\/altisk-karcag.hu\/wp-content\/uploads\/2025\/04\/mira-969x2048.jpg 969w, https:\/\/altisk-karcag.hu\/wp-content\/uploads\/2025\/04\/mira-166x350.jpg 166w, https:\/\/altisk-karcag.hu\/wp-content\/uploads\/2025\/04\/mira-scaled.jpg 1212w\" sizes=\"(max-width: 485px) 100vw, 485px\" \/><\/a><\/figure>\n\n\n\n<figure class=\"wp-block-image size-large is-style-default\"><a href=\"https:\/\/altisk-karcag.hu\/wp-content\/uploads\/2025\/04\/488313641_629409606749583_6565792671063796920_n.png\"><img decoding=\"async\" loading=\"lazy\" width=\"771\" height=\"1024\" data-id=\"3604\" src=\"https:\/\/altisk-karcag.hu\/wp-content\/uploads\/2025\/04\/488313641_629409606749583_6565792671063796920_n-771x1024.png\" alt=\"\" class=\"wp-image-3604\" srcset=\"https:\/\/altisk-karcag.hu\/wp-content\/uploads\/2025\/04\/488313641_629409606749583_6565792671063796920_n-771x1024.png 771w, https:\/\/altisk-karcag.hu\/wp-content\/uploads\/2025\/04\/488313641_629409606749583_6565792671063796920_n-226x300.png 226w, https:\/\/altisk-karcag.hu\/wp-content\/uploads\/2025\/04\/488313641_629409606749583_6565792671063796920_n-768x1020.png 768w, https:\/\/altisk-karcag.hu\/wp-content\/uploads\/2025\/04\/488313641_629409606749583_6565792671063796920_n-1157x1536.png 1157w, https:\/\/altisk-karcag.hu\/wp-content\/uploads\/2025\/04\/488313641_629409606749583_6565792671063796920_n-264x350.png 264w, https:\/\/altisk-karcag.hu\/wp-content\/uploads\/2025\/04\/488313641_629409606749583_6565792671063796920_n.png 1542w\" sizes=\"(max-width: 771px) 100vw, 771px\" \/><\/a><\/figure>\n\n\n\n<figure class=\"wp-block-image size-large is-style-default\"><a href=\"https:\/\/altisk-karcag.hu\/wp-content\/uploads\/2025\/04\/490091238_638359965842204_6539883470180311250_n.png\"><img decoding=\"async\" loading=\"lazy\" width=\"1024\" height=\"771\" data-id=\"3602\" src=\"https:\/\/altisk-karcag.hu\/wp-content\/uploads\/2025\/04\/490091238_638359965842204_6539883470180311250_n-1024x771.png\" alt=\"\" class=\"wp-image-3602\" srcset=\"https:\/\/altisk-karcag.hu\/wp-content\/uploads\/2025\/04\/490091238_638359965842204_6539883470180311250_n-1024x771.png 1024w, https:\/\/altisk-karcag.hu\/wp-content\/uploads\/2025\/04\/490091238_638359965842204_6539883470180311250_n-300x226.png 300w, https:\/\/altisk-karcag.hu\/wp-content\/uploads\/2025\/04\/490091238_638359965842204_6539883470180311250_n-768x578.png 768w, https:\/\/altisk-karcag.hu\/wp-content\/uploads\/2025\/04\/490091238_638359965842204_6539883470180311250_n-1536x1157.png 1536w, https:\/\/altisk-karcag.hu\/wp-content\/uploads\/2025\/04\/490091238_638359965842204_6539883470180311250_n-465x350.png 465w, https:\/\/altisk-karcag.hu\/wp-content\/uploads\/2025\/04\/490091238_638359965842204_6539883470180311250_n.png 2048w\" sizes=\"(max-width: 1024px) 100vw, 1024px\" \/><\/a><\/figure>\n\n\n\n<figure class=\"wp-block-image size-large is-style-default\"><a href=\"https:\/\/altisk-karcag.hu\/wp-content\/uploads\/2025\/04\/489781751_1041470031220789_3521843186551263456_n.png\"><img decoding=\"async\" loading=\"lazy\" width=\"1024\" height=\"771\" data-id=\"3603\" src=\"https:\/\/altisk-karcag.hu\/wp-content\/uploads\/2025\/04\/489781751_1041470031220789_3521843186551263456_n-1024x771.png\" alt=\"\" class=\"wp-image-3603\" srcset=\"https:\/\/altisk-karcag.hu\/wp-content\/uploads\/2025\/04\/489781751_1041470031220789_3521843186551263456_n-1024x771.png 1024w, https:\/\/altisk-karcag.hu\/wp-content\/uploads\/2025\/04\/489781751_1041470031220789_3521843186551263456_n-300x226.png 300w, https:\/\/altisk-karcag.hu\/wp-content\/uploads\/2025\/04\/489781751_1041470031220789_3521843186551263456_n-768x578.png 768w, https:\/\/altisk-karcag.hu\/wp-content\/uploads\/2025\/04\/489781751_1041470031220789_3521843186551263456_n-1536x1157.png 1536w, https:\/\/altisk-karcag.hu\/wp-content\/uploads\/2025\/04\/489781751_1041470031220789_3521843186551263456_n-465x350.png 465w, https:\/\/altisk-karcag.hu\/wp-content\/uploads\/2025\/04\/489781751_1041470031220789_3521843186551263456_n.png 2048w\" sizes=\"(max-width: 1024px) 100vw, 1024px\" \/><\/a><\/figure>\n<\/figure>\n","protected":false},"excerpt":{"rendered":"<p>A Marista sz\u00e9p\u00edr\u00f3 versenyen sz\u00e9p helyez\u00e9seket siker\u00fclt el\u00e9rnie iskol\u00e1nk tanul\u00f3inak:Als\u00f3sokn\u00e1l : Orb\u00e1n Zs\u00f3fia 4.b oszt\u00e1lyos tanul\u00f3 BTMN kateg\u00f3ria 2. helyez\u00e9s. Fels\u0151s\u00f6kn\u00e9l: B\u00e9zi Rajcs\u00e1nyi Mira 5. a oszt\u00e1lyos tanul\u00f3 SNI kateg\u00f3ria 2.helyez\u00e9s.Felk\u00e9sz\u00edt\u0151 pedag\u00f3gusok: Ujv\u00e1rosin\u00e9 Hanuszka Katalin \u00e9s Szab\u00f3n\u00e9 Serf\u0151z\u0151 Helga pedag\u00f3gusok voltak.<\/p>\n","protected":false},"author":1,"featured_media":3603,"comment_status":"closed","ping_status":"closed","sticky":false,"template":"","format":"standard","meta":{"footnotes":""},"categories":[9,11],"tags":[],"_links":{"self":[{"href":"https:\/\/altisk-karcag.hu\/index.php?rest_route=\/wp\/v2\/posts\/3600"}],"collection":[{"href":"https:\/\/altisk-karcag.hu\/index.php?rest_route=\/wp\/v2\/posts"}],"about":[{"href":"https:\/\/altisk-karcag.hu\/index.php?rest_route=\/wp\/v2\/types\/post"}],"author":[{"embeddable":true,"href":"https:\/\/altisk-karcag.hu\/index.php?rest_route=\/wp\/v2\/users\/1"}],"replies":[{"embeddable":true,"href":"https:\/\/altisk-karcag.hu\/index.php?rest_route=%2Fwp%2Fv2%2Fcomments&post=3600"}],"version-history":[{"count":2,"href":"https:\/\/altisk-karcag.hu\/index.php?rest_route=\/wp\/v2\/posts\/3600\/revisions"}],"predecessor-version":[{"id":3606,"href":"https:\/\/altisk-karcag.hu\/index.php?rest_route=\/wp\/v2\/posts\/3600\/revisions\/3606"}],"wp:featuredmedia":[{"embeddable":true,"href":"https:\/\/altisk-karcag.hu\/index.php?rest_route=\/wp\/v2\/media\/3603"}],"wp:attachment":[{"href":"https:\/\/altisk-karcag.hu\/index.php?rest_route=%2Fwp%2Fv2%2Fmedia&parent=3600"}],"wp:term":[{"taxonomy":"category","embeddable":true,"href":"https:\/\/altisk-karcag.hu\/index.php?rest_route=%2Fwp%2Fv2%2Fcategories&post=3600"},{"taxonomy":"post_tag","embeddable":true,"href":"https:\/\/altisk-karcag.hu\/index.php?rest_route=%2Fwp%2Fv2%2Ftags&post=3600"}],"curies":[{"name":"wp","href":"https:\/\/api.w.org\/{rel}","templated":true}]}}