{"id":3594,"date":"2025-04-09T08:08:05","date_gmt":"2025-04-09T08:08:05","guid":{"rendered":"https:\/\/altisk-karcag.hu\/?p=3594"},"modified":"2025-04-10T08:15:01","modified_gmt":"2025-04-10T08:15:01","slug":"kiserleti-bemutato-a-kovatsban","status":"publish","type":"post","link":"https:\/\/altisk-karcag.hu\/?p=3594","title":{"rendered":"K\u00eds\u00e9rleti bemutat\u00f3 a Kov\u00e1tsban"},"content":{"rendered":"\n<p>Az idei \u00e9vben lehet\u0151s\u00e9g\u00fcnk ny\u00edlt iskol\u00e1nkban fogadni Fogaras J\u00f3zsef nyugd\u00edjas k\u00e9miatan\u00e1rt, aki az \u00f6nk\u00e9ntes Mobillabor meg\u00e1lmod\u00f3ja. A rendhagy\u00f3 k\u00e9mia \u00f3r\u00e1n l\u00e1tv\u00e1nyos k\u00e9miai k\u00eds\u00e9rleteket lehetett megtekinteni a 7. \u00e9s a 8. oszt\u00e1lyos tanul\u00f3knak.<br><br>\u201e A term\u00e9szet \u00e9rtelmes k\u00e9rd\u00e9sekre \u00e9rthet\u0151 v\u00e1laszokat ad.\u201d<br>\/ Joseph Gay- Lussac \/<\/p>\n\n\n\n<figure class=\"wp-block-gallery has-nested-images columns-default is-cropped wp-block-gallery-1 is-layout-flex wp-block-gallery-is-layout-flex\">\n<figure class=\"wp-block-image size-large is-style-default\"><a href=\"https:\/\/altisk-karcag.hu\/wp-content\/uploads\/2025\/04\/04-6.jpg\"><img decoding=\"async\" loading=\"lazy\" width=\"650\" height=\"1024\" data-id=\"3598\" src=\"https:\/\/altisk-karcag.hu\/wp-content\/uploads\/2025\/04\/04-6-650x1024.jpg\" alt=\"\" class=\"wp-image-3598\" srcset=\"https:\/\/altisk-karcag.hu\/wp-content\/uploads\/2025\/04\/04-6-650x1024.jpg 650w, https:\/\/altisk-karcag.hu\/wp-content\/uploads\/2025\/04\/04-6-190x300.jpg 190w, https:\/\/altisk-karcag.hu\/wp-content\/uploads\/2025\/04\/04-6-768x1210.jpg 768w, https:\/\/altisk-karcag.hu\/wp-content\/uploads\/2025\/04\/04-6-975x1536.jpg 975w, https:\/\/altisk-karcag.hu\/wp-content\/uploads\/2025\/04\/04-6-222x350.jpg 222w, https:\/\/altisk-karcag.hu\/wp-content\/uploads\/2025\/04\/04-6.jpg 1023w\" sizes=\"(max-width: 650px) 100vw, 650px\" \/><\/a><\/figure>\n\n\n\n<figure class=\"wp-block-image size-large is-style-default\"><a href=\"https:\/\/altisk-karcag.hu\/wp-content\/uploads\/2025\/04\/03-6.jpg\"><img decoding=\"async\" loading=\"lazy\" width=\"871\" height=\"513\" data-id=\"3595\" src=\"https:\/\/altisk-karcag.hu\/wp-content\/uploads\/2025\/04\/03-6.jpg\" alt=\"\" class=\"wp-image-3595\" srcset=\"https:\/\/altisk-karcag.hu\/wp-content\/uploads\/2025\/04\/03-6.jpg 871w, https:\/\/altisk-karcag.hu\/wp-content\/uploads\/2025\/04\/03-6-300x177.jpg 300w, https:\/\/altisk-karcag.hu\/wp-content\/uploads\/2025\/04\/03-6-768x452.jpg 768w, https:\/\/altisk-karcag.hu\/wp-content\/uploads\/2025\/04\/03-6-594x350.jpg 594w\" sizes=\"(max-width: 871px) 100vw, 871px\" \/><\/a><\/figure>\n\n\n\n<figure class=\"wp-block-image size-large is-style-default\"><a href=\"https:\/\/altisk-karcag.hu\/wp-content\/uploads\/2025\/04\/02-6.jpg\"><img decoding=\"async\" loading=\"lazy\" width=\"613\" height=\"1024\" data-id=\"3596\" src=\"https:\/\/altisk-karcag.hu\/wp-content\/uploads\/2025\/04\/02-6-613x1024.jpg\" alt=\"\" class=\"wp-image-3596\" srcset=\"https:\/\/altisk-karcag.hu\/wp-content\/uploads\/2025\/04\/02-6-613x1024.jpg 613w, https:\/\/altisk-karcag.hu\/wp-content\/uploads\/2025\/04\/02-6-180x300.jpg 180w, https:\/\/altisk-karcag.hu\/wp-content\/uploads\/2025\/04\/02-6-210x350.jpg 210w, https:\/\/altisk-karcag.hu\/wp-content\/uploads\/2025\/04\/02-6.jpg 702w\" sizes=\"(max-width: 613px) 100vw, 613px\" \/><\/a><\/figure>\n\n\n\n<figure class=\"wp-block-image size-large is-style-default\"><a href=\"https:\/\/altisk-karcag.hu\/wp-content\/uploads\/2025\/04\/01-6.jpg\"><img decoding=\"async\" loading=\"lazy\" width=\"587\" height=\"848\" data-id=\"3597\" src=\"https:\/\/altisk-karcag.hu\/wp-content\/uploads\/2025\/04\/01-6.jpg\" alt=\"\" class=\"wp-image-3597\" srcset=\"https:\/\/altisk-karcag.hu\/wp-content\/uploads\/2025\/04\/01-6.jpg 587w, https:\/\/altisk-karcag.hu\/wp-content\/uploads\/2025\/04\/01-6-208x300.jpg 208w, https:\/\/altisk-karcag.hu\/wp-content\/uploads\/2025\/04\/01-6-242x350.jpg 242w\" sizes=\"(max-width: 587px) 100vw, 587px\" \/><\/a><\/figure>\n<\/figure>\n","protected":false},"excerpt":{"rendered":"<p>Az idei \u00e9vben lehet\u0151s\u00e9g\u00fcnk ny\u00edlt iskol\u00e1nkban fogadni Fogaras J\u00f3zsef nyugd\u00edjas k\u00e9miatan\u00e1rt, aki az \u00f6nk\u00e9ntes Mobillabor meg\u00e1lmod\u00f3ja. A rendhagy\u00f3 k\u00e9mia \u00f3r\u00e1n l\u00e1tv\u00e1nyos k\u00e9miai k\u00eds\u00e9rleteket lehetett megtekinteni a 7. \u00e9s a 8. oszt\u00e1lyos tanul\u00f3knak. \u201e A term\u00e9szet \u00e9rtelmes k\u00e9rd\u00e9sekre \u00e9rthet\u0151 v\u00e1laszokat ad.\u201d\/ Joseph Gay- Lussac \/<\/p>\n","protected":false},"author":1,"featured_media":0,"comment_status":"closed","ping_status":"closed","sticky":false,"template":"","format":"standard","meta":{"footnotes":""},"categories":[9],"tags":[],"_links":{"self":[{"href":"https:\/\/altisk-karcag.hu\/index.php?rest_route=\/wp\/v2\/posts\/3594"}],"collection":[{"href":"https:\/\/altisk-karcag.hu\/index.php?rest_route=\/wp\/v2\/posts"}],"about":[{"href":"https:\/\/altisk-karcag.hu\/index.php?rest_route=\/wp\/v2\/types\/post"}],"author":[{"embeddable":true,"href":"https:\/\/altisk-karcag.hu\/index.php?rest_route=\/wp\/v2\/users\/1"}],"replies":[{"embeddable":true,"href":"https:\/\/altisk-karcag.hu\/index.php?rest_route=%2Fwp%2Fv2%2Fcomments&post=3594"}],"version-history":[{"count":1,"href":"https:\/\/altisk-karcag.hu\/index.php?rest_route=\/wp\/v2\/posts\/3594\/revisions"}],"predecessor-version":[{"id":3599,"href":"https:\/\/altisk-karcag.hu\/index.php?rest_route=\/wp\/v2\/posts\/3594\/revisions\/3599"}],"wp:attachment":[{"href":"https:\/\/altisk-karcag.hu\/index.php?rest_route=%2Fwp%2Fv2%2Fmedia&parent=3594"}],"wp:term":[{"taxonomy":"category","embeddable":true,"href":"https:\/\/altisk-karcag.hu\/index.php?rest_route=%2Fwp%2Fv2%2Fcategories&post=3594"},{"taxonomy":"post_tag","embeddable":true,"href":"https:\/\/altisk-karcag.hu\/index.php?rest_route=%2Fwp%2Fv2%2Ftags&post=3594"}],"curies":[{"name":"wp","href":"https:\/\/api.w.org\/{rel}","templated":true}]}}