{"id":3584,"date":"2025-03-27T07:15:00","date_gmt":"2025-03-27T07:15:00","guid":{"rendered":"https:\/\/altisk-karcag.hu\/?p=3584"},"modified":"2025-04-10T07:18:59","modified_gmt":"2025-04-10T07:18:59","slug":"digitalis-temahet-kiskulcsoson-2","status":"publish","type":"post","link":"https:\/\/altisk-karcag.hu\/?p=3584","title":{"rendered":"Digit\u00e1lis t\u00e9mah\u00e9t Kiskulcsoson"},"content":{"rendered":"\n<p>2025. m\u00e1rcius 24-\u00e9n kezd\u0151d\u00f6tt a jubileumi 10. Digit\u00e1lis T\u00e9mah\u00e9t Magyarorsz\u00e1g legnagyobb digit\u00e1lis pedag\u00f3giai esem\u00e9nye. Int\u00e9zm\u00e9ny\u00fcnkben 2. \u00e9vfolyamt\u00f3l 8. \u00e9vfolyamig k\u00fcl\u00f6nb\u00f6z\u0151 projekteket val\u00f3s\u00edtottunk meg. A 2. oszt\u00e1lyban a Quiver applik\u00e1c\u00f3t haszn\u00e1lva sz\u00edneztek a gyerekek, azut\u00e1n \u00e9letre keltett\u00fck a 3D-s r\u00f6pk\u00f6d\u0151 pillang\u00f3t \u00e9s megfigyelhett\u00fck, hogyan lesz a pet\u00e9b\u0151l herny\u00f3, b\u00e1b, lepke. A 3. \u00e9vfolyamon a \u201dRekl\u00e1mok k\u00f6r\u00fcl\u00f6tt\u00fcnk\u201d oktat\u00f3vide\u00f3t megn\u00e9zve, besz\u00e9lgett\u00fcnk azok k\u00e1ros \u00e9s hasznos oldalair\u00f3l. Ezut\u00e1n a kedvenc term\u00e9keik rekl\u00e1mj\u00e1val t\u00f6lt\u00f6tt\u00e9k meg az utcak\u00e9pet tartalmaz\u00f3 feladatlapot. Kipr\u00f3b\u00e1ltuk a padl\u00f3robotokat is, mes\u00e9s p\u00e1ly\u00e1kon kellett \u00fatvonalat tervezni a \u201em\u00e9hecsk\u00e9knek\u201d. A 4. \u00e9vfolyamon \u201eA szem\u00e9lyes adatok\u201d v\u00e9delm\u00e9r\u0151l a \u201eKoroszt\u00e1lyos tartalmakr\u00f3l\u201d n\u00e9zt\u00fcnk oktat\u00f3vide\u00f3t. Azut\u00e1n megbesz\u00e9lt\u00fck a l\u00e1tottakat \u00e9s elj\u00e1tszottuk, hogy k\u00fcl\u00f6nb\u00f6z\u0151 szitu\u00e1ci\u00f3ban, hogyan viselkedn\u00e9nek a gyerekek. Az 5. \u00e9vfolyamos tanul\u00f3kkal a \u201eFake news\u201d oktat\u00f3vide\u00f3 megtekint\u00e9se ut\u00e1n m\u00e9mek gy\u00e1rt\u00e1s\u00e1ba fogtunk, j\u00f3kat nevetve egym\u00e1s alkot\u00e1sain. A 6. oszt\u00e1ly tanul\u00f3ival a bubbl.us haszn\u00e1lat\u00e1r\u00f3l n\u00e9zt\u00fcnk meg egy r\u00f6vid ismertet\u0151t, majd csoportokba szervez\u0151dve gondolatt\u00e9rk\u00e9pet k\u00e9sz\u00edtettek a tanul\u00f3k, felfedezve az online alkalmaz\u00e1s minden titk\u00e1t. A 7. \u00e9s a 8. oszt\u00e1lyos tanul\u00f3kkal algoritmusokat k\u00e9sz\u00edtett\u00fcnk a mindennapi \u00e9letb\u0151l vett feladatokon kereszt\u00fcl. Majd a Bee-Bot robotokkal ismerkedtek meg a gyerekek. Tanul\u00e1ssal, \u00e9lm\u00e9nyekben teli, vid\u00e1ms\u00e1ggal z\u00e1rtuk a Digit\u00e1lis t\u00e9mahetet.<br>Cser\u00e9s Gabriella \u00e9s Dr. Kir\u00e1ly J\u00f3zsefn\u00e9<\/p>\n\n\n\n<figure class=\"wp-block-gallery has-nested-images columns-default is-cropped wp-block-gallery-1 is-layout-flex wp-block-gallery-is-layout-flex\">\n<figure class=\"wp-block-image size-large is-style-default\"><a href=\"https:\/\/altisk-karcag.hu\/wp-content\/uploads\/2025\/04\/07-3.jpg\"><img decoding=\"async\" loading=\"lazy\" width=\"1024\" height=\"768\" data-id=\"3591\" src=\"https:\/\/altisk-karcag.hu\/wp-content\/uploads\/2025\/04\/07-3-1024x768.jpg\" alt=\"\" class=\"wp-image-3591\" srcset=\"https:\/\/altisk-karcag.hu\/wp-content\/uploads\/2025\/04\/07-3-1024x768.jpg 1024w, https:\/\/altisk-karcag.hu\/wp-content\/uploads\/2025\/04\/07-3-300x225.jpg 300w, https:\/\/altisk-karcag.hu\/wp-content\/uploads\/2025\/04\/07-3-768x576.jpg 768w, https:\/\/altisk-karcag.hu\/wp-content\/uploads\/2025\/04\/07-3-1536x1152.jpg 1536w, https:\/\/altisk-karcag.hu\/wp-content\/uploads\/2025\/04\/07-3-467x350.jpg 467w, https:\/\/altisk-karcag.hu\/wp-content\/uploads\/2025\/04\/07-3.jpg 2048w\" sizes=\"(max-width: 1024px) 100vw, 1024px\" \/><\/a><\/figure>\n\n\n\n<figure class=\"wp-block-image size-large is-style-default\"><a href=\"https:\/\/altisk-karcag.hu\/wp-content\/uploads\/2025\/04\/06-3.jpg\"><img decoding=\"async\" loading=\"lazy\" width=\"576\" height=\"1024\" data-id=\"3589\" src=\"https:\/\/altisk-karcag.hu\/wp-content\/uploads\/2025\/04\/06-3-576x1024.jpg\" alt=\"\" class=\"wp-image-3589\" srcset=\"https:\/\/altisk-karcag.hu\/wp-content\/uploads\/2025\/04\/06-3-576x1024.jpg 576w, https:\/\/altisk-karcag.hu\/wp-content\/uploads\/2025\/04\/06-3-169x300.jpg 169w, https:\/\/altisk-karcag.hu\/wp-content\/uploads\/2025\/04\/06-3-768x1365.jpg 768w, https:\/\/altisk-karcag.hu\/wp-content\/uploads\/2025\/04\/06-3-864x1536.jpg 864w, https:\/\/altisk-karcag.hu\/wp-content\/uploads\/2025\/04\/06-3-197x350.jpg 197w, https:\/\/altisk-karcag.hu\/wp-content\/uploads\/2025\/04\/06-3.jpg 1152w\" sizes=\"(max-width: 576px) 100vw, 576px\" \/><\/a><\/figure>\n\n\n\n<figure class=\"wp-block-image size-large is-style-default\"><a href=\"https:\/\/altisk-karcag.hu\/wp-content\/uploads\/2025\/04\/05-5.jpg\"><img decoding=\"async\" loading=\"lazy\" width=\"1024\" height=\"576\" data-id=\"3590\" src=\"https:\/\/altisk-karcag.hu\/wp-content\/uploads\/2025\/04\/05-5-1024x576.jpg\" alt=\"\" class=\"wp-image-3590\" srcset=\"https:\/\/altisk-karcag.hu\/wp-content\/uploads\/2025\/04\/05-5-1024x576.jpg 1024w, https:\/\/altisk-karcag.hu\/wp-content\/uploads\/2025\/04\/05-5-300x169.jpg 300w, https:\/\/altisk-karcag.hu\/wp-content\/uploads\/2025\/04\/05-5-768x432.jpg 768w, https:\/\/altisk-karcag.hu\/wp-content\/uploads\/2025\/04\/05-5-1536x864.jpg 1536w, https:\/\/altisk-karcag.hu\/wp-content\/uploads\/2025\/04\/05-5-622x350.jpg 622w, https:\/\/altisk-karcag.hu\/wp-content\/uploads\/2025\/04\/05-5.jpg 2048w\" sizes=\"(max-width: 1024px) 100vw, 1024px\" \/><\/a><\/figure>\n\n\n\n<figure class=\"wp-block-image size-large is-style-default\"><a href=\"https:\/\/altisk-karcag.hu\/wp-content\/uploads\/2025\/04\/04-5.jpg\"><img decoding=\"async\" loading=\"lazy\" width=\"1024\" height=\"576\" data-id=\"3587\" src=\"https:\/\/altisk-karcag.hu\/wp-content\/uploads\/2025\/04\/04-5-1024x576.jpg\" alt=\"\" class=\"wp-image-3587\" srcset=\"https:\/\/altisk-karcag.hu\/wp-content\/uploads\/2025\/04\/04-5-1024x576.jpg 1024w, https:\/\/altisk-karcag.hu\/wp-content\/uploads\/2025\/04\/04-5-300x169.jpg 300w, https:\/\/altisk-karcag.hu\/wp-content\/uploads\/2025\/04\/04-5-768x432.jpg 768w, https:\/\/altisk-karcag.hu\/wp-content\/uploads\/2025\/04\/04-5-1536x864.jpg 1536w, https:\/\/altisk-karcag.hu\/wp-content\/uploads\/2025\/04\/04-5-622x350.jpg 622w, https:\/\/altisk-karcag.hu\/wp-content\/uploads\/2025\/04\/04-5.jpg 2048w\" sizes=\"(max-width: 1024px) 100vw, 1024px\" \/><\/a><\/figure>\n\n\n\n<figure class=\"wp-block-image size-large is-style-default\"><a href=\"https:\/\/altisk-karcag.hu\/wp-content\/uploads\/2025\/04\/03-5.jpg\"><img decoding=\"async\" loading=\"lazy\" width=\"1024\" height=\"576\" data-id=\"3592\" src=\"https:\/\/altisk-karcag.hu\/wp-content\/uploads\/2025\/04\/03-5-1024x576.jpg\" alt=\"\" class=\"wp-image-3592\" srcset=\"https:\/\/altisk-karcag.hu\/wp-content\/uploads\/2025\/04\/03-5-1024x576.jpg 1024w, https:\/\/altisk-karcag.hu\/wp-content\/uploads\/2025\/04\/03-5-300x169.jpg 300w, https:\/\/altisk-karcag.hu\/wp-content\/uploads\/2025\/04\/03-5-768x432.jpg 768w, https:\/\/altisk-karcag.hu\/wp-content\/uploads\/2025\/04\/03-5-1536x864.jpg 1536w, https:\/\/altisk-karcag.hu\/wp-content\/uploads\/2025\/04\/03-5-622x350.jpg 622w, https:\/\/altisk-karcag.hu\/wp-content\/uploads\/2025\/04\/03-5.jpg 2048w\" sizes=\"(max-width: 1024px) 100vw, 1024px\" \/><\/a><\/figure>\n\n\n\n<figure class=\"wp-block-image size-large is-style-default\"><a href=\"https:\/\/altisk-karcag.hu\/wp-content\/uploads\/2025\/04\/02-5.jpg\"><img decoding=\"async\" loading=\"lazy\" width=\"461\" height=\"1024\" data-id=\"3586\" src=\"https:\/\/altisk-karcag.hu\/wp-content\/uploads\/2025\/04\/02-5-461x1024.jpg\" alt=\"\" class=\"wp-image-3586\" srcset=\"https:\/\/altisk-karcag.hu\/wp-content\/uploads\/2025\/04\/02-5-461x1024.jpg 461w, https:\/\/altisk-karcag.hu\/wp-content\/uploads\/2025\/04\/02-5-135x300.jpg 135w, https:\/\/altisk-karcag.hu\/wp-content\/uploads\/2025\/04\/02-5-157x350.jpg 157w, https:\/\/altisk-karcag.hu\/wp-content\/uploads\/2025\/04\/02-5.jpg 640w\" sizes=\"(max-width: 461px) 100vw, 461px\" \/><\/a><\/figure>\n\n\n\n<figure class=\"wp-block-image size-large is-style-default\"><a href=\"https:\/\/altisk-karcag.hu\/wp-content\/uploads\/2025\/04\/01-5.jpg\"><img decoding=\"async\" loading=\"lazy\" width=\"1024\" height=\"576\" data-id=\"3585\" src=\"https:\/\/altisk-karcag.hu\/wp-content\/uploads\/2025\/04\/01-5-1024x576.jpg\" alt=\"\" class=\"wp-image-3585\" srcset=\"https:\/\/altisk-karcag.hu\/wp-content\/uploads\/2025\/04\/01-5-1024x576.jpg 1024w, https:\/\/altisk-karcag.hu\/wp-content\/uploads\/2025\/04\/01-5-300x169.jpg 300w, https:\/\/altisk-karcag.hu\/wp-content\/uploads\/2025\/04\/01-5-768x432.jpg 768w, https:\/\/altisk-karcag.hu\/wp-content\/uploads\/2025\/04\/01-5-1536x864.jpg 1536w, https:\/\/altisk-karcag.hu\/wp-content\/uploads\/2025\/04\/01-5-622x350.jpg 622w, https:\/\/altisk-karcag.hu\/wp-content\/uploads\/2025\/04\/01-5.jpg 2048w\" sizes=\"(max-width: 1024px) 100vw, 1024px\" \/><\/a><\/figure>\n<\/figure>\n","protected":false},"excerpt":{"rendered":"<p>2025. m\u00e1rcius 24-\u00e9n kezd\u0151d\u00f6tt a jubileumi 10. Digit\u00e1lis T\u00e9mah\u00e9t Magyarorsz\u00e1g legnagyobb digit\u00e1lis pedag\u00f3giai esem\u00e9nye. Int\u00e9zm\u00e9ny\u00fcnkben 2. \u00e9vfolyamt\u00f3l 8. \u00e9vfolyamig k\u00fcl\u00f6nb\u00f6z\u0151 projekteket val\u00f3s\u00edtottunk meg. A 2. oszt\u00e1lyban a Quiver applik\u00e1c\u00f3t haszn\u00e1lva sz\u00edneztek a gyerekek, azut\u00e1n \u00e9letre keltett\u00fck a 3D-s r\u00f6pk\u00f6d\u0151 pillang\u00f3t \u00e9s megfigyelhett\u00fck, hogyan lesz a pet\u00e9b\u0151l herny\u00f3, b\u00e1b, lepke. A &hellip;<\/p>\n","protected":false},"author":1,"featured_media":3585,"comment_status":"closed","ping_status":"closed","sticky":false,"template":"","format":"standard","meta":{"footnotes":""},"categories":[9,10],"tags":[],"_links":{"self":[{"href":"https:\/\/altisk-karcag.hu\/index.php?rest_route=\/wp\/v2\/posts\/3584"}],"collection":[{"href":"https:\/\/altisk-karcag.hu\/index.php?rest_route=\/wp\/v2\/posts"}],"about":[{"href":"https:\/\/altisk-karcag.hu\/index.php?rest_route=\/wp\/v2\/types\/post"}],"author":[{"embeddable":true,"href":"https:\/\/altisk-karcag.hu\/index.php?rest_route=\/wp\/v2\/users\/1"}],"replies":[{"embeddable":true,"href":"https:\/\/altisk-karcag.hu\/index.php?rest_route=%2Fwp%2Fv2%2Fcomments&post=3584"}],"version-history":[{"count":1,"href":"https:\/\/altisk-karcag.hu\/index.php?rest_route=\/wp\/v2\/posts\/3584\/revisions"}],"predecessor-version":[{"id":3593,"href":"https:\/\/altisk-karcag.hu\/index.php?rest_route=\/wp\/v2\/posts\/3584\/revisions\/3593"}],"wp:featuredmedia":[{"embeddable":true,"href":"https:\/\/altisk-karcag.hu\/index.php?rest_route=\/wp\/v2\/media\/3585"}],"wp:attachment":[{"href":"https:\/\/altisk-karcag.hu\/index.php?rest_route=%2Fwp%2Fv2%2Fmedia&parent=3584"}],"wp:term":[{"taxonomy":"category","embeddable":true,"href":"https:\/\/altisk-karcag.hu\/index.php?rest_route=%2Fwp%2Fv2%2Fcategories&post=3584"},{"taxonomy":"post_tag","embeddable":true,"href":"https:\/\/altisk-karcag.hu\/index.php?rest_route=%2Fwp%2Fv2%2Ftags&post=3584"}],"curies":[{"name":"wp","href":"https:\/\/api.w.org\/{rel}","templated":true}]}}