{"id":3565,"date":"2025-04-01T07:09:48","date_gmt":"2025-04-01T07:09:48","guid":{"rendered":"https:\/\/altisk-karcag.hu\/?p=3565"},"modified":"2025-04-10T07:12:46","modified_gmt":"2025-04-10T07:12:46","slug":"elj-egeszsegesen-csaladi-nap-2025-marcius-28","status":"publish","type":"post","link":"https:\/\/altisk-karcag.hu\/?p=3565","title":{"rendered":"\u201e \u00c9lj eg\u00e9szs\u00e9gesen!\u201d Csal\u00e1di nap 2025. m\u00e1rcius 28."},"content":{"rendered":"\n<p>Iskol\u00e1nkban ism\u00e9t csal\u00e1di nap megrendez\u00e9s\u00e9re ker\u00fclt sor az eg\u00e9szs\u00e9ges \u00e9let jegy\u00e9ben.<br>Ezen a d\u00e9lut\u00e1non mind a gyerekek, mind a sz\u00fcl\u0151k j\u00f3 hangulatban t\u00f6lthett\u00e9k el a rendelkez\u00e9sre \u00e1ll\u00f3 n\u00e9h\u00e1ny \u00f3r\u00e1t. Az als\u00f3s gyerekek j\u00e1t\u00e9kos feladatokat, keresztrejtv\u00e9nyeket, sz\u00ednez\u0151ket oldhattak meg. Minden oszt\u00e1ly kreat\u00edv plak\u00e1tot k\u00e9sz\u00edtett az eg\u00e9szs\u00e9gr\u0151l.<br>A fels\u0151s tanul\u00f3ink a sz\u00fcl\u0151kkel egy\u00fctt n\u00e9gy \u00e1llom\u00e1son el\u0151ad\u00e1sokat \u00e9s bemutat\u00f3kat n\u00e9zhettek, illetve hallgathattak meg az al\u00e1bbi t\u00e9m\u00e1kban:<br>Az els\u0151 \u00e1llom\u00e1son Zagyv\u00e1n\u00e9 Egri T\u00fcnde \u00e9s Kov\u00e1csn\u00e9 Farkas Em\u00edlia v\u00e9d\u0151n\u0151k k\u00e9t hallgat\u00f3juk k\u00eds\u00e9ret\u00e9ben tart\u00e1sjav\u00edt\u00f3 gyakorlatokat \u00e9s sebk\u00f6t\u00f6z\u00e9st mutattak be. Ezeket a gyakorlatokat a gyerekek is kipr\u00f3b\u00e1lhatt\u00e1k. Valamint lehet\u0151s\u00e9g volt sebimit\u00e1ci\u00f3 megtekint\u00e9s\u00e9re is.<br>A m\u00e1sodik \u00e1llom\u00e1son Csehn\u00e9 J\u00e1mbor Brigitta b\u0171nmegel\u0151z\u00e9si el\u0151ad\u00f3 a drog vesz\u00e9lyeire h\u00edvta fel a gyerekek figyelm\u00e9t.<br>A harmadik \u00e1llom\u00e1son Kocsis Vikt\u00f3ria a j\u00f3ga rejtelmeibe avatta be a tanul\u00f3inkat. Valamint ugyan ezen az \u00e1llom\u00e1son k\u00e9t \u00fcgyess\u00e9gi p\u00e1ly\u00e1n megismerkedhettek a mozg\u00e1skorl\u00e1tozottak \u00e9s a vakok \u00e9let\u00e9vel is.<br>Az utols\u00f3 \u00e1llom\u00e1son Kov\u00e1cs Norbert ment\u0151\u00e1pol\u00f3 az \u00fajra\u00e9leszt\u00e9st mutatta be az ambubab\u00e1n, amit szint\u00e9n minden r\u00e9sztvev\u0151 kipr\u00f3b\u00e1lhatott.<br>A vid\u00e1m hangulat\u00fa d\u00e9lut\u00e1nt finom gy\u00fcm\u00f6lcs \u00e9s z\u00f6lds\u00e9g sal\u00e1ta elfogyaszt\u00e1s\u00e1val z\u00e1rtuk.<br>K\u00f6sz\u00f6nj\u00fck az el\u0151ad\u00f3knak a sz\u00ednes, \u00e9rdekes bemutat\u00f3kat! A k\u00e9pek is a j\u00f3 hangulatot t\u00fckr\u00f6zik!<\/p>\n\n\n\n<figure class=\"wp-block-gallery has-nested-images columns-default is-cropped wp-block-gallery-1 is-layout-flex wp-block-gallery-is-layout-flex\">\n<figure class=\"wp-block-image size-large is-style-default\"><a href=\"https:\/\/altisk-karcag.hu\/wp-content\/uploads\/2025\/04\/10-1.jpg\"><img decoding=\"async\" loading=\"lazy\" width=\"771\" height=\"1024\" data-id=\"3575\" src=\"https:\/\/altisk-karcag.hu\/wp-content\/uploads\/2025\/04\/10-1-771x1024.jpg\" alt=\"\" class=\"wp-image-3575\" srcset=\"https:\/\/altisk-karcag.hu\/wp-content\/uploads\/2025\/04\/10-1-771x1024.jpg 771w, https:\/\/altisk-karcag.hu\/wp-content\/uploads\/2025\/04\/10-1-226x300.jpg 226w, https:\/\/altisk-karcag.hu\/wp-content\/uploads\/2025\/04\/10-1-768x1020.jpg 768w, https:\/\/altisk-karcag.hu\/wp-content\/uploads\/2025\/04\/10-1-1157x1536.jpg 1157w, https:\/\/altisk-karcag.hu\/wp-content\/uploads\/2025\/04\/10-1-264x350.jpg 264w, https:\/\/altisk-karcag.hu\/wp-content\/uploads\/2025\/04\/10-1.jpg 1542w\" sizes=\"(max-width: 771px) 100vw, 771px\" \/><\/a><\/figure>\n\n\n\n<figure class=\"wp-block-image size-large is-style-default\"><a href=\"https:\/\/altisk-karcag.hu\/wp-content\/uploads\/2025\/04\/09-1.jpg\"><img decoding=\"async\" loading=\"lazy\" width=\"1024\" height=\"576\" data-id=\"3566\" src=\"https:\/\/altisk-karcag.hu\/wp-content\/uploads\/2025\/04\/09-1-1024x576.jpg\" alt=\"\" class=\"wp-image-3566\" srcset=\"https:\/\/altisk-karcag.hu\/wp-content\/uploads\/2025\/04\/09-1-1024x576.jpg 1024w, https:\/\/altisk-karcag.hu\/wp-content\/uploads\/2025\/04\/09-1-300x169.jpg 300w, https:\/\/altisk-karcag.hu\/wp-content\/uploads\/2025\/04\/09-1-768x432.jpg 768w, https:\/\/altisk-karcag.hu\/wp-content\/uploads\/2025\/04\/09-1-622x350.jpg 622w, https:\/\/altisk-karcag.hu\/wp-content\/uploads\/2025\/04\/09-1.jpg 1080w\" sizes=\"(max-width: 1024px) 100vw, 1024px\" \/><\/a><\/figure>\n\n\n\n<figure class=\"wp-block-image size-large is-style-default\"><a href=\"https:\/\/altisk-karcag.hu\/wp-content\/uploads\/2025\/04\/08-1.jpg\"><img decoding=\"async\" loading=\"lazy\" width=\"1024\" height=\"576\" data-id=\"3569\" src=\"https:\/\/altisk-karcag.hu\/wp-content\/uploads\/2025\/04\/08-1-1024x576.jpg\" alt=\"\" class=\"wp-image-3569\" srcset=\"https:\/\/altisk-karcag.hu\/wp-content\/uploads\/2025\/04\/08-1-1024x576.jpg 1024w, https:\/\/altisk-karcag.hu\/wp-content\/uploads\/2025\/04\/08-1-300x169.jpg 300w, https:\/\/altisk-karcag.hu\/wp-content\/uploads\/2025\/04\/08-1-768x432.jpg 768w, https:\/\/altisk-karcag.hu\/wp-content\/uploads\/2025\/04\/08-1-622x350.jpg 622w, https:\/\/altisk-karcag.hu\/wp-content\/uploads\/2025\/04\/08-1.jpg 1080w\" sizes=\"(max-width: 1024px) 100vw, 1024px\" \/><\/a><\/figure>\n\n\n\n<figure class=\"wp-block-image size-large is-style-default\"><a href=\"https:\/\/altisk-karcag.hu\/wp-content\/uploads\/2025\/04\/07-2.jpg\"><img decoding=\"async\" loading=\"lazy\" width=\"1024\" height=\"768\" data-id=\"3573\" src=\"https:\/\/altisk-karcag.hu\/wp-content\/uploads\/2025\/04\/07-2-1024x768.jpg\" alt=\"\" class=\"wp-image-3573\" srcset=\"https:\/\/altisk-karcag.hu\/wp-content\/uploads\/2025\/04\/07-2-1024x768.jpg 1024w, https:\/\/altisk-karcag.hu\/wp-content\/uploads\/2025\/04\/07-2-300x225.jpg 300w, https:\/\/altisk-karcag.hu\/wp-content\/uploads\/2025\/04\/07-2-768x576.jpg 768w, https:\/\/altisk-karcag.hu\/wp-content\/uploads\/2025\/04\/07-2-467x350.jpg 467w, https:\/\/altisk-karcag.hu\/wp-content\/uploads\/2025\/04\/07-2.jpg 1080w\" sizes=\"(max-width: 1024px) 100vw, 1024px\" \/><\/a><\/figure>\n\n\n\n<figure class=\"wp-block-image size-large is-style-default\"><a href=\"https:\/\/altisk-karcag.hu\/wp-content\/uploads\/2025\/04\/06-2.jpg\"><img decoding=\"async\" loading=\"lazy\" width=\"1024\" height=\"768\" data-id=\"3567\" src=\"https:\/\/altisk-karcag.hu\/wp-content\/uploads\/2025\/04\/06-2-1024x768.jpg\" alt=\"\" class=\"wp-image-3567\" srcset=\"https:\/\/altisk-karcag.hu\/wp-content\/uploads\/2025\/04\/06-2-1024x768.jpg 1024w, https:\/\/altisk-karcag.hu\/wp-content\/uploads\/2025\/04\/06-2-300x225.jpg 300w, https:\/\/altisk-karcag.hu\/wp-content\/uploads\/2025\/04\/06-2-768x576.jpg 768w, https:\/\/altisk-karcag.hu\/wp-content\/uploads\/2025\/04\/06-2-467x350.jpg 467w, https:\/\/altisk-karcag.hu\/wp-content\/uploads\/2025\/04\/06-2.jpg 1080w\" sizes=\"(max-width: 1024px) 100vw, 1024px\" \/><\/a><\/figure>\n\n\n\n<figure class=\"wp-block-image size-large is-style-default\"><a href=\"https:\/\/altisk-karcag.hu\/wp-content\/uploads\/2025\/04\/05-3.jpg\"><img decoding=\"async\" loading=\"lazy\" width=\"1024\" height=\"768\" data-id=\"3570\" src=\"https:\/\/altisk-karcag.hu\/wp-content\/uploads\/2025\/04\/05-3-1024x768.jpg\" alt=\"\" class=\"wp-image-3570\" srcset=\"https:\/\/altisk-karcag.hu\/wp-content\/uploads\/2025\/04\/05-3-1024x768.jpg 1024w, https:\/\/altisk-karcag.hu\/wp-content\/uploads\/2025\/04\/05-3-300x225.jpg 300w, https:\/\/altisk-karcag.hu\/wp-content\/uploads\/2025\/04\/05-3-768x576.jpg 768w, https:\/\/altisk-karcag.hu\/wp-content\/uploads\/2025\/04\/05-3-467x350.jpg 467w, https:\/\/altisk-karcag.hu\/wp-content\/uploads\/2025\/04\/05-3.jpg 1080w\" sizes=\"(max-width: 1024px) 100vw, 1024px\" \/><\/a><\/figure>\n\n\n\n<figure class=\"wp-block-image size-large is-style-default\"><a href=\"https:\/\/altisk-karcag.hu\/wp-content\/uploads\/2025\/04\/04-3.jpg\"><img decoding=\"async\" loading=\"lazy\" width=\"1024\" height=\"768\" data-id=\"3571\" src=\"https:\/\/altisk-karcag.hu\/wp-content\/uploads\/2025\/04\/04-3-1024x768.jpg\" alt=\"\" class=\"wp-image-3571\" srcset=\"https:\/\/altisk-karcag.hu\/wp-content\/uploads\/2025\/04\/04-3-1024x768.jpg 1024w, https:\/\/altisk-karcag.hu\/wp-content\/uploads\/2025\/04\/04-3-300x225.jpg 300w, https:\/\/altisk-karcag.hu\/wp-content\/uploads\/2025\/04\/04-3-768x576.jpg 768w, https:\/\/altisk-karcag.hu\/wp-content\/uploads\/2025\/04\/04-3-467x350.jpg 467w, https:\/\/altisk-karcag.hu\/wp-content\/uploads\/2025\/04\/04-3.jpg 1080w\" sizes=\"(max-width: 1024px) 100vw, 1024px\" \/><\/a><\/figure>\n\n\n\n<figure class=\"wp-block-image size-large is-style-default\"><a href=\"https:\/\/altisk-karcag.hu\/wp-content\/uploads\/2025\/04\/03-3.jpg\"><img decoding=\"async\" loading=\"lazy\" width=\"1024\" height=\"768\" data-id=\"3568\" src=\"https:\/\/altisk-karcag.hu\/wp-content\/uploads\/2025\/04\/03-3-1024x768.jpg\" alt=\"\" class=\"wp-image-3568\" srcset=\"https:\/\/altisk-karcag.hu\/wp-content\/uploads\/2025\/04\/03-3-1024x768.jpg 1024w, https:\/\/altisk-karcag.hu\/wp-content\/uploads\/2025\/04\/03-3-300x225.jpg 300w, https:\/\/altisk-karcag.hu\/wp-content\/uploads\/2025\/04\/03-3-768x576.jpg 768w, https:\/\/altisk-karcag.hu\/wp-content\/uploads\/2025\/04\/03-3-467x350.jpg 467w, https:\/\/altisk-karcag.hu\/wp-content\/uploads\/2025\/04\/03-3.jpg 1080w\" sizes=\"(max-width: 1024px) 100vw, 1024px\" \/><\/a><\/figure>\n\n\n\n<figure class=\"wp-block-image size-large is-style-default\"><a href=\"https:\/\/altisk-karcag.hu\/wp-content\/uploads\/2025\/04\/02-3.jpg\"><img decoding=\"async\" loading=\"lazy\" width=\"1024\" height=\"768\" data-id=\"3572\" src=\"https:\/\/altisk-karcag.hu\/wp-content\/uploads\/2025\/04\/02-3-1024x768.jpg\" alt=\"\" class=\"wp-image-3572\" srcset=\"https:\/\/altisk-karcag.hu\/wp-content\/uploads\/2025\/04\/02-3-1024x768.jpg 1024w, https:\/\/altisk-karcag.hu\/wp-content\/uploads\/2025\/04\/02-3-300x225.jpg 300w, https:\/\/altisk-karcag.hu\/wp-content\/uploads\/2025\/04\/02-3-768x576.jpg 768w, https:\/\/altisk-karcag.hu\/wp-content\/uploads\/2025\/04\/02-3-467x350.jpg 467w, https:\/\/altisk-karcag.hu\/wp-content\/uploads\/2025\/04\/02-3.jpg 1080w\" sizes=\"(max-width: 1024px) 100vw, 1024px\" \/><\/a><\/figure>\n\n\n\n<figure class=\"wp-block-image size-large is-style-default\"><a href=\"https:\/\/altisk-karcag.hu\/wp-content\/uploads\/2025\/04\/01-3.jpg\"><img decoding=\"async\" loading=\"lazy\" width=\"1024\" height=\"527\" data-id=\"3574\" src=\"https:\/\/altisk-karcag.hu\/wp-content\/uploads\/2025\/04\/01-3-1024x527.jpg\" alt=\"\" class=\"wp-image-3574\" srcset=\"https:\/\/altisk-karcag.hu\/wp-content\/uploads\/2025\/04\/01-3-1024x527.jpg 1024w, https:\/\/altisk-karcag.hu\/wp-content\/uploads\/2025\/04\/01-3-300x154.jpg 300w, https:\/\/altisk-karcag.hu\/wp-content\/uploads\/2025\/04\/01-3-768x395.jpg 768w, https:\/\/altisk-karcag.hu\/wp-content\/uploads\/2025\/04\/01-3-1536x790.jpg 1536w, https:\/\/altisk-karcag.hu\/wp-content\/uploads\/2025\/04\/01-3-681x350.jpg 681w, https:\/\/altisk-karcag.hu\/wp-content\/uploads\/2025\/04\/01-3.jpg 2048w\" sizes=\"(max-width: 1024px) 100vw, 1024px\" \/><\/a><\/figure>\n<\/figure>\n","protected":false},"excerpt":{"rendered":"<p>Iskol\u00e1nkban ism\u00e9t csal\u00e1di nap megrendez\u00e9s\u00e9re ker\u00fclt sor az eg\u00e9szs\u00e9ges \u00e9let jegy\u00e9ben.Ezen a d\u00e9lut\u00e1non mind a gyerekek, mind a sz\u00fcl\u0151k j\u00f3 hangulatban t\u00f6lthett\u00e9k el a rendelkez\u00e9sre \u00e1ll\u00f3 n\u00e9h\u00e1ny \u00f3r\u00e1t. Az als\u00f3s gyerekek j\u00e1t\u00e9kos feladatokat, keresztrejtv\u00e9nyeket, sz\u00ednez\u0151ket oldhattak meg. Minden oszt\u00e1ly kreat\u00edv plak\u00e1tot k\u00e9sz\u00edtett az eg\u00e9szs\u00e9gr\u0151l.A fels\u0151s tanul\u00f3ink a sz\u00fcl\u0151kkel egy\u00fctt n\u00e9gy &hellip;<\/p>\n","protected":false},"author":1,"featured_media":3571,"comment_status":"closed","ping_status":"closed","sticky":false,"template":"","format":"standard","meta":{"footnotes":""},"categories":[9,10],"tags":[],"_links":{"self":[{"href":"https:\/\/altisk-karcag.hu\/index.php?rest_route=\/wp\/v2\/posts\/3565"}],"collection":[{"href":"https:\/\/altisk-karcag.hu\/index.php?rest_route=\/wp\/v2\/posts"}],"about":[{"href":"https:\/\/altisk-karcag.hu\/index.php?rest_route=\/wp\/v2\/types\/post"}],"author":[{"embeddable":true,"href":"https:\/\/altisk-karcag.hu\/index.php?rest_route=\/wp\/v2\/users\/1"}],"replies":[{"embeddable":true,"href":"https:\/\/altisk-karcag.hu\/index.php?rest_route=%2Fwp%2Fv2%2Fcomments&post=3565"}],"version-history":[{"count":1,"href":"https:\/\/altisk-karcag.hu\/index.php?rest_route=\/wp\/v2\/posts\/3565\/revisions"}],"predecessor-version":[{"id":3576,"href":"https:\/\/altisk-karcag.hu\/index.php?rest_route=\/wp\/v2\/posts\/3565\/revisions\/3576"}],"wp:featuredmedia":[{"embeddable":true,"href":"https:\/\/altisk-karcag.hu\/index.php?rest_route=\/wp\/v2\/media\/3571"}],"wp:attachment":[{"href":"https:\/\/altisk-karcag.hu\/index.php?rest_route=%2Fwp%2Fv2%2Fmedia&parent=3565"}],"wp:term":[{"taxonomy":"category","embeddable":true,"href":"https:\/\/altisk-karcag.hu\/index.php?rest_route=%2Fwp%2Fv2%2Fcategories&post=3565"},{"taxonomy":"post_tag","embeddable":true,"href":"https:\/\/altisk-karcag.hu\/index.php?rest_route=%2Fwp%2Fv2%2Ftags&post=3565"}],"curies":[{"name":"wp","href":"https:\/\/api.w.org\/{rel}","templated":true}]}}