{"id":3529,"date":"2025-04-02T10:58:08","date_gmt":"2025-04-02T10:58:08","guid":{"rendered":"https:\/\/altisk-karcag.hu\/?p=3529"},"modified":"2025-04-02T10:58:36","modified_gmt":"2025-04-02T10:58:36","slug":"leendo-elsosok-latogatasa","status":"publish","type":"post","link":"https:\/\/altisk-karcag.hu\/?p=3529","title":{"rendered":"Leend\u0151 els\u0151s\u00f6k l\u00e1togat\u00e1sa"},"content":{"rendered":"\n<p>2025. \u00e1prilis 1-j\u00e9n iskol\u00e1nkba meg\u00e9rkeztek azok a leend\u0151 els\u0151 oszt\u00e1lyos gyermekek, akik a k\u00f6vetkez\u0151 tan\u00e9vben iskol\u00e1nkba szeretn\u00e9nek beiratkozni \u00e9s sz\u00fcleik. A sz\u00fcl\u0151ket Ujv\u00e1rosin\u00e9 Hanuszka Katalin tan\u00edt\u00f3n\u0151 fogadta \u00e9s felk\u00eds\u00e9rte \u0151ket a 4. b oszt\u00e1ly tanterm\u00e9be, ahol bemutatta iskol\u00e1nkat egy ppt seg\u00edts\u00e9g\u00e9vel. A sz\u00fcl\u0151k megismerkedhettek iskol\u00e1nkkal, az itt foly\u00f3 nevel\u00e9ssel-oktat\u00e1ssal \u00e9s a pedag\u00f3gusokkal. Ujv\u00e1rosin\u00e9 Kata seg\u00edt\u0151je<br>Varg\u00e1n\u00e9 T\u00f6r\u0151csik \u00c1gnes volt ezen a d\u00e9lut\u00e1non. K\u00f6zben a gyermekeket h\u00e1rom helysz\u00ednen fogadt\u00e1k a pedag\u00f3gusok. Ger\u00e9b Be\u00e1ta testnevel\u0151 a<br>tornateremben sorversennyel fogadta a kicsiket. A feladatok lebonyol\u00edt\u00e1s\u00e1ban K\u00e1poszt\u00e1si N\u00f3ra seg\u00edts\u00e9g\u00e9re sz\u00e1m\u00edthatott. A tornaterem m\u00e1sik fel\u00e9ben T\u00f3thn\u00e9 Sz\u0171cs Judit tan\u00edt\u00f3 n\u00e9ni aerobikozott a gyermekekkel, \u00e9s k\u00f6z\u00f6s j\u00e1t\u00e9kokat is szervezett nekik. A harmadik helysz\u00edn iskol\u00e1nk aul\u00e1ja volt, ahol Bacs\u00f3 Andrea R\u00f3zsa tan\u00e1rn\u0151, S\u00e1nta \u00c1gnes Gabriella, Pardi Anik\u00f3, Szab\u00f3n\u00e9 Sebesty\u00e9n Erika \u00e9s Urb\u00e1n S\u00e1ndorn\u00e9 tan\u00edt\u00f3 n\u00e9nik, valamint iskol\u00e1nk k\u00f6nyvt\u00e1rosa, Lengyel \u00c9va festette a kicsik arcocsk\u00e1it. A gyerekek \u00e9s sz\u00fcleik egy vid\u00e1m \u00f3r\u00e1t t\u00f6lt\u00f6ttek iskol\u00e1nkban, \u00e9s k\u00f6zben megismerhett\u00e9k az itt<br>dolgoz\u00f3 pedag\u00f3gusokat. A programok v\u00e9g\u00e9n egy csokitoj\u00e1st is kaptak aj\u00e1nd\u00e9kba, amelyet Patk\u00f3n\u00e9 Erdei Judit tan\u00edt\u00f3 n\u00e9ni adott \u00e1t nekik.<br>A program szervez\u0151je, T\u00f3thn\u00e9 Sz\u0171cs Judit, aki az OV-IS Munkak\u00f6z\u00f6ss\u00e9g vezet\u0151je, k\u00f6sz\u00f6ni a lebonyol\u00edt\u00e1sban r\u00e9szt vev\u0151k seg\u00edts\u00e9g\u00e9t.<\/p>\n\n\n\n<figure class=\"wp-block-gallery has-nested-images columns-default is-cropped wp-block-gallery-1 is-layout-flex wp-block-gallery-is-layout-flex\">\n<figure class=\"wp-block-image size-large is-style-default\"><img decoding=\"async\" loading=\"lazy\" width=\"1024\" height=\"683\" data-id=\"3534\" src=\"https:\/\/altisk-karcag.hu\/wp-content\/uploads\/2025\/04\/07-1024x683.jpg\" alt=\"\" class=\"wp-image-3534\" srcset=\"https:\/\/altisk-karcag.hu\/wp-content\/uploads\/2025\/04\/07-1024x683.jpg 1024w, https:\/\/altisk-karcag.hu\/wp-content\/uploads\/2025\/04\/07-300x200.jpg 300w, https:\/\/altisk-karcag.hu\/wp-content\/uploads\/2025\/04\/07-768x512.jpg 768w, https:\/\/altisk-karcag.hu\/wp-content\/uploads\/2025\/04\/07-1536x1024.jpg 1536w, https:\/\/altisk-karcag.hu\/wp-content\/uploads\/2025\/04\/07-525x350.jpg 525w, https:\/\/altisk-karcag.hu\/wp-content\/uploads\/2025\/04\/07.jpg 2048w\" sizes=\"(max-width: 1024px) 100vw, 1024px\" \/><\/figure>\n\n\n\n<figure class=\"wp-block-image size-large is-style-default\"><img decoding=\"async\" loading=\"lazy\" width=\"1024\" height=\"683\" data-id=\"3536\" src=\"https:\/\/altisk-karcag.hu\/wp-content\/uploads\/2025\/04\/06-1024x683.jpg\" alt=\"\" class=\"wp-image-3536\" srcset=\"https:\/\/altisk-karcag.hu\/wp-content\/uploads\/2025\/04\/06-1024x683.jpg 1024w, https:\/\/altisk-karcag.hu\/wp-content\/uploads\/2025\/04\/06-300x200.jpg 300w, https:\/\/altisk-karcag.hu\/wp-content\/uploads\/2025\/04\/06-768x512.jpg 768w, https:\/\/altisk-karcag.hu\/wp-content\/uploads\/2025\/04\/06-1536x1024.jpg 1536w, https:\/\/altisk-karcag.hu\/wp-content\/uploads\/2025\/04\/06-525x350.jpg 525w, https:\/\/altisk-karcag.hu\/wp-content\/uploads\/2025\/04\/06.jpg 2048w\" sizes=\"(max-width: 1024px) 100vw, 1024px\" \/><\/figure>\n\n\n\n<figure class=\"wp-block-image size-large is-style-default\"><img decoding=\"async\" loading=\"lazy\" width=\"1024\" height=\"683\" data-id=\"3533\" src=\"https:\/\/altisk-karcag.hu\/wp-content\/uploads\/2025\/04\/05-1024x683.jpg\" alt=\"\" class=\"wp-image-3533\" srcset=\"https:\/\/altisk-karcag.hu\/wp-content\/uploads\/2025\/04\/05-1024x683.jpg 1024w, https:\/\/altisk-karcag.hu\/wp-content\/uploads\/2025\/04\/05-300x200.jpg 300w, https:\/\/altisk-karcag.hu\/wp-content\/uploads\/2025\/04\/05-768x512.jpg 768w, https:\/\/altisk-karcag.hu\/wp-content\/uploads\/2025\/04\/05-1536x1024.jpg 1536w, https:\/\/altisk-karcag.hu\/wp-content\/uploads\/2025\/04\/05-525x350.jpg 525w, https:\/\/altisk-karcag.hu\/wp-content\/uploads\/2025\/04\/05.jpg 2048w\" sizes=\"(max-width: 1024px) 100vw, 1024px\" \/><\/figure>\n\n\n\n<figure class=\"wp-block-image size-large is-style-default\"><img decoding=\"async\" loading=\"lazy\" width=\"1024\" height=\"683\" data-id=\"3530\" src=\"https:\/\/altisk-karcag.hu\/wp-content\/uploads\/2025\/04\/04-1024x683.jpg\" alt=\"\" class=\"wp-image-3530\" srcset=\"https:\/\/altisk-karcag.hu\/wp-content\/uploads\/2025\/04\/04-1024x683.jpg 1024w, https:\/\/altisk-karcag.hu\/wp-content\/uploads\/2025\/04\/04-300x200.jpg 300w, https:\/\/altisk-karcag.hu\/wp-content\/uploads\/2025\/04\/04-768x512.jpg 768w, https:\/\/altisk-karcag.hu\/wp-content\/uploads\/2025\/04\/04-1536x1024.jpg 1536w, https:\/\/altisk-karcag.hu\/wp-content\/uploads\/2025\/04\/04-525x350.jpg 525w, https:\/\/altisk-karcag.hu\/wp-content\/uploads\/2025\/04\/04.jpg 2048w\" sizes=\"(max-width: 1024px) 100vw, 1024px\" \/><\/figure>\n\n\n\n<figure class=\"wp-block-image size-large is-style-default\"><img decoding=\"async\" loading=\"lazy\" width=\"1024\" height=\"683\" data-id=\"3532\" src=\"https:\/\/altisk-karcag.hu\/wp-content\/uploads\/2025\/04\/03-1024x683.jpg\" alt=\"\" class=\"wp-image-3532\" srcset=\"https:\/\/altisk-karcag.hu\/wp-content\/uploads\/2025\/04\/03-1024x683.jpg 1024w, https:\/\/altisk-karcag.hu\/wp-content\/uploads\/2025\/04\/03-300x200.jpg 300w, https:\/\/altisk-karcag.hu\/wp-content\/uploads\/2025\/04\/03-768x512.jpg 768w, https:\/\/altisk-karcag.hu\/wp-content\/uploads\/2025\/04\/03-1536x1024.jpg 1536w, https:\/\/altisk-karcag.hu\/wp-content\/uploads\/2025\/04\/03-525x350.jpg 525w, https:\/\/altisk-karcag.hu\/wp-content\/uploads\/2025\/04\/03.jpg 2048w\" sizes=\"(max-width: 1024px) 100vw, 1024px\" \/><\/figure>\n\n\n\n<figure class=\"wp-block-image size-large is-style-default\"><img decoding=\"async\" loading=\"lazy\" width=\"1024\" height=\"683\" data-id=\"3535\" src=\"https:\/\/altisk-karcag.hu\/wp-content\/uploads\/2025\/04\/02-1024x683.jpg\" alt=\"\" class=\"wp-image-3535\" srcset=\"https:\/\/altisk-karcag.hu\/wp-content\/uploads\/2025\/04\/02-1024x683.jpg 1024w, https:\/\/altisk-karcag.hu\/wp-content\/uploads\/2025\/04\/02-300x200.jpg 300w, https:\/\/altisk-karcag.hu\/wp-content\/uploads\/2025\/04\/02-768x512.jpg 768w, https:\/\/altisk-karcag.hu\/wp-content\/uploads\/2025\/04\/02-1536x1024.jpg 1536w, https:\/\/altisk-karcag.hu\/wp-content\/uploads\/2025\/04\/02-525x350.jpg 525w, https:\/\/altisk-karcag.hu\/wp-content\/uploads\/2025\/04\/02.jpg 2048w\" sizes=\"(max-width: 1024px) 100vw, 1024px\" \/><\/figure>\n\n\n\n<figure class=\"wp-block-image size-large is-style-default\"><img decoding=\"async\" loading=\"lazy\" width=\"1024\" height=\"683\" data-id=\"3531\" src=\"https:\/\/altisk-karcag.hu\/wp-content\/uploads\/2025\/04\/01-1024x683.jpg\" alt=\"\" class=\"wp-image-3531\" srcset=\"https:\/\/altisk-karcag.hu\/wp-content\/uploads\/2025\/04\/01-1024x683.jpg 1024w, https:\/\/altisk-karcag.hu\/wp-content\/uploads\/2025\/04\/01-300x200.jpg 300w, https:\/\/altisk-karcag.hu\/wp-content\/uploads\/2025\/04\/01-768x512.jpg 768w, https:\/\/altisk-karcag.hu\/wp-content\/uploads\/2025\/04\/01-1536x1024.jpg 1536w, https:\/\/altisk-karcag.hu\/wp-content\/uploads\/2025\/04\/01-525x350.jpg 525w, https:\/\/altisk-karcag.hu\/wp-content\/uploads\/2025\/04\/01.jpg 2048w\" sizes=\"(max-width: 1024px) 100vw, 1024px\" \/><\/figure>\n<\/figure>\n","protected":false},"excerpt":{"rendered":"<p>2025. \u00e1prilis 1-j\u00e9n iskol\u00e1nkba meg\u00e9rkeztek azok a leend\u0151 els\u0151 oszt\u00e1lyos gyermekek, akik a k\u00f6vetkez\u0151 tan\u00e9vben iskol\u00e1nkba szeretn\u00e9nek beiratkozni \u00e9s sz\u00fcleik. A sz\u00fcl\u0151ket Ujv\u00e1rosin\u00e9 Hanuszka Katalin tan\u00edt\u00f3n\u0151 fogadta \u00e9s felk\u00eds\u00e9rte \u0151ket a 4. b oszt\u00e1ly tanterm\u00e9be, ahol bemutatta iskol\u00e1nkat egy ppt seg\u00edts\u00e9g\u00e9vel. A sz\u00fcl\u0151k megismerkedhettek iskol\u00e1nkkal, az itt foly\u00f3 nevel\u00e9ssel-oktat\u00e1ssal \u00e9s &hellip;<\/p>\n","protected":false},"author":1,"featured_media":3533,"comment_status":"closed","ping_status":"closed","sticky":false,"template":"","format":"standard","meta":{"footnotes":""},"categories":[9,11],"tags":[],"_links":{"self":[{"href":"https:\/\/altisk-karcag.hu\/index.php?rest_route=\/wp\/v2\/posts\/3529"}],"collection":[{"href":"https:\/\/altisk-karcag.hu\/index.php?rest_route=\/wp\/v2\/posts"}],"about":[{"href":"https:\/\/altisk-karcag.hu\/index.php?rest_route=\/wp\/v2\/types\/post"}],"author":[{"embeddable":true,"href":"https:\/\/altisk-karcag.hu\/index.php?rest_route=\/wp\/v2\/users\/1"}],"replies":[{"embeddable":true,"href":"https:\/\/altisk-karcag.hu\/index.php?rest_route=%2Fwp%2Fv2%2Fcomments&post=3529"}],"version-history":[{"count":1,"href":"https:\/\/altisk-karcag.hu\/index.php?rest_route=\/wp\/v2\/posts\/3529\/revisions"}],"predecessor-version":[{"id":3537,"href":"https:\/\/altisk-karcag.hu\/index.php?rest_route=\/wp\/v2\/posts\/3529\/revisions\/3537"}],"wp:featuredmedia":[{"embeddable":true,"href":"https:\/\/altisk-karcag.hu\/index.php?rest_route=\/wp\/v2\/media\/3533"}],"wp:attachment":[{"href":"https:\/\/altisk-karcag.hu\/index.php?rest_route=%2Fwp%2Fv2%2Fmedia&parent=3529"}],"wp:term":[{"taxonomy":"category","embeddable":true,"href":"https:\/\/altisk-karcag.hu\/index.php?rest_route=%2Fwp%2Fv2%2Fcategories&post=3529"},{"taxonomy":"post_tag","embeddable":true,"href":"https:\/\/altisk-karcag.hu\/index.php?rest_route=%2Fwp%2Fv2%2Ftags&post=3529"}],"curies":[{"name":"wp","href":"https:\/\/api.w.org\/{rel}","templated":true}]}}