{"id":3515,"date":"2025-03-30T15:51:21","date_gmt":"2025-03-30T15:51:21","guid":{"rendered":"https:\/\/altisk-karcag.hu\/?p=3515"},"modified":"2025-03-30T15:51:22","modified_gmt":"2025-03-30T15:51:22","slug":"orszagos-elodontobe-jutott-a-iii-korcsoportos-fiu-kezilabda-csapatunk-is-%f0%9f%8f%86%f0%9f%a4%be%e2%99%82%ef%b8%8f","status":"publish","type":"post","link":"https:\/\/altisk-karcag.hu\/?p=3515","title":{"rendered":"ORSZ\u00c1GOS EL\u0150D\u00d6NT\u0150BE jutott a III.korcsoportos fi\u00fa k\u00e9zilabda csapatunk is!!! \ud83c\udfc6\ud83e\udd3e\u200d\u2642\ufe0f"},"content":{"rendered":"\n<p>2025.03.28-\u00e1n ker\u00fclt megrendez\u00e9sre a III.korcsoportos fi\u00fa k\u00e9zilabda megyei d\u00f6nt\u0151 Szolnokon, ahol Tiszaf\u00f6ldv\u00e1r \u00e9s Szolnok csapatait legy\u0151zve iskol\u00e1nk 1.helyezett lett \u00e9s ezzel kiv\u00edvta a jogot az orsz\u00e1gos el\u0151d\u00f6nt\u0151n val\u00f3 r\u00e9szv\u00e9telre. Gratul\u00e1lunk a csapatnak (Nagy Levente, Gy\u0151ri Krist\u00f3f, Hajnal Zolt\u00e1n, \u00d6kr\u00f6s Levente, Kun Benedek, Szarvas Zente, B\u00e9res M\u00e1t\u00e9, Gy\u00f6rfi Kriszti\u00e1n, Ill\u00e9s-S\u00fct\u0151 Mil\u00e1n, Bukovszki Dominik, Lakatos-T\u00f3th B\u00e9la Benett, Sz\u0151ke L\u00e1szl\u00f3) \u00e9s felk\u00e9sz\u00edt\u0151j\u00e9nek Nagyn\u00e9 S\u00fct\u0151 Mariann tan\u00e1rn\u0151nek!<br>Sz\u00e9p volt fi\u00fak!!! Hajr\u00e1 Kiskulcsos! \ud83d\ude01<\/p>\n\n\n\n<figure class=\"wp-block-gallery has-nested-images columns-default is-cropped wp-block-gallery-1 is-layout-flex wp-block-gallery-is-layout-flex\">\n<figure class=\"wp-block-image size-large is-style-default\"><a href=\"https:\/\/altisk-karcag.hu\/wp-content\/uploads\/2025\/03\/kis01.jpg\"><img decoding=\"async\" loading=\"lazy\" width=\"1024\" height=\"769\" data-id=\"3517\" src=\"https:\/\/altisk-karcag.hu\/wp-content\/uploads\/2025\/03\/kis01-1024x769.jpg\" alt=\"\" class=\"wp-image-3517\" srcset=\"https:\/\/altisk-karcag.hu\/wp-content\/uploads\/2025\/03\/kis01-1024x769.jpg 1024w, https:\/\/altisk-karcag.hu\/wp-content\/uploads\/2025\/03\/kis01-300x225.jpg 300w, https:\/\/altisk-karcag.hu\/wp-content\/uploads\/2025\/03\/kis01-768x576.jpg 768w, https:\/\/altisk-karcag.hu\/wp-content\/uploads\/2025\/03\/kis01-1536x1153.jpg 1536w, https:\/\/altisk-karcag.hu\/wp-content\/uploads\/2025\/03\/kis01-466x350.jpg 466w, https:\/\/altisk-karcag.hu\/wp-content\/uploads\/2025\/03\/kis01.jpg 1724w\" sizes=\"(max-width: 1024px) 100vw, 1024px\" \/><\/a><\/figure>\n\n\n\n<figure class=\"wp-block-image size-large is-style-default\"><a href=\"https:\/\/altisk-karcag.hu\/wp-content\/uploads\/2025\/03\/kis02.jpg\"><img decoding=\"async\" loading=\"lazy\" width=\"768\" height=\"1024\" data-id=\"3516\" src=\"https:\/\/altisk-karcag.hu\/wp-content\/uploads\/2025\/03\/kis02-768x1024.jpg\" alt=\"\" class=\"wp-image-3516\" srcset=\"https:\/\/altisk-karcag.hu\/wp-content\/uploads\/2025\/03\/kis02-768x1024.jpg 768w, https:\/\/altisk-karcag.hu\/wp-content\/uploads\/2025\/03\/kis02-225x300.jpg 225w, https:\/\/altisk-karcag.hu\/wp-content\/uploads\/2025\/03\/kis02-1152x1536.jpg 1152w, https:\/\/altisk-karcag.hu\/wp-content\/uploads\/2025\/03\/kis02-263x350.jpg 263w, https:\/\/altisk-karcag.hu\/wp-content\/uploads\/2025\/03\/kis02.jpg 1536w\" sizes=\"(max-width: 768px) 100vw, 768px\" \/><\/a><\/figure>\n<\/figure>\n","protected":false},"excerpt":{"rendered":"<p>2025.03.28-\u00e1n ker\u00fclt megrendez\u00e9sre a III.korcsoportos fi\u00fa k\u00e9zilabda megyei d\u00f6nt\u0151 Szolnokon, ahol Tiszaf\u00f6ldv\u00e1r \u00e9s Szolnok csapatait legy\u0151zve iskol\u00e1nk 1.helyezett lett \u00e9s ezzel kiv\u00edvta a jogot az orsz\u00e1gos el\u0151d\u00f6nt\u0151n val\u00f3 r\u00e9szv\u00e9telre. Gratul\u00e1lunk a csapatnak (Nagy Levente, Gy\u0151ri Krist\u00f3f, Hajnal Zolt\u00e1n, \u00d6kr\u00f6s Levente, Kun Benedek, Szarvas Zente, B\u00e9res M\u00e1t\u00e9, Gy\u00f6rfi Kriszti\u00e1n, Ill\u00e9s-S\u00fct\u0151 Mil\u00e1n, &hellip;<\/p>\n","protected":false},"author":1,"featured_media":3517,"comment_status":"closed","ping_status":"closed","sticky":false,"template":"","format":"standard","meta":{"footnotes":""},"categories":[9,10],"tags":[],"_links":{"self":[{"href":"https:\/\/altisk-karcag.hu\/index.php?rest_route=\/wp\/v2\/posts\/3515"}],"collection":[{"href":"https:\/\/altisk-karcag.hu\/index.php?rest_route=\/wp\/v2\/posts"}],"about":[{"href":"https:\/\/altisk-karcag.hu\/index.php?rest_route=\/wp\/v2\/types\/post"}],"author":[{"embeddable":true,"href":"https:\/\/altisk-karcag.hu\/index.php?rest_route=\/wp\/v2\/users\/1"}],"replies":[{"embeddable":true,"href":"https:\/\/altisk-karcag.hu\/index.php?rest_route=%2Fwp%2Fv2%2Fcomments&post=3515"}],"version-history":[{"count":1,"href":"https:\/\/altisk-karcag.hu\/index.php?rest_route=\/wp\/v2\/posts\/3515\/revisions"}],"predecessor-version":[{"id":3518,"href":"https:\/\/altisk-karcag.hu\/index.php?rest_route=\/wp\/v2\/posts\/3515\/revisions\/3518"}],"wp:featuredmedia":[{"embeddable":true,"href":"https:\/\/altisk-karcag.hu\/index.php?rest_route=\/wp\/v2\/media\/3517"}],"wp:attachment":[{"href":"https:\/\/altisk-karcag.hu\/index.php?rest_route=%2Fwp%2Fv2%2Fmedia&parent=3515"}],"wp:term":[{"taxonomy":"category","embeddable":true,"href":"https:\/\/altisk-karcag.hu\/index.php?rest_route=%2Fwp%2Fv2%2Fcategories&post=3515"},{"taxonomy":"post_tag","embeddable":true,"href":"https:\/\/altisk-karcag.hu\/index.php?rest_route=%2Fwp%2Fv2%2Ftags&post=3515"}],"curies":[{"name":"wp","href":"https:\/\/api.w.org\/{rel}","templated":true}]}}