{"id":3510,"date":"2025-03-28T13:23:05","date_gmt":"2025-03-28T13:23:05","guid":{"rendered":"https:\/\/altisk-karcag.hu\/?p=3510"},"modified":"2025-03-28T13:23:45","modified_gmt":"2025-03-28T13:23:45","slug":"megyei-3-helyezett-lett-a-iii-korcsoportos-lany-csapat","status":"publish","type":"post","link":"https:\/\/altisk-karcag.hu\/?p=3510","title":{"rendered":"Megyei 3. helyezett lett a III.korcsoportos l\u00e1ny csapat!"},"content":{"rendered":"\n<p>2025.03.28-\u00e1n ker\u00fclt megrendez\u00e9sre T\u00f6r\u00f6kszentmikl\u00f3son III.korcsoportos l\u00e1ny k\u00e9zilabda megyei d\u00f6nt\u0151, ahol iskol\u00e1nk csapata a 3. helyezett lett!<br>Gratul\u00e1lunk a csapatnak (Hars\u00e1nyi Lilien, Balogh Zita, Vincze Anna, L\u00f3r-Kerekes Viola, Sipos Eszter, S\u00e1nta R\u00e9ka, Horv\u00e1th Anna, Lengyel Fanni \u00e9s Farkas Titanilla) \u00e9s felk\u00e9sz\u00edt\u0151j\u00e9nek Jobb\u00e1gy Gerg\u0151 tan\u00e1r \u00farnak!<br>Sz\u00e9p volt l\u00e1nyok!!! Hajr\u00e1 Kiskulcsos!<\/p>\n\n\n\n<figure class=\"wp-block-gallery has-nested-images columns-default is-cropped wp-block-gallery-1 is-layout-flex wp-block-gallery-is-layout-flex\">\n<figure class=\"wp-block-image size-large is-style-default\"><a href=\"https:\/\/altisk-karcag.hu\/wp-content\/uploads\/2025\/03\/0001-1.jpg\"><img decoding=\"async\" loading=\"lazy\" width=\"1024\" height=\"796\" data-id=\"3512\" src=\"https:\/\/altisk-karcag.hu\/wp-content\/uploads\/2025\/03\/0001-1-1024x796.jpg\" alt=\"\" class=\"wp-image-3512\" srcset=\"https:\/\/altisk-karcag.hu\/wp-content\/uploads\/2025\/03\/0001-1-1024x796.jpg 1024w, https:\/\/altisk-karcag.hu\/wp-content\/uploads\/2025\/03\/0001-1-300x233.jpg 300w, https:\/\/altisk-karcag.hu\/wp-content\/uploads\/2025\/03\/0001-1-768x597.jpg 768w, https:\/\/altisk-karcag.hu\/wp-content\/uploads\/2025\/03\/0001-1-450x350.jpg 450w, https:\/\/altisk-karcag.hu\/wp-content\/uploads\/2025\/03\/0001-1.jpg 1495w\" sizes=\"(max-width: 1024px) 100vw, 1024px\" \/><\/a><\/figure>\n\n\n\n<figure class=\"wp-block-image size-large is-style-default\"><a href=\"https:\/\/altisk-karcag.hu\/wp-content\/uploads\/2025\/03\/0002-1.jpg\"><img decoding=\"async\" loading=\"lazy\" width=\"768\" height=\"1024\" data-id=\"3511\" src=\"https:\/\/altisk-karcag.hu\/wp-content\/uploads\/2025\/03\/0002-1-768x1024.jpg\" alt=\"\" class=\"wp-image-3511\" srcset=\"https:\/\/altisk-karcag.hu\/wp-content\/uploads\/2025\/03\/0002-1-768x1024.jpg 768w, https:\/\/altisk-karcag.hu\/wp-content\/uploads\/2025\/03\/0002-1-225x300.jpg 225w, https:\/\/altisk-karcag.hu\/wp-content\/uploads\/2025\/03\/0002-1-1152x1536.jpg 1152w, https:\/\/altisk-karcag.hu\/wp-content\/uploads\/2025\/03\/0002-1-263x350.jpg 263w, https:\/\/altisk-karcag.hu\/wp-content\/uploads\/2025\/03\/0002-1.jpg 1536w\" sizes=\"(max-width: 768px) 100vw, 768px\" \/><\/a><\/figure>\n<\/figure>\n","protected":false},"excerpt":{"rendered":"<p>2025.03.28-\u00e1n ker\u00fclt megrendez\u00e9sre T\u00f6r\u00f6kszentmikl\u00f3son III.korcsoportos l\u00e1ny k\u00e9zilabda megyei d\u00f6nt\u0151, ahol iskol\u00e1nk csapata a 3. helyezett lett!Gratul\u00e1lunk a csapatnak (Hars\u00e1nyi Lilien, Balogh Zita, Vincze Anna, L\u00f3r-Kerekes Viola, Sipos Eszter, S\u00e1nta R\u00e9ka, Horv\u00e1th Anna, Lengyel Fanni \u00e9s Farkas Titanilla) \u00e9s felk\u00e9sz\u00edt\u0151j\u00e9nek Jobb\u00e1gy Gerg\u0151 tan\u00e1r \u00farnak!Sz\u00e9p volt l\u00e1nyok!!! Hajr\u00e1 Kiskulcsos!<\/p>\n","protected":false},"author":1,"featured_media":3512,"comment_status":"closed","ping_status":"closed","sticky":false,"template":"","format":"standard","meta":{"footnotes":""},"categories":[9,10],"tags":[],"_links":{"self":[{"href":"https:\/\/altisk-karcag.hu\/index.php?rest_route=\/wp\/v2\/posts\/3510"}],"collection":[{"href":"https:\/\/altisk-karcag.hu\/index.php?rest_route=\/wp\/v2\/posts"}],"about":[{"href":"https:\/\/altisk-karcag.hu\/index.php?rest_route=\/wp\/v2\/types\/post"}],"author":[{"embeddable":true,"href":"https:\/\/altisk-karcag.hu\/index.php?rest_route=\/wp\/v2\/users\/1"}],"replies":[{"embeddable":true,"href":"https:\/\/altisk-karcag.hu\/index.php?rest_route=%2Fwp%2Fv2%2Fcomments&post=3510"}],"version-history":[{"count":2,"href":"https:\/\/altisk-karcag.hu\/index.php?rest_route=\/wp\/v2\/posts\/3510\/revisions"}],"predecessor-version":[{"id":3514,"href":"https:\/\/altisk-karcag.hu\/index.php?rest_route=\/wp\/v2\/posts\/3510\/revisions\/3514"}],"wp:featuredmedia":[{"embeddable":true,"href":"https:\/\/altisk-karcag.hu\/index.php?rest_route=\/wp\/v2\/media\/3512"}],"wp:attachment":[{"href":"https:\/\/altisk-karcag.hu\/index.php?rest_route=%2Fwp%2Fv2%2Fmedia&parent=3510"}],"wp:term":[{"taxonomy":"category","embeddable":true,"href":"https:\/\/altisk-karcag.hu\/index.php?rest_route=%2Fwp%2Fv2%2Fcategories&post=3510"},{"taxonomy":"post_tag","embeddable":true,"href":"https:\/\/altisk-karcag.hu\/index.php?rest_route=%2Fwp%2Fv2%2Ftags&post=3510"}],"curies":[{"name":"wp","href":"https:\/\/api.w.org\/{rel}","templated":true}]}}