{"id":3499,"date":"2025-03-25T13:12:38","date_gmt":"2025-03-25T13:12:38","guid":{"rendered":"https:\/\/altisk-karcag.hu\/?p=3499"},"modified":"2025-03-25T13:13:08","modified_gmt":"2025-03-25T13:13:08","slug":"varmegyei-elodontobe-jutott-a-3-korcsoportos-focicsapatunk-is-%e2%9a%bd%ef%b8%8f%f0%9f%8f%86","status":"publish","type":"post","link":"https:\/\/altisk-karcag.hu\/?p=3499","title":{"rendered":"V\u00e1rmegyei el\u0151d\u00f6nt\u0151be jutott a 3. korcsoportos focicsapatunk is. \u26bd\ufe0f\ud83c\udfc6"},"content":{"rendered":"\n<p>2025.03.25-\u00e9n ker\u00fclt megrendez\u00e9sre III. korcsoportos labdar\u00fag\u00f3 k\u00f6rzeti d\u00f6nt\u0151, ahol 2.helyez\u00e9st \u00e9rt\u00fcnk el \u00e9s tov\u00e1bbjutottunk a v\u00e1rmegyei el\u0151d\u00f6nt\u0151be.<br>Gratul\u00e1lok a csapatnak \u00e9s felk\u00e9sz\u00edt\u0151j\u00fcknek Jobb\u00e1gy Gerg\u0151 tan\u00e1r \u00farnak.<\/p>\n\n\n\n<figure class=\"wp-block-gallery has-nested-images columns-default is-cropped wp-block-gallery-1 is-layout-flex wp-block-gallery-is-layout-flex\">\n<figure class=\"wp-block-image size-large is-style-default\"><a href=\"https:\/\/altisk-karcag.hu\/wp-content\/uploads\/2025\/03\/001.jpg\"><img decoding=\"async\" loading=\"lazy\" width=\"1024\" height=\"824\" data-id=\"3501\" src=\"https:\/\/altisk-karcag.hu\/wp-content\/uploads\/2025\/03\/001-1024x824.jpg\" alt=\"\" class=\"wp-image-3501\" srcset=\"https:\/\/altisk-karcag.hu\/wp-content\/uploads\/2025\/03\/001-1024x824.jpg 1024w, https:\/\/altisk-karcag.hu\/wp-content\/uploads\/2025\/03\/001-300x241.jpg 300w, https:\/\/altisk-karcag.hu\/wp-content\/uploads\/2025\/03\/001-768x618.jpg 768w, https:\/\/altisk-karcag.hu\/wp-content\/uploads\/2025\/03\/001-1536x1236.jpg 1536w, https:\/\/altisk-karcag.hu\/wp-content\/uploads\/2025\/03\/001-435x350.jpg 435w, https:\/\/altisk-karcag.hu\/wp-content\/uploads\/2025\/03\/001.jpg 2048w\" sizes=\"(max-width: 1024px) 100vw, 1024px\" \/><\/a><\/figure>\n\n\n\n<figure class=\"wp-block-image size-large is-style-default\"><a href=\"https:\/\/altisk-karcag.hu\/wp-content\/uploads\/2025\/03\/002.jpg\"><img decoding=\"async\" loading=\"lazy\" width=\"768\" height=\"1024\" data-id=\"3500\" src=\"https:\/\/altisk-karcag.hu\/wp-content\/uploads\/2025\/03\/002-768x1024.jpg\" alt=\"\" class=\"wp-image-3500\" srcset=\"https:\/\/altisk-karcag.hu\/wp-content\/uploads\/2025\/03\/002-768x1024.jpg 768w, https:\/\/altisk-karcag.hu\/wp-content\/uploads\/2025\/03\/002-225x300.jpg 225w, https:\/\/altisk-karcag.hu\/wp-content\/uploads\/2025\/03\/002-1152x1536.jpg 1152w, https:\/\/altisk-karcag.hu\/wp-content\/uploads\/2025\/03\/002-263x350.jpg 263w, https:\/\/altisk-karcag.hu\/wp-content\/uploads\/2025\/03\/002.jpg 1536w\" sizes=\"(max-width: 768px) 100vw, 768px\" \/><\/a><\/figure>\n<\/figure>\n","protected":false},"excerpt":{"rendered":"<p>2025.03.25-\u00e9n ker\u00fclt megrendez\u00e9sre III. korcsoportos labdar\u00fag\u00f3 k\u00f6rzeti d\u00f6nt\u0151, ahol 2.helyez\u00e9st \u00e9rt\u00fcnk el \u00e9s tov\u00e1bbjutottunk a v\u00e1rmegyei el\u0151d\u00f6nt\u0151be.Gratul\u00e1lok a csapatnak \u00e9s felk\u00e9sz\u00edt\u0151j\u00fcknek Jobb\u00e1gy Gerg\u0151 tan\u00e1r \u00farnak.<\/p>\n","protected":false},"author":1,"featured_media":3501,"comment_status":"closed","ping_status":"closed","sticky":false,"template":"","format":"standard","meta":{"footnotes":""},"categories":[9,10],"tags":[],"_links":{"self":[{"href":"https:\/\/altisk-karcag.hu\/index.php?rest_route=\/wp\/v2\/posts\/3499"}],"collection":[{"href":"https:\/\/altisk-karcag.hu\/index.php?rest_route=\/wp\/v2\/posts"}],"about":[{"href":"https:\/\/altisk-karcag.hu\/index.php?rest_route=\/wp\/v2\/types\/post"}],"author":[{"embeddable":true,"href":"https:\/\/altisk-karcag.hu\/index.php?rest_route=\/wp\/v2\/users\/1"}],"replies":[{"embeddable":true,"href":"https:\/\/altisk-karcag.hu\/index.php?rest_route=%2Fwp%2Fv2%2Fcomments&post=3499"}],"version-history":[{"count":1,"href":"https:\/\/altisk-karcag.hu\/index.php?rest_route=\/wp\/v2\/posts\/3499\/revisions"}],"predecessor-version":[{"id":3502,"href":"https:\/\/altisk-karcag.hu\/index.php?rest_route=\/wp\/v2\/posts\/3499\/revisions\/3502"}],"wp:featuredmedia":[{"embeddable":true,"href":"https:\/\/altisk-karcag.hu\/index.php?rest_route=\/wp\/v2\/media\/3501"}],"wp:attachment":[{"href":"https:\/\/altisk-karcag.hu\/index.php?rest_route=%2Fwp%2Fv2%2Fmedia&parent=3499"}],"wp:term":[{"taxonomy":"category","embeddable":true,"href":"https:\/\/altisk-karcag.hu\/index.php?rest_route=%2Fwp%2Fv2%2Fcategories&post=3499"},{"taxonomy":"post_tag","embeddable":true,"href":"https:\/\/altisk-karcag.hu\/index.php?rest_route=%2Fwp%2Fv2%2Ftags&post=3499"}],"curies":[{"name":"wp","href":"https:\/\/api.w.org\/{rel}","templated":true}]}}