{"id":3495,"date":"2025-03-25T04:24:32","date_gmt":"2025-03-25T04:24:32","guid":{"rendered":"https:\/\/altisk-karcag.hu\/?p=3495"},"modified":"2025-03-25T04:24:33","modified_gmt":"2025-03-25T04:24:33","slug":"korzeti-bajnokkent-varmegyei-elodontobe-jutott-a-labdarugo-csapatunk","status":"publish","type":"post","link":"https:\/\/altisk-karcag.hu\/?p=3495","title":{"rendered":"K\u00f6rzeti Bajnokk\u00e9nt v\u00e1rmegyei el\u0151d\u00f6nt\u0151be jutott a labdar\u00fag\u00f3 csapatunk."},"content":{"rendered":"\n<p>2025.03.24-\u00e9n ker\u00fclt megrendez\u00e9sre IV. korcsoportos labdar\u00fag\u00f3 k\u00f6rzeti d\u00f6nt\u0151, ahol 1.helyez\u00e9st \u00e9rt\u00fcnk el \u00e9s tov\u00e1bbjutottunk a v\u00e1rmegyei el\u0151d\u00f6nt\u0151be.<br>Gratul\u00e1lok a csapatnak \u00e9s felk\u00e9sz\u00edt\u0151j\u00fcknek Jobb\u00e1gy Gerg\u0151 tan\u00e1r \u00farnak.<\/p>\n\n\n\n<figure class=\"wp-block-gallery has-nested-images columns-default is-cropped wp-block-gallery-1 is-layout-flex wp-block-gallery-is-layout-flex\">\n<figure class=\"wp-block-image size-large is-style-default\"><a href=\"https:\/\/altisk-karcag.hu\/wp-content\/uploads\/2025\/03\/kd2.jpg\"><img decoding=\"async\" loading=\"lazy\" width=\"1024\" height=\"723\" data-id=\"3496\" src=\"https:\/\/altisk-karcag.hu\/wp-content\/uploads\/2025\/03\/kd2-1024x723.jpg\" alt=\"\" class=\"wp-image-3496\" srcset=\"https:\/\/altisk-karcag.hu\/wp-content\/uploads\/2025\/03\/kd2-1024x723.jpg 1024w, https:\/\/altisk-karcag.hu\/wp-content\/uploads\/2025\/03\/kd2-300x212.jpg 300w, https:\/\/altisk-karcag.hu\/wp-content\/uploads\/2025\/03\/kd2-768x542.jpg 768w, https:\/\/altisk-karcag.hu\/wp-content\/uploads\/2025\/03\/kd2-1536x1085.jpg 1536w, https:\/\/altisk-karcag.hu\/wp-content\/uploads\/2025\/03\/kd2-496x350.jpg 496w, https:\/\/altisk-karcag.hu\/wp-content\/uploads\/2025\/03\/kd2.jpg 2048w\" sizes=\"(max-width: 1024px) 100vw, 1024px\" \/><\/a><\/figure>\n\n\n\n<figure class=\"wp-block-image size-large is-style-default\"><a href=\"https:\/\/altisk-karcag.hu\/wp-content\/uploads\/2025\/03\/kd1.jpg\"><img decoding=\"async\" loading=\"lazy\" width=\"768\" height=\"1024\" data-id=\"3497\" src=\"https:\/\/altisk-karcag.hu\/wp-content\/uploads\/2025\/03\/kd1-768x1024.jpg\" alt=\"\" class=\"wp-image-3497\" srcset=\"https:\/\/altisk-karcag.hu\/wp-content\/uploads\/2025\/03\/kd1-768x1024.jpg 768w, https:\/\/altisk-karcag.hu\/wp-content\/uploads\/2025\/03\/kd1-225x300.jpg 225w, https:\/\/altisk-karcag.hu\/wp-content\/uploads\/2025\/03\/kd1-1152x1536.jpg 1152w, https:\/\/altisk-karcag.hu\/wp-content\/uploads\/2025\/03\/kd1-263x350.jpg 263w, https:\/\/altisk-karcag.hu\/wp-content\/uploads\/2025\/03\/kd1.jpg 1536w\" sizes=\"(max-width: 768px) 100vw, 768px\" \/><\/a><\/figure>\n<\/figure>\n","protected":false},"excerpt":{"rendered":"<p>2025.03.24-\u00e9n ker\u00fclt megrendez\u00e9sre IV. korcsoportos labdar\u00fag\u00f3 k\u00f6rzeti d\u00f6nt\u0151, ahol 1.helyez\u00e9st \u00e9rt\u00fcnk el \u00e9s tov\u00e1bbjutottunk a v\u00e1rmegyei el\u0151d\u00f6nt\u0151be.Gratul\u00e1lok a csapatnak \u00e9s felk\u00e9sz\u00edt\u0151j\u00fcknek Jobb\u00e1gy Gerg\u0151 tan\u00e1r \u00farnak.<\/p>\n","protected":false},"author":1,"featured_media":3496,"comment_status":"closed","ping_status":"closed","sticky":false,"template":"","format":"standard","meta":{"footnotes":""},"categories":[9,10],"tags":[],"_links":{"self":[{"href":"https:\/\/altisk-karcag.hu\/index.php?rest_route=\/wp\/v2\/posts\/3495"}],"collection":[{"href":"https:\/\/altisk-karcag.hu\/index.php?rest_route=\/wp\/v2\/posts"}],"about":[{"href":"https:\/\/altisk-karcag.hu\/index.php?rest_route=\/wp\/v2\/types\/post"}],"author":[{"embeddable":true,"href":"https:\/\/altisk-karcag.hu\/index.php?rest_route=\/wp\/v2\/users\/1"}],"replies":[{"embeddable":true,"href":"https:\/\/altisk-karcag.hu\/index.php?rest_route=%2Fwp%2Fv2%2Fcomments&post=3495"}],"version-history":[{"count":1,"href":"https:\/\/altisk-karcag.hu\/index.php?rest_route=\/wp\/v2\/posts\/3495\/revisions"}],"predecessor-version":[{"id":3498,"href":"https:\/\/altisk-karcag.hu\/index.php?rest_route=\/wp\/v2\/posts\/3495\/revisions\/3498"}],"wp:featuredmedia":[{"embeddable":true,"href":"https:\/\/altisk-karcag.hu\/index.php?rest_route=\/wp\/v2\/media\/3496"}],"wp:attachment":[{"href":"https:\/\/altisk-karcag.hu\/index.php?rest_route=%2Fwp%2Fv2%2Fmedia&parent=3495"}],"wp:term":[{"taxonomy":"category","embeddable":true,"href":"https:\/\/altisk-karcag.hu\/index.php?rest_route=%2Fwp%2Fv2%2Fcategories&post=3495"},{"taxonomy":"post_tag","embeddable":true,"href":"https:\/\/altisk-karcag.hu\/index.php?rest_route=%2Fwp%2Fv2%2Ftags&post=3495"}],"curies":[{"name":"wp","href":"https:\/\/api.w.org\/{rel}","templated":true}]}}