{"id":3486,"date":"2025-03-13T03:43:03","date_gmt":"2025-03-13T03:43:03","guid":{"rendered":"https:\/\/altisk-karcag.hu\/?p=3486"},"modified":"2025-03-25T03:51:13","modified_gmt":"2025-03-25T03:51:13","slug":"kiskulcsosiak-komaromban-a-monostori-erodben-%f0%9f%8f%b0","status":"publish","type":"post","link":"https:\/\/altisk-karcag.hu\/?p=3486","title":{"rendered":"Kiskulcsosiak Kom\u00e1romban, a Monostori Er\u0151dben! \ud83c\udff0"},"content":{"rendered":"\n<p>2025. m\u00e1rcius 10-\u00e9n a Karcagi Kov\u00e1ts Mih\u00e1ly \u00c1ltal\u00e1nos Iskola Kiskulcsosi \u00c1ltal\u00e1nos Iskol\u00e1j\u00e1nak 7.-8. oszt\u00e1lyos di\u00e1kjai sz\u00e1m\u00e1ra lehet\u0151s\u00e9g ny\u00edlt arra, hogy a Nemzeti Eml\u00e9kezetpedag\u00f3giai Program keret\u00e9ben egy izgalmas kir\u00e1ndul\u00e1son vegyenek r\u00e9szt.<br>Az el\u0151k\u00e9sz\u00edt\u0151 tan\u00f3rai foglalkoz\u00e1sok ut\u00e1n a kom\u00e1romi Monostori Er\u0151dh\u00f6z l\u00e1togattunk, ahol m\u00fazeumpedag\u00f3giai programmal \u00e9s interakt\u00edv foglalkoz\u00e1ssal v\u00e1rtak benn\u00fcnket. Megn\u00e9zhett\u00fck az er\u0151d ki\u00e1ll\u00edt\u00e1sait, amit l\u0151gyakorlattal tettek \u00e9rdekesebb\u00e9. Az \u00e9lm\u00e9nyekkel teli nap sor\u00e1n testk\u00f6zelb\u0151l ismerhett\u00fck meg t\u00f6rt\u00e9nelm\u00fcnk egy fontos helysz\u00edn\u00e9t \u00e9s annak katonai m\u00faltj\u00e1t.<br>Most volt mindenki el\u0151sz\u00f6r, de sokan bizony\u00e1ra nem utolj\u00e1ra. A hely mag\u00e1val ragad\u00f3, \u00e9rz\u0151dik a t\u00f6rt\u00e9nelmi jelent\u0151s\u00e9ge.<br>K\u00f6sz\u00f6nj\u00fck sz\u00e9pen a lehet\u0151s\u00e9get \u00e9s a szervez\u00e9st!<\/p>\n\n\n\n<figure class=\"wp-block-gallery has-nested-images columns-default is-cropped wp-block-gallery-1 is-layout-flex wp-block-gallery-is-layout-flex\">\n<figure class=\"wp-block-image size-large is-style-default\"><a href=\"https:\/\/altisk-karcag.hu\/wp-content\/uploads\/2025\/03\/01-9.jpg\"><img decoding=\"async\" loading=\"lazy\" width=\"1024\" height=\"768\" data-id=\"3490\" src=\"https:\/\/altisk-karcag.hu\/wp-content\/uploads\/2025\/03\/01-9-1024x768.jpg\" alt=\"\" class=\"wp-image-3490\" srcset=\"https:\/\/altisk-karcag.hu\/wp-content\/uploads\/2025\/03\/01-9-1024x768.jpg 1024w, https:\/\/altisk-karcag.hu\/wp-content\/uploads\/2025\/03\/01-9-300x225.jpg 300w, https:\/\/altisk-karcag.hu\/wp-content\/uploads\/2025\/03\/01-9-768x576.jpg 768w, https:\/\/altisk-karcag.hu\/wp-content\/uploads\/2025\/03\/01-9-1536x1152.jpg 1536w, https:\/\/altisk-karcag.hu\/wp-content\/uploads\/2025\/03\/01-9-467x350.jpg 467w, https:\/\/altisk-karcag.hu\/wp-content\/uploads\/2025\/03\/01-9.jpg 2048w\" sizes=\"(max-width: 1024px) 100vw, 1024px\" \/><\/a><\/figure>\n\n\n\n<figure class=\"wp-block-image size-large is-style-default\"><a href=\"https:\/\/altisk-karcag.hu\/wp-content\/uploads\/2025\/03\/02-9.jpg\"><img decoding=\"async\" loading=\"lazy\" width=\"1024\" height=\"768\" data-id=\"3487\" src=\"https:\/\/altisk-karcag.hu\/wp-content\/uploads\/2025\/03\/02-9-1024x768.jpg\" alt=\"\" class=\"wp-image-3487\" srcset=\"https:\/\/altisk-karcag.hu\/wp-content\/uploads\/2025\/03\/02-9-1024x768.jpg 1024w, https:\/\/altisk-karcag.hu\/wp-content\/uploads\/2025\/03\/02-9-300x225.jpg 300w, https:\/\/altisk-karcag.hu\/wp-content\/uploads\/2025\/03\/02-9-768x576.jpg 768w, https:\/\/altisk-karcag.hu\/wp-content\/uploads\/2025\/03\/02-9-1536x1152.jpg 1536w, https:\/\/altisk-karcag.hu\/wp-content\/uploads\/2025\/03\/02-9-467x350.jpg 467w, https:\/\/altisk-karcag.hu\/wp-content\/uploads\/2025\/03\/02-9.jpg 2048w\" sizes=\"(max-width: 1024px) 100vw, 1024px\" \/><\/a><\/figure>\n\n\n\n<figure class=\"wp-block-image size-large is-style-default\"><a href=\"https:\/\/altisk-karcag.hu\/wp-content\/uploads\/2025\/03\/03-9.jpg\"><img decoding=\"async\" loading=\"lazy\" width=\"1024\" height=\"768\" data-id=\"3488\" src=\"https:\/\/altisk-karcag.hu\/wp-content\/uploads\/2025\/03\/03-9-1024x768.jpg\" alt=\"\" class=\"wp-image-3488\" srcset=\"https:\/\/altisk-karcag.hu\/wp-content\/uploads\/2025\/03\/03-9-1024x768.jpg 1024w, https:\/\/altisk-karcag.hu\/wp-content\/uploads\/2025\/03\/03-9-300x225.jpg 300w, https:\/\/altisk-karcag.hu\/wp-content\/uploads\/2025\/03\/03-9-768x576.jpg 768w, https:\/\/altisk-karcag.hu\/wp-content\/uploads\/2025\/03\/03-9-1536x1152.jpg 1536w, https:\/\/altisk-karcag.hu\/wp-content\/uploads\/2025\/03\/03-9-467x350.jpg 467w, https:\/\/altisk-karcag.hu\/wp-content\/uploads\/2025\/03\/03-9.jpg 2048w\" sizes=\"(max-width: 1024px) 100vw, 1024px\" \/><\/a><\/figure>\n\n\n\n<figure class=\"wp-block-image size-large is-style-default\"><a href=\"https:\/\/altisk-karcag.hu\/wp-content\/uploads\/2025\/03\/04-7.jpg\"><img decoding=\"async\" loading=\"lazy\" width=\"1024\" height=\"768\" data-id=\"3491\" src=\"https:\/\/altisk-karcag.hu\/wp-content\/uploads\/2025\/03\/04-7-1024x768.jpg\" alt=\"\" class=\"wp-image-3491\" srcset=\"https:\/\/altisk-karcag.hu\/wp-content\/uploads\/2025\/03\/04-7-1024x768.jpg 1024w, https:\/\/altisk-karcag.hu\/wp-content\/uploads\/2025\/03\/04-7-300x225.jpg 300w, https:\/\/altisk-karcag.hu\/wp-content\/uploads\/2025\/03\/04-7-768x576.jpg 768w, https:\/\/altisk-karcag.hu\/wp-content\/uploads\/2025\/03\/04-7-1536x1152.jpg 1536w, https:\/\/altisk-karcag.hu\/wp-content\/uploads\/2025\/03\/04-7-467x350.jpg 467w, https:\/\/altisk-karcag.hu\/wp-content\/uploads\/2025\/03\/04-7.jpg 2048w\" sizes=\"(max-width: 1024px) 100vw, 1024px\" \/><\/a><\/figure>\n\n\n\n<figure class=\"wp-block-image size-large is-style-default\"><a href=\"https:\/\/altisk-karcag.hu\/wp-content\/uploads\/2025\/03\/05-4.jpg\"><img decoding=\"async\" loading=\"lazy\" width=\"1024\" height=\"768\" data-id=\"3489\" src=\"https:\/\/altisk-karcag.hu\/wp-content\/uploads\/2025\/03\/05-4-1024x768.jpg\" alt=\"\" class=\"wp-image-3489\" srcset=\"https:\/\/altisk-karcag.hu\/wp-content\/uploads\/2025\/03\/05-4-1024x768.jpg 1024w, https:\/\/altisk-karcag.hu\/wp-content\/uploads\/2025\/03\/05-4-300x225.jpg 300w, https:\/\/altisk-karcag.hu\/wp-content\/uploads\/2025\/03\/05-4-768x576.jpg 768w, https:\/\/altisk-karcag.hu\/wp-content\/uploads\/2025\/03\/05-4-1536x1152.jpg 1536w, https:\/\/altisk-karcag.hu\/wp-content\/uploads\/2025\/03\/05-4-467x350.jpg 467w, https:\/\/altisk-karcag.hu\/wp-content\/uploads\/2025\/03\/05-4.jpg 2048w\" sizes=\"(max-width: 1024px) 100vw, 1024px\" \/><\/a><\/figure>\n\n\n\n<figure class=\"wp-block-image size-large is-style-default\"><a href=\"https:\/\/altisk-karcag.hu\/wp-content\/uploads\/2025\/03\/06-4.jpg\"><img decoding=\"async\" loading=\"lazy\" width=\"1024\" height=\"768\" data-id=\"3492\" src=\"https:\/\/altisk-karcag.hu\/wp-content\/uploads\/2025\/03\/06-4-1024x768.jpg\" alt=\"\" class=\"wp-image-3492\" srcset=\"https:\/\/altisk-karcag.hu\/wp-content\/uploads\/2025\/03\/06-4-1024x768.jpg 1024w, https:\/\/altisk-karcag.hu\/wp-content\/uploads\/2025\/03\/06-4-300x225.jpg 300w, https:\/\/altisk-karcag.hu\/wp-content\/uploads\/2025\/03\/06-4-768x576.jpg 768w, https:\/\/altisk-karcag.hu\/wp-content\/uploads\/2025\/03\/06-4-1536x1152.jpg 1536w, https:\/\/altisk-karcag.hu\/wp-content\/uploads\/2025\/03\/06-4-467x350.jpg 467w, https:\/\/altisk-karcag.hu\/wp-content\/uploads\/2025\/03\/06-4.jpg 2048w\" sizes=\"(max-width: 1024px) 100vw, 1024px\" \/><\/a><\/figure>\n\n\n\n<figure class=\"wp-block-image size-large is-style-default\"><a href=\"https:\/\/altisk-karcag.hu\/wp-content\/uploads\/2025\/03\/07-2.jpg\"><img decoding=\"async\" loading=\"lazy\" width=\"1024\" height=\"768\" data-id=\"3493\" src=\"https:\/\/altisk-karcag.hu\/wp-content\/uploads\/2025\/03\/07-2-1024x768.jpg\" alt=\"\" class=\"wp-image-3493\" srcset=\"https:\/\/altisk-karcag.hu\/wp-content\/uploads\/2025\/03\/07-2-1024x768.jpg 1024w, https:\/\/altisk-karcag.hu\/wp-content\/uploads\/2025\/03\/07-2-300x225.jpg 300w, https:\/\/altisk-karcag.hu\/wp-content\/uploads\/2025\/03\/07-2-768x576.jpg 768w, https:\/\/altisk-karcag.hu\/wp-content\/uploads\/2025\/03\/07-2-1536x1152.jpg 1536w, https:\/\/altisk-karcag.hu\/wp-content\/uploads\/2025\/03\/07-2-467x350.jpg 467w, https:\/\/altisk-karcag.hu\/wp-content\/uploads\/2025\/03\/07-2.jpg 2048w\" sizes=\"(max-width: 1024px) 100vw, 1024px\" \/><\/a><\/figure>\n<\/figure>\n","protected":false},"excerpt":{"rendered":"<p>2025. m\u00e1rcius 10-\u00e9n a Karcagi Kov\u00e1ts Mih\u00e1ly \u00c1ltal\u00e1nos Iskola Kiskulcsosi \u00c1ltal\u00e1nos Iskol\u00e1j\u00e1nak 7.-8. oszt\u00e1lyos di\u00e1kjai sz\u00e1m\u00e1ra lehet\u0151s\u00e9g ny\u00edlt arra, hogy a Nemzeti Eml\u00e9kezetpedag\u00f3giai Program keret\u00e9ben egy izgalmas kir\u00e1ndul\u00e1son vegyenek r\u00e9szt.Az el\u0151k\u00e9sz\u00edt\u0151 tan\u00f3rai foglalkoz\u00e1sok ut\u00e1n a kom\u00e1romi Monostori Er\u0151dh\u00f6z l\u00e1togattunk, ahol m\u00fazeumpedag\u00f3giai programmal \u00e9s interakt\u00edv foglalkoz\u00e1ssal v\u00e1rtak benn\u00fcnket. Megn\u00e9zhett\u00fck az er\u0151d &hellip;<\/p>\n","protected":false},"author":1,"featured_media":3491,"comment_status":"closed","ping_status":"closed","sticky":false,"template":"","format":"standard","meta":{"footnotes":""},"categories":[9,10],"tags":[],"_links":{"self":[{"href":"https:\/\/altisk-karcag.hu\/index.php?rest_route=\/wp\/v2\/posts\/3486"}],"collection":[{"href":"https:\/\/altisk-karcag.hu\/index.php?rest_route=\/wp\/v2\/posts"}],"about":[{"href":"https:\/\/altisk-karcag.hu\/index.php?rest_route=\/wp\/v2\/types\/post"}],"author":[{"embeddable":true,"href":"https:\/\/altisk-karcag.hu\/index.php?rest_route=\/wp\/v2\/users\/1"}],"replies":[{"embeddable":true,"href":"https:\/\/altisk-karcag.hu\/index.php?rest_route=%2Fwp%2Fv2%2Fcomments&post=3486"}],"version-history":[{"count":1,"href":"https:\/\/altisk-karcag.hu\/index.php?rest_route=\/wp\/v2\/posts\/3486\/revisions"}],"predecessor-version":[{"id":3494,"href":"https:\/\/altisk-karcag.hu\/index.php?rest_route=\/wp\/v2\/posts\/3486\/revisions\/3494"}],"wp:featuredmedia":[{"embeddable":true,"href":"https:\/\/altisk-karcag.hu\/index.php?rest_route=\/wp\/v2\/media\/3491"}],"wp:attachment":[{"href":"https:\/\/altisk-karcag.hu\/index.php?rest_route=%2Fwp%2Fv2%2Fmedia&parent=3486"}],"wp:term":[{"taxonomy":"category","embeddable":true,"href":"https:\/\/altisk-karcag.hu\/index.php?rest_route=%2Fwp%2Fv2%2Fcategories&post=3486"},{"taxonomy":"post_tag","embeddable":true,"href":"https:\/\/altisk-karcag.hu\/index.php?rest_route=%2Fwp%2Fv2%2Ftags&post=3486"}],"curies":[{"name":"wp","href":"https:\/\/api.w.org\/{rel}","templated":true}]}}