{"id":3479,"date":"2025-02-25T03:31:00","date_gmt":"2025-02-25T03:31:00","guid":{"rendered":"https:\/\/altisk-karcag.hu\/?p=3479"},"modified":"2025-03-25T03:39:12","modified_gmt":"2025-03-25T03:39:12","slug":"lazar-ervin-programon-jartak-a-kiskulcsos-nyolcadikosai","status":"publish","type":"post","link":"https:\/\/altisk-karcag.hu\/?p=3479","title":{"rendered":"L\u00e1z\u00e1r Ervin programon j\u00e1rtak a Kiskulcsos nyolcadikosai"},"content":{"rendered":"\n<p>Magyarorsz\u00e1g korm\u00e1nya 2019-ben \u00e9letre h\u00edvta a L\u00e1z\u00e1r Ervin Programot, melynek c\u00e9lja, hogy a m\u0171v\u00e9szet minden k\u00f6znevel\u00e9sben tanul\u00f3 di\u00e1k sz\u00e1m\u00e1ra egyenl\u0151 felt\u00e9telek mellett hozz\u00e1f\u00e9rhet\u0151 legyen. Ennek keret\u00e9ben jutottak el a Karcagi Kov\u00e1ts Mih\u00e1ly \u00c1ltal\u00e1nos iskola Kiskulcsosi \u00c1ltal\u00e1nos Iskol\u00e1j\u00e1nak nyolcadik \u00e9vfolyamos di\u00e1kjai 2025. febru\u00e1r 20-\u00e1n a F\u0151v\u00e1rosi Nagycirkuszba. A gyerekek a Cirkuszherceg c\u00edm\u0171 sz\u00ednvonalas el\u0151ad\u00e1st tekintett\u00e9k meg. A Cirkuszhercegben egy k\u00fcl\u00f6n\u00f6s cirkusziskol\u00e1ba cs\u00f6ppen\u00fcnk, amelyben a tan\u00e1rn\u0151 arra keresi a v\u00e1laszt, hogy ebben a \u2013 lassan \u2013 sz\u00e1m\u00edt\u00f3g\u00e9pek \u00e1ltal vez\u00e9relt vil\u00e1gunkban mit jelent az a sz\u00f3: cirkusz? Vajon \u00e9rezz\u00fck-e, \u00e9rtj\u00fck-e m\u00e9g igazi var\u00e1zs\u00e1t, vagy azonnal a sz\u00e1m\u00edt\u00f3g\u00e9p (AI) seg\u00edts\u00e9g\u00e9vel keress\u00fck a v\u00e1laszt? Ekkor jelenik meg a porondon a boh\u00f3c, aki tudn\u00e1 az \u0151szinte, sz\u00edvb\u0151l j\u00f6v\u0151 v\u00e1laszt. A m\u0171sorban sokszoros fesztiv\u00e1lgy\u0151ztes artist\u00e1k, kutyaidom\u00e1r, a Richter csal\u00e1d \u00e9s boh\u00f3c l\u00e9ptek fel. K\u00f6sz\u00f6nj\u00fck, hogy r\u00e9szt vehett\u00fcnk ezen a csod\u00e1latos kir\u00e1ndul\u00e1son \u00e9s k\u00f6sz\u00f6nj\u00fck a cirkusznak a sz\u00ednvonalas el\u0151ad\u00e1sukat.<\/p>\n\n\n\n<figure class=\"wp-block-gallery has-nested-images columns-default is-cropped wp-block-gallery-1 is-layout-flex wp-block-gallery-is-layout-flex\">\n<figure class=\"wp-block-image size-large is-style-default\"><a href=\"https:\/\/altisk-karcag.hu\/wp-content\/uploads\/2025\/03\/03-8.jpg\"><img decoding=\"async\" loading=\"lazy\" width=\"720\" height=\"960\" data-id=\"3480\" src=\"https:\/\/altisk-karcag.hu\/wp-content\/uploads\/2025\/03\/03-8.jpg\" alt=\"\" class=\"wp-image-3480\" srcset=\"https:\/\/altisk-karcag.hu\/wp-content\/uploads\/2025\/03\/03-8.jpg 720w, https:\/\/altisk-karcag.hu\/wp-content\/uploads\/2025\/03\/03-8-225x300.jpg 225w, https:\/\/altisk-karcag.hu\/wp-content\/uploads\/2025\/03\/03-8-263x350.jpg 263w\" sizes=\"(max-width: 720px) 100vw, 720px\" \/><\/a><\/figure>\n\n\n\n<figure class=\"wp-block-image size-large is-style-default\"><a href=\"https:\/\/altisk-karcag.hu\/wp-content\/uploads\/2025\/03\/02-8.jpg\"><img decoding=\"async\" loading=\"lazy\" width=\"1024\" height=\"768\" data-id=\"3481\" src=\"https:\/\/altisk-karcag.hu\/wp-content\/uploads\/2025\/03\/02-8-1024x768.jpg\" alt=\"\" class=\"wp-image-3481\" srcset=\"https:\/\/altisk-karcag.hu\/wp-content\/uploads\/2025\/03\/02-8-1024x768.jpg 1024w, https:\/\/altisk-karcag.hu\/wp-content\/uploads\/2025\/03\/02-8-300x225.jpg 300w, https:\/\/altisk-karcag.hu\/wp-content\/uploads\/2025\/03\/02-8-768x576.jpg 768w, https:\/\/altisk-karcag.hu\/wp-content\/uploads\/2025\/03\/02-8-1536x1152.jpg 1536w, https:\/\/altisk-karcag.hu\/wp-content\/uploads\/2025\/03\/02-8-467x350.jpg 467w, https:\/\/altisk-karcag.hu\/wp-content\/uploads\/2025\/03\/02-8.jpg 2048w\" sizes=\"(max-width: 1024px) 100vw, 1024px\" \/><\/a><\/figure>\n\n\n\n<figure class=\"wp-block-image size-large is-style-default\"><a href=\"https:\/\/altisk-karcag.hu\/wp-content\/uploads\/2025\/03\/01-8.jpg\"><img decoding=\"async\" loading=\"lazy\" width=\"1024\" height=\"768\" data-id=\"3482\" src=\"https:\/\/altisk-karcag.hu\/wp-content\/uploads\/2025\/03\/01-8-1024x768.jpg\" alt=\"\" class=\"wp-image-3482\" srcset=\"https:\/\/altisk-karcag.hu\/wp-content\/uploads\/2025\/03\/01-8-1024x768.jpg 1024w, https:\/\/altisk-karcag.hu\/wp-content\/uploads\/2025\/03\/01-8-300x225.jpg 300w, https:\/\/altisk-karcag.hu\/wp-content\/uploads\/2025\/03\/01-8-768x576.jpg 768w, https:\/\/altisk-karcag.hu\/wp-content\/uploads\/2025\/03\/01-8-1536x1152.jpg 1536w, https:\/\/altisk-karcag.hu\/wp-content\/uploads\/2025\/03\/01-8-467x350.jpg 467w, https:\/\/altisk-karcag.hu\/wp-content\/uploads\/2025\/03\/01-8.jpg 2048w\" sizes=\"(max-width: 1024px) 100vw, 1024px\" \/><\/a><\/figure>\n<\/figure>\n","protected":false},"excerpt":{"rendered":"<p>Magyarorsz\u00e1g korm\u00e1nya 2019-ben \u00e9letre h\u00edvta a L\u00e1z\u00e1r Ervin Programot, melynek c\u00e9lja, hogy a m\u0171v\u00e9szet minden k\u00f6znevel\u00e9sben tanul\u00f3 di\u00e1k sz\u00e1m\u00e1ra egyenl\u0151 felt\u00e9telek mellett hozz\u00e1f\u00e9rhet\u0151 legyen. Ennek keret\u00e9ben jutottak el a Karcagi Kov\u00e1ts Mih\u00e1ly \u00c1ltal\u00e1nos iskola Kiskulcsosi \u00c1ltal\u00e1nos Iskol\u00e1j\u00e1nak nyolcadik \u00e9vfolyamos di\u00e1kjai 2025. febru\u00e1r 20-\u00e1n a F\u0151v\u00e1rosi Nagycirkuszba. A gyerekek a Cirkuszherceg &hellip;<\/p>\n","protected":false},"author":1,"featured_media":3482,"comment_status":"closed","ping_status":"closed","sticky":false,"template":"","format":"standard","meta":{"footnotes":""},"categories":[9,10],"tags":[],"_links":{"self":[{"href":"https:\/\/altisk-karcag.hu\/index.php?rest_route=\/wp\/v2\/posts\/3479"}],"collection":[{"href":"https:\/\/altisk-karcag.hu\/index.php?rest_route=\/wp\/v2\/posts"}],"about":[{"href":"https:\/\/altisk-karcag.hu\/index.php?rest_route=\/wp\/v2\/types\/post"}],"author":[{"embeddable":true,"href":"https:\/\/altisk-karcag.hu\/index.php?rest_route=\/wp\/v2\/users\/1"}],"replies":[{"embeddable":true,"href":"https:\/\/altisk-karcag.hu\/index.php?rest_route=%2Fwp%2Fv2%2Fcomments&post=3479"}],"version-history":[{"count":1,"href":"https:\/\/altisk-karcag.hu\/index.php?rest_route=\/wp\/v2\/posts\/3479\/revisions"}],"predecessor-version":[{"id":3483,"href":"https:\/\/altisk-karcag.hu\/index.php?rest_route=\/wp\/v2\/posts\/3479\/revisions\/3483"}],"wp:featuredmedia":[{"embeddable":true,"href":"https:\/\/altisk-karcag.hu\/index.php?rest_route=\/wp\/v2\/media\/3482"}],"wp:attachment":[{"href":"https:\/\/altisk-karcag.hu\/index.php?rest_route=%2Fwp%2Fv2%2Fmedia&parent=3479"}],"wp:term":[{"taxonomy":"category","embeddable":true,"href":"https:\/\/altisk-karcag.hu\/index.php?rest_route=%2Fwp%2Fv2%2Fcategories&post=3479"},{"taxonomy":"post_tag","embeddable":true,"href":"https:\/\/altisk-karcag.hu\/index.php?rest_route=%2Fwp%2Fv2%2Ftags&post=3479"}],"curies":[{"name":"wp","href":"https:\/\/api.w.org\/{rel}","templated":true}]}}