{"id":3471,"date":"2025-03-20T03:23:46","date_gmt":"2025-03-20T03:23:46","guid":{"rendered":"https:\/\/altisk-karcag.hu\/?p=3471"},"modified":"2025-03-25T03:31:43","modified_gmt":"2025-03-25T03:31:43","slug":"ovodasok-latogatasa-iskolankban-2","status":"publish","type":"post","link":"https:\/\/altisk-karcag.hu\/?p=3471","title":{"rendered":"\u00d3vod\u00e1sok l\u00e1togat\u00e1sa iskol\u00e1nkban"},"content":{"rendered":"\n<p>2025. m\u00e1rcius 19-\u00e9n iskol\u00e1nkba meg\u00e9rkeztek a Kinizsi utcai, a Kuthen utcai, valamint a SZIM \u00d3voda leend\u0151 els\u0151 oszt\u00e1lyos gyermekei, illetve az \u0151ket k\u00eds\u00e9r\u0151 \u00f3v\u00f3 n\u00e9nik. A gyermekeket h\u00e1rom helysz\u00ednen foglalkoztatt\u00e1k a tan\u00edt\u00f3 n\u00e9nik. Pardi Anik\u00f3 tan\u00edt\u00f3n\u0151 az interakt\u00edv t\u00e1bl\u00e1n j\u00e1t\u00e9kos feladatokat j\u00e1tszott a kicsikkel, Ger\u00e9b Be\u00e1ta testnevel\u0151 k\u00f6z\u00f6sen mozgott, torn\u00e1zott az \u00f3vod\u00e1sokkal, T\u00f3thn\u00e9 Sz\u0171cs Judit tan\u00edt\u00f3 n\u00e9ni pedig iskolael\u0151k\u00e9sz\u00edt\u0151 feladatokat mutatott meg a leend\u0151 els\u0151 oszt\u00e1lyosoknak. A gyerekek \u00e9s az \u00f3v\u00f3 n\u00e9nik is egy vid\u00e1m, kellemes \u00f3r\u00e1t t\u00f6lt\u00f6ttek iskol\u00e1nkban, \u00e9s j\u00f3 \u00e9lm\u00e9nyekkel indultak vissza az \u00f3vod\u00e1kba. A program szervez\u0151je, T\u00f3thn\u00e9 Sz\u0171cs Judit k\u00f6sz\u00f6ni a lebonyol\u00edt\u00e1sban r\u00e9szt vev\u0151k seg\u00edts\u00e9g\u00e9t.<\/p>\n\n\n\n<figure class=\"wp-block-gallery has-nested-images columns-default is-cropped wp-block-gallery-1 is-layout-flex wp-block-gallery-is-layout-flex\">\n<figure class=\"wp-block-image size-large is-style-default\"><a href=\"https:\/\/altisk-karcag.hu\/wp-content\/uploads\/2025\/03\/01-7.jpg\"><img decoding=\"async\" loading=\"lazy\" width=\"1024\" height=\"683\" data-id=\"3475\" src=\"https:\/\/altisk-karcag.hu\/wp-content\/uploads\/2025\/03\/01-7-1024x683.jpg\" alt=\"\" class=\"wp-image-3475\" srcset=\"https:\/\/altisk-karcag.hu\/wp-content\/uploads\/2025\/03\/01-7-1024x683.jpg 1024w, https:\/\/altisk-karcag.hu\/wp-content\/uploads\/2025\/03\/01-7-300x200.jpg 300w, https:\/\/altisk-karcag.hu\/wp-content\/uploads\/2025\/03\/01-7-768x512.jpg 768w, https:\/\/altisk-karcag.hu\/wp-content\/uploads\/2025\/03\/01-7-1536x1024.jpg 1536w, https:\/\/altisk-karcag.hu\/wp-content\/uploads\/2025\/03\/01-7-525x350.jpg 525w, https:\/\/altisk-karcag.hu\/wp-content\/uploads\/2025\/03\/01-7.jpg 2048w\" sizes=\"(max-width: 1024px) 100vw, 1024px\" \/><\/a><\/figure>\n\n\n\n<figure class=\"wp-block-image size-large is-style-default\"><a href=\"https:\/\/altisk-karcag.hu\/wp-content\/uploads\/2025\/03\/02-7.jpg\"><img decoding=\"async\" loading=\"lazy\" width=\"1024\" height=\"683\" data-id=\"3474\" src=\"https:\/\/altisk-karcag.hu\/wp-content\/uploads\/2025\/03\/02-7-1024x683.jpg\" alt=\"\" class=\"wp-image-3474\" srcset=\"https:\/\/altisk-karcag.hu\/wp-content\/uploads\/2025\/03\/02-7-1024x683.jpg 1024w, https:\/\/altisk-karcag.hu\/wp-content\/uploads\/2025\/03\/02-7-300x200.jpg 300w, https:\/\/altisk-karcag.hu\/wp-content\/uploads\/2025\/03\/02-7-768x512.jpg 768w, https:\/\/altisk-karcag.hu\/wp-content\/uploads\/2025\/03\/02-7-1536x1024.jpg 1536w, https:\/\/altisk-karcag.hu\/wp-content\/uploads\/2025\/03\/02-7-525x350.jpg 525w, https:\/\/altisk-karcag.hu\/wp-content\/uploads\/2025\/03\/02-7.jpg 2048w\" sizes=\"(max-width: 1024px) 100vw, 1024px\" \/><\/a><\/figure>\n\n\n\n<figure class=\"wp-block-image size-large is-style-default\"><a href=\"https:\/\/altisk-karcag.hu\/wp-content\/uploads\/2025\/03\/03-7.jpg\"><img decoding=\"async\" loading=\"lazy\" width=\"1024\" height=\"683\" data-id=\"3472\" src=\"https:\/\/altisk-karcag.hu\/wp-content\/uploads\/2025\/03\/03-7-1024x683.jpg\" alt=\"\" class=\"wp-image-3472\" srcset=\"https:\/\/altisk-karcag.hu\/wp-content\/uploads\/2025\/03\/03-7-1024x683.jpg 1024w, https:\/\/altisk-karcag.hu\/wp-content\/uploads\/2025\/03\/03-7-300x200.jpg 300w, https:\/\/altisk-karcag.hu\/wp-content\/uploads\/2025\/03\/03-7-768x512.jpg 768w, https:\/\/altisk-karcag.hu\/wp-content\/uploads\/2025\/03\/03-7-1536x1024.jpg 1536w, https:\/\/altisk-karcag.hu\/wp-content\/uploads\/2025\/03\/03-7-525x350.jpg 525w, https:\/\/altisk-karcag.hu\/wp-content\/uploads\/2025\/03\/03-7.jpg 2048w\" sizes=\"(max-width: 1024px) 100vw, 1024px\" \/><\/a><\/figure>\n\n\n\n<figure class=\"wp-block-image size-large is-style-default\"><a href=\"https:\/\/altisk-karcag.hu\/wp-content\/uploads\/2025\/03\/04-6.jpg\"><img decoding=\"async\" loading=\"lazy\" width=\"1024\" height=\"683\" data-id=\"3476\" src=\"https:\/\/altisk-karcag.hu\/wp-content\/uploads\/2025\/03\/04-6-1024x683.jpg\" alt=\"\" class=\"wp-image-3476\" srcset=\"https:\/\/altisk-karcag.hu\/wp-content\/uploads\/2025\/03\/04-6-1024x683.jpg 1024w, https:\/\/altisk-karcag.hu\/wp-content\/uploads\/2025\/03\/04-6-300x200.jpg 300w, https:\/\/altisk-karcag.hu\/wp-content\/uploads\/2025\/03\/04-6-768x512.jpg 768w, https:\/\/altisk-karcag.hu\/wp-content\/uploads\/2025\/03\/04-6-1536x1024.jpg 1536w, https:\/\/altisk-karcag.hu\/wp-content\/uploads\/2025\/03\/04-6-525x350.jpg 525w, https:\/\/altisk-karcag.hu\/wp-content\/uploads\/2025\/03\/04-6.jpg 2048w\" sizes=\"(max-width: 1024px) 100vw, 1024px\" \/><\/a><\/figure>\n\n\n\n<figure class=\"wp-block-image size-large is-style-default\"><a href=\"https:\/\/altisk-karcag.hu\/wp-content\/uploads\/2025\/03\/05-3.jpg\"><img decoding=\"async\" loading=\"lazy\" width=\"1024\" height=\"683\" data-id=\"3477\" src=\"https:\/\/altisk-karcag.hu\/wp-content\/uploads\/2025\/03\/05-3-1024x683.jpg\" alt=\"\" class=\"wp-image-3477\" srcset=\"https:\/\/altisk-karcag.hu\/wp-content\/uploads\/2025\/03\/05-3-1024x683.jpg 1024w, https:\/\/altisk-karcag.hu\/wp-content\/uploads\/2025\/03\/05-3-300x200.jpg 300w, https:\/\/altisk-karcag.hu\/wp-content\/uploads\/2025\/03\/05-3-768x512.jpg 768w, https:\/\/altisk-karcag.hu\/wp-content\/uploads\/2025\/03\/05-3-1536x1024.jpg 1536w, https:\/\/altisk-karcag.hu\/wp-content\/uploads\/2025\/03\/05-3-525x350.jpg 525w, https:\/\/altisk-karcag.hu\/wp-content\/uploads\/2025\/03\/05-3.jpg 2048w\" sizes=\"(max-width: 1024px) 100vw, 1024px\" \/><\/a><\/figure>\n\n\n\n<figure class=\"wp-block-image size-large is-style-default\"><a href=\"https:\/\/altisk-karcag.hu\/wp-content\/uploads\/2025\/03\/06-3.jpg\"><img decoding=\"async\" loading=\"lazy\" width=\"1024\" height=\"683\" data-id=\"3473\" src=\"https:\/\/altisk-karcag.hu\/wp-content\/uploads\/2025\/03\/06-3-1024x683.jpg\" alt=\"\" class=\"wp-image-3473\" srcset=\"https:\/\/altisk-karcag.hu\/wp-content\/uploads\/2025\/03\/06-3-1024x683.jpg 1024w, https:\/\/altisk-karcag.hu\/wp-content\/uploads\/2025\/03\/06-3-300x200.jpg 300w, https:\/\/altisk-karcag.hu\/wp-content\/uploads\/2025\/03\/06-3-768x512.jpg 768w, https:\/\/altisk-karcag.hu\/wp-content\/uploads\/2025\/03\/06-3-1536x1024.jpg 1536w, https:\/\/altisk-karcag.hu\/wp-content\/uploads\/2025\/03\/06-3-525x350.jpg 525w, https:\/\/altisk-karcag.hu\/wp-content\/uploads\/2025\/03\/06-3.jpg 2048w\" sizes=\"(max-width: 1024px) 100vw, 1024px\" \/><\/a><\/figure>\n<\/figure>\n","protected":false},"excerpt":{"rendered":"<p>2025. m\u00e1rcius 19-\u00e9n iskol\u00e1nkba meg\u00e9rkeztek a Kinizsi utcai, a Kuthen utcai, valamint a SZIM \u00d3voda leend\u0151 els\u0151 oszt\u00e1lyos gyermekei, illetve az \u0151ket k\u00eds\u00e9r\u0151 \u00f3v\u00f3 n\u00e9nik. A gyermekeket h\u00e1rom helysz\u00ednen foglalkoztatt\u00e1k a tan\u00edt\u00f3 n\u00e9nik. Pardi Anik\u00f3 tan\u00edt\u00f3n\u0151 az interakt\u00edv t\u00e1bl\u00e1n j\u00e1t\u00e9kos feladatokat j\u00e1tszott a kicsikkel, Ger\u00e9b Be\u00e1ta testnevel\u0151 k\u00f6z\u00f6sen mozgott, torn\u00e1zott &hellip;<\/p>\n","protected":false},"author":1,"featured_media":0,"comment_status":"closed","ping_status":"closed","sticky":false,"template":"","format":"standard","meta":{"footnotes":""},"categories":[9,11],"tags":[],"_links":{"self":[{"href":"https:\/\/altisk-karcag.hu\/index.php?rest_route=\/wp\/v2\/posts\/3471"}],"collection":[{"href":"https:\/\/altisk-karcag.hu\/index.php?rest_route=\/wp\/v2\/posts"}],"about":[{"href":"https:\/\/altisk-karcag.hu\/index.php?rest_route=\/wp\/v2\/types\/post"}],"author":[{"embeddable":true,"href":"https:\/\/altisk-karcag.hu\/index.php?rest_route=\/wp\/v2\/users\/1"}],"replies":[{"embeddable":true,"href":"https:\/\/altisk-karcag.hu\/index.php?rest_route=%2Fwp%2Fv2%2Fcomments&post=3471"}],"version-history":[{"count":1,"href":"https:\/\/altisk-karcag.hu\/index.php?rest_route=\/wp\/v2\/posts\/3471\/revisions"}],"predecessor-version":[{"id":3478,"href":"https:\/\/altisk-karcag.hu\/index.php?rest_route=\/wp\/v2\/posts\/3471\/revisions\/3478"}],"wp:attachment":[{"href":"https:\/\/altisk-karcag.hu\/index.php?rest_route=%2Fwp%2Fv2%2Fmedia&parent=3471"}],"wp:term":[{"taxonomy":"category","embeddable":true,"href":"https:\/\/altisk-karcag.hu\/index.php?rest_route=%2Fwp%2Fv2%2Fcategories&post=3471"},{"taxonomy":"post_tag","embeddable":true,"href":"https:\/\/altisk-karcag.hu\/index.php?rest_route=%2Fwp%2Fv2%2Ftags&post=3471"}],"curies":[{"name":"wp","href":"https:\/\/api.w.org\/{rel}","templated":true}]}}