{"id":3432,"date":"2025-03-20T04:32:00","date_gmt":"2025-03-20T04:32:00","guid":{"rendered":"https:\/\/altisk-karcag.hu\/?p=3432"},"modified":"2025-03-21T04:33:30","modified_gmt":"2025-03-21T04:33:30","slug":"orszagos-elodontobe-jutott-a-fiu-kezilabda-csapatunk","status":"publish","type":"post","link":"https:\/\/altisk-karcag.hu\/?p=3432","title":{"rendered":"ORSZ\u00c1GOS EL\u0150D\u00d6NT\u0150BE jutott a fi\u00fa k\u00e9zilabda csapatunk!!!"},"content":{"rendered":"\n<p>2025.03.13.-\u00e1n ker\u00fclt megrendez\u00e9sre a IV.korcsoportos fi\u00fa k\u00e9zilabda megyei d\u00f6nt\u0151 Szolnokon, ahol Tiszaf\u00f6ldv\u00e1r \u00e9s Szolnok csapatait legy\u0151zve iskol\u00e1nk 1.helyezett lett \u00e9s ezzel kiv\u00edvta a jogot az orsz\u00e1gos el\u0151d\u00f6nt\u0151n val\u00f3 r\u00e9szv\u00e9telre. Gratul\u00e1lunk a csapatnak \u00e9s felk\u00e9sz\u00edt\u0151j\u00e9nek Nagyn\u00e9 S\u00fct\u0151 Mariann tan\u00e1rn\u0151nek!<br>Sz\u00e9p volt fi\u00fak!!! Hajr\u00e1 Kiskulcsos!<\/p>\n\n\n\n<figure class=\"wp-block-image size-large is-style-default\"><a href=\"https:\/\/altisk-karcag.hu\/wp-content\/uploads\/2025\/03\/486018610_1147823523706186_2017436816583288401_n.jpg\"><img decoding=\"async\" loading=\"lazy\" width=\"1024\" height=\"843\" src=\"https:\/\/altisk-karcag.hu\/wp-content\/uploads\/2025\/03\/486018610_1147823523706186_2017436816583288401_n-1024x843.jpg\" alt=\"\" class=\"wp-image-3433\" srcset=\"https:\/\/altisk-karcag.hu\/wp-content\/uploads\/2025\/03\/486018610_1147823523706186_2017436816583288401_n-1024x843.jpg 1024w, https:\/\/altisk-karcag.hu\/wp-content\/uploads\/2025\/03\/486018610_1147823523706186_2017436816583288401_n-300x247.jpg 300w, https:\/\/altisk-karcag.hu\/wp-content\/uploads\/2025\/03\/486018610_1147823523706186_2017436816583288401_n-768x632.jpg 768w, https:\/\/altisk-karcag.hu\/wp-content\/uploads\/2025\/03\/486018610_1147823523706186_2017436816583288401_n-425x350.jpg 425w, https:\/\/altisk-karcag.hu\/wp-content\/uploads\/2025\/03\/486018610_1147823523706186_2017436816583288401_n.jpg 1298w\" sizes=\"(max-width: 1024px) 100vw, 1024px\" \/><\/a><\/figure>\n","protected":false},"excerpt":{"rendered":"<p>2025.03.13.-\u00e1n ker\u00fclt megrendez\u00e9sre a IV.korcsoportos fi\u00fa k\u00e9zilabda megyei d\u00f6nt\u0151 Szolnokon, ahol Tiszaf\u00f6ldv\u00e1r \u00e9s Szolnok csapatait legy\u0151zve iskol\u00e1nk 1.helyezett lett \u00e9s ezzel kiv\u00edvta a jogot az orsz\u00e1gos el\u0151d\u00f6nt\u0151n val\u00f3 r\u00e9szv\u00e9telre. Gratul\u00e1lunk a csapatnak \u00e9s felk\u00e9sz\u00edt\u0151j\u00e9nek Nagyn\u00e9 S\u00fct\u0151 Mariann tan\u00e1rn\u0151nek!Sz\u00e9p volt fi\u00fak!!! Hajr\u00e1 Kiskulcsos!<\/p>\n","protected":false},"author":1,"featured_media":0,"comment_status":"closed","ping_status":"closed","sticky":false,"template":"","format":"standard","meta":{"footnotes":""},"categories":[9],"tags":[],"_links":{"self":[{"href":"https:\/\/altisk-karcag.hu\/index.php?rest_route=\/wp\/v2\/posts\/3432"}],"collection":[{"href":"https:\/\/altisk-karcag.hu\/index.php?rest_route=\/wp\/v2\/posts"}],"about":[{"href":"https:\/\/altisk-karcag.hu\/index.php?rest_route=\/wp\/v2\/types\/post"}],"author":[{"embeddable":true,"href":"https:\/\/altisk-karcag.hu\/index.php?rest_route=\/wp\/v2\/users\/1"}],"replies":[{"embeddable":true,"href":"https:\/\/altisk-karcag.hu\/index.php?rest_route=%2Fwp%2Fv2%2Fcomments&post=3432"}],"version-history":[{"count":1,"href":"https:\/\/altisk-karcag.hu\/index.php?rest_route=\/wp\/v2\/posts\/3432\/revisions"}],"predecessor-version":[{"id":3434,"href":"https:\/\/altisk-karcag.hu\/index.php?rest_route=\/wp\/v2\/posts\/3432\/revisions\/3434"}],"wp:attachment":[{"href":"https:\/\/altisk-karcag.hu\/index.php?rest_route=%2Fwp%2Fv2%2Fmedia&parent=3432"}],"wp:term":[{"taxonomy":"category","embeddable":true,"href":"https:\/\/altisk-karcag.hu\/index.php?rest_route=%2Fwp%2Fv2%2Fcategories&post=3432"},{"taxonomy":"post_tag","embeddable":true,"href":"https:\/\/altisk-karcag.hu\/index.php?rest_route=%2Fwp%2Fv2%2Ftags&post=3432"}],"curies":[{"name":"wp","href":"https:\/\/api.w.org\/{rel}","templated":true}]}}