{"id":3429,"date":"2025-03-20T04:30:41","date_gmt":"2025-03-20T04:30:41","guid":{"rendered":"https:\/\/altisk-karcag.hu\/?p=3429"},"modified":"2025-03-21T04:32:22","modified_gmt":"2025-03-21T04:32:22","slug":"varmegyei-elodontobe-jutott-az-alsos-focicsapatunk","status":"publish","type":"post","link":"https:\/\/altisk-karcag.hu\/?p=3429","title":{"rendered":"V\u00e1rmegyei el\u0151d\u00f6nt\u0151be jutott az als\u00f3s focicsapatunk."},"content":{"rendered":"\n<p>2025.03.18-\u00e1n ker\u00fclt megrendez\u00e9sre II. korcsoportos labdar\u00fag\u00f3 k\u00f6rzeti d\u00f6nt\u0151, ahol 2.helyez\u00e9st \u00e9rt\u00fcnk el \u00e9s tov\u00e1bbjutottunk a v\u00e1rmegyei el\u0151d\u00f6nt\u0151be.<br>Gratul\u00e1lok a csapatnak \u00e9s felk\u00e9sz\u00edt\u0151j\u00fcknek Jobb\u00e1gy Gerg\u0151 tan\u00e1r \u00farnak.<\/p>\n\n\n\n<figure class=\"wp-block-image size-large is-style-default\"><a href=\"https:\/\/altisk-karcag.hu\/wp-content\/uploads\/2025\/03\/484983413_1147788430376362_6354625174065397551_n.jpg\"><img decoding=\"async\" loading=\"lazy\" width=\"1024\" height=\"768\" src=\"https:\/\/altisk-karcag.hu\/wp-content\/uploads\/2025\/03\/484983413_1147788430376362_6354625174065397551_n-1024x768.jpg\" alt=\"\" class=\"wp-image-3430\" srcset=\"https:\/\/altisk-karcag.hu\/wp-content\/uploads\/2025\/03\/484983413_1147788430376362_6354625174065397551_n-1024x768.jpg 1024w, https:\/\/altisk-karcag.hu\/wp-content\/uploads\/2025\/03\/484983413_1147788430376362_6354625174065397551_n-300x225.jpg 300w, https:\/\/altisk-karcag.hu\/wp-content\/uploads\/2025\/03\/484983413_1147788430376362_6354625174065397551_n-768x576.jpg 768w, https:\/\/altisk-karcag.hu\/wp-content\/uploads\/2025\/03\/484983413_1147788430376362_6354625174065397551_n-1536x1152.jpg 1536w, https:\/\/altisk-karcag.hu\/wp-content\/uploads\/2025\/03\/484983413_1147788430376362_6354625174065397551_n-467x350.jpg 467w, https:\/\/altisk-karcag.hu\/wp-content\/uploads\/2025\/03\/484983413_1147788430376362_6354625174065397551_n.jpg 2048w\" sizes=\"(max-width: 1024px) 100vw, 1024px\" \/><\/a><\/figure>\n","protected":false},"excerpt":{"rendered":"<p>2025.03.18-\u00e1n ker\u00fclt megrendez\u00e9sre II. korcsoportos labdar\u00fag\u00f3 k\u00f6rzeti d\u00f6nt\u0151, ahol 2.helyez\u00e9st \u00e9rt\u00fcnk el \u00e9s tov\u00e1bbjutottunk a v\u00e1rmegyei el\u0151d\u00f6nt\u0151be.Gratul\u00e1lok a csapatnak \u00e9s felk\u00e9sz\u00edt\u0151j\u00fcknek Jobb\u00e1gy Gerg\u0151 tan\u00e1r \u00farnak.<\/p>\n","protected":false},"author":1,"featured_media":0,"comment_status":"closed","ping_status":"closed","sticky":false,"template":"","format":"standard","meta":{"footnotes":""},"categories":[9],"tags":[],"_links":{"self":[{"href":"https:\/\/altisk-karcag.hu\/index.php?rest_route=\/wp\/v2\/posts\/3429"}],"collection":[{"href":"https:\/\/altisk-karcag.hu\/index.php?rest_route=\/wp\/v2\/posts"}],"about":[{"href":"https:\/\/altisk-karcag.hu\/index.php?rest_route=\/wp\/v2\/types\/post"}],"author":[{"embeddable":true,"href":"https:\/\/altisk-karcag.hu\/index.php?rest_route=\/wp\/v2\/users\/1"}],"replies":[{"embeddable":true,"href":"https:\/\/altisk-karcag.hu\/index.php?rest_route=%2Fwp%2Fv2%2Fcomments&post=3429"}],"version-history":[{"count":1,"href":"https:\/\/altisk-karcag.hu\/index.php?rest_route=\/wp\/v2\/posts\/3429\/revisions"}],"predecessor-version":[{"id":3431,"href":"https:\/\/altisk-karcag.hu\/index.php?rest_route=\/wp\/v2\/posts\/3429\/revisions\/3431"}],"wp:attachment":[{"href":"https:\/\/altisk-karcag.hu\/index.php?rest_route=%2Fwp%2Fv2%2Fmedia&parent=3429"}],"wp:term":[{"taxonomy":"category","embeddable":true,"href":"https:\/\/altisk-karcag.hu\/index.php?rest_route=%2Fwp%2Fv2%2Fcategories&post=3429"},{"taxonomy":"post_tag","embeddable":true,"href":"https:\/\/altisk-karcag.hu\/index.php?rest_route=%2Fwp%2Fv2%2Ftags&post=3429"}],"curies":[{"name":"wp","href":"https:\/\/api.w.org\/{rel}","templated":true}]}}