{"id":3415,"date":"2025-03-15T05:40:00","date_gmt":"2025-03-15T05:40:00","guid":{"rendered":"https:\/\/altisk-karcag.hu\/?p=3415"},"modified":"2025-03-18T05:43:54","modified_gmt":"2025-03-18T05:43:54","slug":"marcius-15-ei-megemlekezes-kiskulcsoson","status":"publish","type":"post","link":"https:\/\/altisk-karcag.hu\/?p=3415","title":{"rendered":"M\u00e1rcius 15-ei megeml\u00e9kez\u00e9s Kiskulcsoson"},"content":{"rendered":"\n<p>Iskol\u00e1nk m\u00e9lt\u00f3k\u00e9ppen eml\u00e9kezett meg az 1848-49-es forradalom \u00e9s szabads\u00e1gharc h\u0151seir\u0151l \u00e9s esem\u00e9nyeir\u0151l. A 6. oszt\u00e1lyos tanul\u00f3k m\u0171sorukban felid\u00e9zt\u00e9k a szabads\u00e1gharc szellem\u00e9t, a forradalom b\u00e1tor \u00e9s elk\u00f6telezett szerepl\u0151it, akik az akkoriban szikr\u00e1z\u00f3 rem\u00e9nys\u00e9get \u00e9s az \u00f6sszetartoz\u00e1s \u00e9rz\u00e9s\u00e9t hozt\u00e1k el a nemzetnek.<br>K\u00f6sz\u00f6net, Nagy \u00c9va tan\u00e1rn\u0151nek a felk\u00e9sz\u00edt\u0151 munk\u00e1j\u00e1\u00e9rt, Sz\u0151ke K\u00e1roly tan\u00e1r\u00farnak a hangos\u00edt\u00e1s\u00e9rt \u00e9s a 6. oszt\u00e1lynak az el\u0151ad\u00e1s\u00e9rt.<\/p>\n\n\n\n<figure class=\"wp-block-gallery has-nested-images columns-default is-cropped wp-block-gallery-1 is-layout-flex wp-block-gallery-is-layout-flex\">\n<figure class=\"wp-block-image size-large is-style-default\"><a href=\"https:\/\/altisk-karcag.hu\/wp-content\/uploads\/2025\/03\/04-3.jpg\"><img decoding=\"async\" loading=\"lazy\" width=\"1024\" height=\"576\" data-id=\"3423\" src=\"https:\/\/altisk-karcag.hu\/wp-content\/uploads\/2025\/03\/04-3-1024x576.jpg\" alt=\"\" class=\"wp-image-3423\" srcset=\"https:\/\/altisk-karcag.hu\/wp-content\/uploads\/2025\/03\/04-3-1024x576.jpg 1024w, https:\/\/altisk-karcag.hu\/wp-content\/uploads\/2025\/03\/04-3-300x169.jpg 300w, https:\/\/altisk-karcag.hu\/wp-content\/uploads\/2025\/03\/04-3-768x432.jpg 768w, https:\/\/altisk-karcag.hu\/wp-content\/uploads\/2025\/03\/04-3-622x350.jpg 622w, https:\/\/altisk-karcag.hu\/wp-content\/uploads\/2025\/03\/04-3.jpg 1080w\" sizes=\"(max-width: 1024px) 100vw, 1024px\" \/><\/a><\/figure>\n\n\n\n<figure class=\"wp-block-image size-large is-style-default\"><a href=\"https:\/\/altisk-karcag.hu\/wp-content\/uploads\/2025\/03\/03-4.jpg\"><img decoding=\"async\" loading=\"lazy\" width=\"1024\" height=\"600\" data-id=\"3422\" src=\"https:\/\/altisk-karcag.hu\/wp-content\/uploads\/2025\/03\/03-4-1024x600.jpg\" alt=\"\" class=\"wp-image-3422\" srcset=\"https:\/\/altisk-karcag.hu\/wp-content\/uploads\/2025\/03\/03-4-1024x600.jpg 1024w, https:\/\/altisk-karcag.hu\/wp-content\/uploads\/2025\/03\/03-4-300x176.jpg 300w, https:\/\/altisk-karcag.hu\/wp-content\/uploads\/2025\/03\/03-4-768x450.jpg 768w, https:\/\/altisk-karcag.hu\/wp-content\/uploads\/2025\/03\/03-4-1536x900.jpg 1536w, https:\/\/altisk-karcag.hu\/wp-content\/uploads\/2025\/03\/03-4-597x350.jpg 597w, https:\/\/altisk-karcag.hu\/wp-content\/uploads\/2025\/03\/03-4.jpg 2048w\" sizes=\"(max-width: 1024px) 100vw, 1024px\" \/><\/a><\/figure>\n\n\n\n<figure class=\"wp-block-image size-large is-style-default\"><a href=\"https:\/\/altisk-karcag.hu\/wp-content\/uploads\/2025\/03\/02-4.jpg\"><img decoding=\"async\" loading=\"lazy\" width=\"1024\" height=\"826\" data-id=\"3421\" src=\"https:\/\/altisk-karcag.hu\/wp-content\/uploads\/2025\/03\/02-4-1024x826.jpg\" alt=\"\" class=\"wp-image-3421\" srcset=\"https:\/\/altisk-karcag.hu\/wp-content\/uploads\/2025\/03\/02-4-1024x826.jpg 1024w, https:\/\/altisk-karcag.hu\/wp-content\/uploads\/2025\/03\/02-4-300x242.jpg 300w, https:\/\/altisk-karcag.hu\/wp-content\/uploads\/2025\/03\/02-4-768x620.jpg 768w, https:\/\/altisk-karcag.hu\/wp-content\/uploads\/2025\/03\/02-4-1536x1239.jpg 1536w, https:\/\/altisk-karcag.hu\/wp-content\/uploads\/2025\/03\/02-4-434x350.jpg 434w, https:\/\/altisk-karcag.hu\/wp-content\/uploads\/2025\/03\/02-4.jpg 2048w\" sizes=\"(max-width: 1024px) 100vw, 1024px\" \/><\/a><\/figure>\n\n\n\n<figure class=\"wp-block-image size-large is-style-default\"><a href=\"https:\/\/altisk-karcag.hu\/wp-content\/uploads\/2025\/03\/01-4.jpg\"><img decoding=\"async\" loading=\"lazy\" width=\"1024\" height=\"768\" data-id=\"3420\" src=\"https:\/\/altisk-karcag.hu\/wp-content\/uploads\/2025\/03\/01-4-1024x768.jpg\" alt=\"\" class=\"wp-image-3420\" srcset=\"https:\/\/altisk-karcag.hu\/wp-content\/uploads\/2025\/03\/01-4-1024x768.jpg 1024w, https:\/\/altisk-karcag.hu\/wp-content\/uploads\/2025\/03\/01-4-300x225.jpg 300w, https:\/\/altisk-karcag.hu\/wp-content\/uploads\/2025\/03\/01-4-768x576.jpg 768w, https:\/\/altisk-karcag.hu\/wp-content\/uploads\/2025\/03\/01-4-1536x1152.jpg 1536w, https:\/\/altisk-karcag.hu\/wp-content\/uploads\/2025\/03\/01-4-467x350.jpg 467w, https:\/\/altisk-karcag.hu\/wp-content\/uploads\/2025\/03\/01-4.jpg 2048w\" sizes=\"(max-width: 1024px) 100vw, 1024px\" \/><\/a><\/figure>\n<\/figure>\n","protected":false},"excerpt":{"rendered":"<p>Iskol\u00e1nk m\u00e9lt\u00f3k\u00e9ppen eml\u00e9kezett meg az 1848-49-es forradalom \u00e9s szabads\u00e1gharc h\u0151seir\u0151l \u00e9s esem\u00e9nyeir\u0151l. A 6. oszt\u00e1lyos tanul\u00f3k m\u0171sorukban felid\u00e9zt\u00e9k a szabads\u00e1gharc szellem\u00e9t, a forradalom b\u00e1tor \u00e9s elk\u00f6telezett szerepl\u0151it, akik az akkoriban szikr\u00e1z\u00f3 rem\u00e9nys\u00e9get \u00e9s az \u00f6sszetartoz\u00e1s \u00e9rz\u00e9s\u00e9t hozt\u00e1k el a nemzetnek.K\u00f6sz\u00f6net, Nagy \u00c9va tan\u00e1rn\u0151nek a felk\u00e9sz\u00edt\u0151 munk\u00e1j\u00e1\u00e9rt, Sz\u0151ke K\u00e1roly tan\u00e1r\u00farnak a &hellip;<\/p>\n","protected":false},"author":1,"featured_media":3420,"comment_status":"closed","ping_status":"closed","sticky":false,"template":"","format":"standard","meta":{"footnotes":""},"categories":[9,10],"tags":[],"_links":{"self":[{"href":"https:\/\/altisk-karcag.hu\/index.php?rest_route=\/wp\/v2\/posts\/3415"}],"collection":[{"href":"https:\/\/altisk-karcag.hu\/index.php?rest_route=\/wp\/v2\/posts"}],"about":[{"href":"https:\/\/altisk-karcag.hu\/index.php?rest_route=\/wp\/v2\/types\/post"}],"author":[{"embeddable":true,"href":"https:\/\/altisk-karcag.hu\/index.php?rest_route=\/wp\/v2\/users\/1"}],"replies":[{"embeddable":true,"href":"https:\/\/altisk-karcag.hu\/index.php?rest_route=%2Fwp%2Fv2%2Fcomments&post=3415"}],"version-history":[{"count":1,"href":"https:\/\/altisk-karcag.hu\/index.php?rest_route=\/wp\/v2\/posts\/3415\/revisions"}],"predecessor-version":[{"id":3424,"href":"https:\/\/altisk-karcag.hu\/index.php?rest_route=\/wp\/v2\/posts\/3415\/revisions\/3424"}],"wp:featuredmedia":[{"embeddable":true,"href":"https:\/\/altisk-karcag.hu\/index.php?rest_route=\/wp\/v2\/media\/3420"}],"wp:attachment":[{"href":"https:\/\/altisk-karcag.hu\/index.php?rest_route=%2Fwp%2Fv2%2Fmedia&parent=3415"}],"wp:term":[{"taxonomy":"category","embeddable":true,"href":"https:\/\/altisk-karcag.hu\/index.php?rest_route=%2Fwp%2Fv2%2Fcategories&post=3415"},{"taxonomy":"post_tag","embeddable":true,"href":"https:\/\/altisk-karcag.hu\/index.php?rest_route=%2Fwp%2Fv2%2Ftags&post=3415"}],"curies":[{"name":"wp","href":"https:\/\/api.w.org\/{rel}","templated":true}]}}